{"id":1003,"date":"2021-01-01T10:00:00","date_gmt":"2021-01-01T10:00:00","guid":{"rendered":"https:\/\/www.paroquia-damaia.pt\/old\/?p=1003"},"modified":"2021-01-04T21:24:19","modified_gmt":"2021-01-04T21:24:19","slug":"um-feliz-ano-2021","status":"publish","type":"post","link":"https:\/\/www.paroquia-damaia.pt\/old\/um-feliz-ano-2021\/","title":{"rendered":"Um Feliz Ano 2021"},"content":{"rendered":"\n\n\n<p class=\"has-text-align-center\"><strong>Caros Paroquianos,<\/strong><\/p>\n\n\n\n<p class=\"has-text-align-center\"><strong>Neste Ano Novo que iniciamos<\/strong><\/p>\n\n\n\n<p><\/p>\n\n\n\n<p class=\"has-text-align-center\"><strong>\u201c<em>O SENHOR te aben\u00e7oe e te guarde!<\/em><\/strong><\/p>\n\n\n\n<p class=\"has-text-align-center\"><em><strong>O SENHOR fa\u00e7a brilhar sobre ti a sua face e te favore\u00e7a.<\/strong><\/em><\/p>\n\n\n\n<p class=\"has-text-align-center\"><strong><em>O SENHOR volte para ti a sua face e te d\u00ea a paz<\/em>\u201d.<\/strong><\/p>\n\n\n\n<p class=\"has-text-align-center\">&nbsp;&nbsp;&nbsp;&nbsp;&nbsp;&nbsp;&nbsp;&nbsp;&nbsp;&nbsp;&nbsp;&nbsp;&nbsp;&nbsp;&nbsp;&nbsp;&nbsp;&nbsp;&nbsp;&nbsp;&nbsp;&nbsp;&nbsp;&nbsp;&nbsp;&nbsp;&nbsp;&nbsp;&nbsp;&nbsp;&nbsp;&nbsp;&nbsp;&nbsp;&nbsp;&nbsp;&nbsp;&nbsp;&nbsp;&nbsp;&nbsp;&nbsp;&nbsp;&nbsp;&nbsp;&nbsp;&nbsp; (Nm 6,24-26)<\/p>\n\n\n\n<p><\/p>\n\n\n\n<p><\/p>\n\n\n\n<p class=\"has-text-align-center\">Pe. Crist\u00f3v\u00e3o<\/p>\n\n\n\n<p class=\"has-text-align-center\">Pe. Marinho<\/p>\n\n\n\n<p class=\"has-text-align-center\">Di\u00e1c. Jo\u00e3o<\/p>\n\n\n\n<p class=\"has-text-align-center\">Di\u00e1c. Paulo<\/p>\n\n\n\n<p class=\"has-text-align-center\">Conselho Pastoral Paroquial<\/p>\n\n\n\n<div class=\"wp-block-image\"><figure class=\"aligncenter size-large is-resized\"><a href=\"https:\/\/www.paroquia-damaia.pt\/old\/wp-content\/uploads\/2020\/11\/indice.png\"><img loading=\"lazy\" decoding=\"async\" src=\"https:\/\/www.paroquia-damaia.pt\/old\/wp-content\/uploads\/2020\/11\/indice.png\" alt=\"\" class=\"wp-image-764\" width=\"75\" height=\"87\"\/><\/a><\/figure><\/div>\n\n\n\n<p><\/p>\n","protected":false},"excerpt":{"rendered":"<p>Caros Paroquianos, Neste Ano Novo que iniciamos \u201cO SENHOR te aben\u00e7oe e te guarde! O SENHOR fa\u00e7a brilhar sobre ti a sua face e te favore\u00e7a. O SENHOR volte para ti a sua face e te d\u00ea a paz\u201d. &nbsp;&nbsp;&nbsp;&nbsp;&nbsp;&nbsp;&nbsp;&nbsp;&nbsp;&nbsp;&nbsp;&nbsp;&nbsp;&nbsp;&nbsp;&nbsp;&nbsp;&nbsp;&nbsp;&nbsp;&nbsp;&nbsp;&nbsp;&nbsp;&nbsp;&nbsp;&nbsp;&nbsp;&nbsp;&nbsp;&nbsp;&nbsp;&nbsp;&nbsp;&nbsp;&nbsp;&nbsp;&nbsp;&nbsp;&nbsp;&nbsp;&nbsp;&nbsp;&nbsp;&nbsp;&nbsp;&nbsp; (Nm 6,24-26) Pe. Crist\u00f3v\u00e3o Pe. Marinho Di\u00e1c. Jo\u00e3o Di\u00e1c. Paulo Conselho Pastoral Paroquial<\/p>\n","protected":false},"author":5,"featured_media":1005,"comment_status":"closed","ping_status":"open","sticky":false,"template":"","format":"standard","meta":{"footnotes":""},"categories":[3],"tags":[],"class_list":["post-1003","post","type-post","status-publish","format-standard","has-post-thumbnail","hentry","category-catequese","entry"],"_links":{"self":[{"href":"https:\/\/www.paroquia-damaia.pt\/old\/wp-json\/wp\/v2\/posts\/1003","targetHints":{"allow":["GET"]}}],"collection":[{"href":"https:\/\/www.paroquia-damaia.pt\/old\/wp-json\/wp\/v2\/posts"}],"about":[{"href":"https:\/\/www.paroquia-damaia.pt\/old\/wp-json\/wp\/v2\/types\/post"}],"author":[{"embeddable":true,"href":"https:\/\/www.paroquia-damaia.pt\/old\/wp-json\/wp\/v2\/users\/5"}],"replies":[{"embeddable":true,"href":"https:\/\/www.paroquia-damaia.pt\/old\/wp-json\/wp\/v2\/comments?post=1003"}],"version-history":[{"count":2,"href":"https:\/\/www.paroquia-damaia.pt\/old\/wp-json\/wp\/v2\/posts\/1003\/revisions"}],"predecessor-version":[{"id":1007,"href":"https:\/\/www.paroquia-damaia.pt\/old\/wp-json\/wp\/v2\/posts\/1003\/revisions\/1007"}],"wp:featuredmedia":[{"embeddable":true,"href":"https:\/\/www.paroquia-damaia.pt\/old\/wp-json\/wp\/v2\/media\/1005"}],"wp:attachment":[{"href":"https:\/\/www.paroquia-damaia.pt\/old\/wp-json\/wp\/v2\/media?parent=1003"}],"wp:term":[{"taxonomy":"category","embeddable":true,"href":"https:\/\/www.paroquia-damaia.pt\/old\/wp-json\/wp\/v2\/categories?post=1003"},{"taxonomy":"post_tag","embeddable":true,"href":"https:\/\/www.paroquia-damaia.pt\/old\/wp-json\/wp\/v2\/tags?post=1003"}],"curies":[{"name":"wp","href":"https:\/\/api.w.org\/{rel}","templated":true}]}}