{"id":1008,"date":"2020-12-14T10:00:00","date_gmt":"2020-12-14T10:00:00","guid":{"rendered":"https:\/\/www.paroquia-damaia.pt\/old\/?p=1008"},"modified":"2021-01-04T21:28:20","modified_gmt":"2021-01-04T21:28:20","slug":"muito-obrigado-pela-sua-ajuda","status":"publish","type":"post","link":"https:\/\/www.paroquia-damaia.pt\/old\/muito-obrigado-pela-sua-ajuda\/","title":{"rendered":"Muito Obrigado pela sua Ajuda!"},"content":{"rendered":"\n\n\n<p>No passado fim de semana, 12 e 13 de dezembro, realizamos uma recolha de alimentos para as fam\u00edlias apoiadas pela par\u00f3quia atrav\u00e9s do grupo de Vicentinos e do grupo de volunt\u00e1rios da Despensa Comunit\u00e1ria.<br>\u00c9 com grande alegria que partilhamos convosco o cartaz com o resumo dos bens angariados. Agradecemos a todos os que colaboraram na recolha!<\/p>\n","protected":false},"excerpt":{"rendered":"<p>No passado fim de semana, 12 e 13 de dezembro, realizamos uma recolha de alimentos para as fam\u00edlias apoiadas pela par\u00f3quia atrav\u00e9s do grupo de Vicentinos e do grupo de volunt\u00e1rios da Despensa Comunit\u00e1ria.\u00c9 com grande alegria que partilhamos convosco o cartaz com o resumo dos bens angariados. Agradecemos a todos os que colaboraram na<a class=\"more-link\" href=\"https:\/\/www.paroquia-damaia.pt\/old\/muito-obrigado-pela-sua-ajuda\/\">Continuar lendo <span class=\"screen-reader-text\">&#8220;Muito Obrigado pela sua Ajuda!&#8221;<\/span><\/a><\/p>\n","protected":false},"author":1,"featured_media":939,"comment_status":"closed","ping_status":"open","sticky":false,"template":"","format":"standard","meta":{"footnotes":""},"categories":[5],"tags":[],"class_list":["post-1008","post","type-post","status-publish","format-standard","has-post-thumbnail","hentry","category-noticias","entry"],"_links":{"self":[{"href":"https:\/\/www.paroquia-damaia.pt\/old\/wp-json\/wp\/v2\/posts\/1008","targetHints":{"allow":["GET"]}}],"collection":[{"href":"https:\/\/www.paroquia-damaia.pt\/old\/wp-json\/wp\/v2\/posts"}],"about":[{"href":"https:\/\/www.paroquia-damaia.pt\/old\/wp-json\/wp\/v2\/types\/post"}],"author":[{"embeddable":true,"href":"https:\/\/www.paroquia-damaia.pt\/old\/wp-json\/wp\/v2\/users\/1"}],"replies":[{"embeddable":true,"href":"https:\/\/www.paroquia-damaia.pt\/old\/wp-json\/wp\/v2\/comments?post=1008"}],"version-history":[{"count":1,"href":"https:\/\/www.paroquia-damaia.pt\/old\/wp-json\/wp\/v2\/posts\/1008\/revisions"}],"predecessor-version":[{"id":1009,"href":"https:\/\/www.paroquia-damaia.pt\/old\/wp-json\/wp\/v2\/posts\/1008\/revisions\/1009"}],"wp:featuredmedia":[{"embeddable":true,"href":"https:\/\/www.paroquia-damaia.pt\/old\/wp-json\/wp\/v2\/media\/939"}],"wp:attachment":[{"href":"https:\/\/www.paroquia-damaia.pt\/old\/wp-json\/wp\/v2\/media?parent=1008"}],"wp:term":[{"taxonomy":"category","embeddable":true,"href":"https:\/\/www.paroquia-damaia.pt\/old\/wp-json\/wp\/v2\/categories?post=1008"},{"taxonomy":"post_tag","embeddable":true,"href":"https:\/\/www.paroquia-damaia.pt\/old\/wp-json\/wp\/v2\/tags?post=1008"}],"curies":[{"name":"wp","href":"https:\/\/api.w.org\/{rel}","templated":true}]}}