{"id":1022,"date":"2021-01-07T21:21:44","date_gmt":"2021-01-07T21:21:44","guid":{"rendered":"https:\/\/www.paroquia-damaia.pt\/old\/?p=1022"},"modified":"2021-01-07T21:53:54","modified_gmt":"2021-01-07T21:53:54","slug":"comunicacoes-paroquiais-07-01-2021","status":"publish","type":"post","link":"https:\/\/www.paroquia-damaia.pt\/old\/comunicacoes-paroquiais-07-01-2021\/","title":{"rendered":"Comunica\u00e7\u00f5es Paroquiais &#8211; 07\/01\/2021"},"content":{"rendered":"\n\n\n<p>Caros Paroquianos<\/p>\n\n\n\n<p>Paz e Sa\u00fade<\/p>\n\n\n\n<p>Perante a quarentena da Comunidade Redentorista da Damaia e &nbsp;incid\u00eancia de casos recentes de coronav\u00edrus entre alguns paroquianos, assim como o aumento de casos &nbsp;de contamina\u00e7\u00e3o na Damaia, ap\u00f3s consultar os membros do Conselho Permanente da Par\u00f3quia e comunicar a decis\u00e3o \u00e0 Vigararia da Amadora, achamos por bem suspender as celebra\u00e7\u00f5es lit\u00fargicas, permanecendo <strong>a igreja fechada<\/strong>, assim como os servi\u00e7os da Secretaria da Par\u00f3quia e as atividades da Catequese, <strong>a partir do dia 07 de Janeiro de 2021, at\u00e9 ao dia 18 de Janeiro de 2021.&nbsp;<\/strong><\/p>\n\n\n\n<p><\/p>\n\n\n\n<p>Pedimos a vossa compreens\u00e3o.<\/p>\n\n\n\n<p>Em Cristo Redentor,<\/p>\n\n\n\n<p>Pe. Crist\u00f3v\u00e3o Dworak, CSsR \u2013 P\u00e1roco<\/p>\n\n\n\n<p>Damaia, 07 de Janeiro de 2021<\/p>\n","protected":false},"excerpt":{"rendered":"<p>Caros Paroquianos Paz e Sa\u00fade Perante a quarentena da Comunidade Redentorista da Damaia e &nbsp;incid\u00eancia de casos recentes de coronav\u00edrus entre alguns paroquianos, assim como o aumento de casos &nbsp;de contamina\u00e7\u00e3o na Damaia, ap\u00f3s consultar os membros do Conselho Permanente da Par\u00f3quia e comunicar a decis\u00e3o \u00e0 Vigararia da Amadora, achamos por bem suspender as<a class=\"more-link\" href=\"https:\/\/www.paroquia-damaia.pt\/old\/comunicacoes-paroquiais-07-01-2021\/\">Continuar lendo <span class=\"screen-reader-text\">&#8220;Comunica\u00e7\u00f5es Paroquiais &#8211; 07\/01\/2021&#8221;<\/span><\/a><\/p>\n","protected":false},"author":5,"featured_media":1023,"comment_status":"closed","ping_status":"open","sticky":false,"template":"","format":"standard","meta":{"footnotes":""},"categories":[4],"tags":[],"class_list":["post-1022","post","type-post","status-publish","format-standard","has-post-thumbnail","hentry","category-avisos-paroquiais","entry"],"_links":{"self":[{"href":"https:\/\/www.paroquia-damaia.pt\/old\/wp-json\/wp\/v2\/posts\/1022","targetHints":{"allow":["GET"]}}],"collection":[{"href":"https:\/\/www.paroquia-damaia.pt\/old\/wp-json\/wp\/v2\/posts"}],"about":[{"href":"https:\/\/www.paroquia-damaia.pt\/old\/wp-json\/wp\/v2\/types\/post"}],"author":[{"embeddable":true,"href":"https:\/\/www.paroquia-damaia.pt\/old\/wp-json\/wp\/v2\/users\/5"}],"replies":[{"embeddable":true,"href":"https:\/\/www.paroquia-damaia.pt\/old\/wp-json\/wp\/v2\/comments?post=1022"}],"version-history":[{"count":2,"href":"https:\/\/www.paroquia-damaia.pt\/old\/wp-json\/wp\/v2\/posts\/1022\/revisions"}],"predecessor-version":[{"id":1025,"href":"https:\/\/www.paroquia-damaia.pt\/old\/wp-json\/wp\/v2\/posts\/1022\/revisions\/1025"}],"wp:featuredmedia":[{"embeddable":true,"href":"https:\/\/www.paroquia-damaia.pt\/old\/wp-json\/wp\/v2\/media\/1023"}],"wp:attachment":[{"href":"https:\/\/www.paroquia-damaia.pt\/old\/wp-json\/wp\/v2\/media?parent=1022"}],"wp:term":[{"taxonomy":"category","embeddable":true,"href":"https:\/\/www.paroquia-damaia.pt\/old\/wp-json\/wp\/v2\/categories?post=1022"},{"taxonomy":"post_tag","embeddable":true,"href":"https:\/\/www.paroquia-damaia.pt\/old\/wp-json\/wp\/v2\/tags?post=1022"}],"curies":[{"name":"wp","href":"https:\/\/api.w.org\/{rel}","templated":true}]}}