{"id":1069,"date":"2021-01-21T17:30:38","date_gmt":"2021-01-21T17:30:38","guid":{"rendered":"https:\/\/www.paroquia-damaia.pt\/old\/?p=1069"},"modified":"2021-01-21T17:33:06","modified_gmt":"2021-01-21T17:33:06","slug":"comunicacoes-paroquiais-21-01-2021","status":"publish","type":"post","link":"https:\/\/www.paroquia-damaia.pt\/old\/comunicacoes-paroquiais-21-01-2021\/","title":{"rendered":"Comunica\u00e7\u00f5es Paroquiais -21\/01\/2021"},"content":{"rendered":"<nav style=\"font-size:17;\" class=\"has-background has-background-light-background-color is-responsive alignfull wp-block-navigation is-layout-flex wp-block-navigation-is-layout-flex\" aria-label=\"\" \n\t\t data-wp-interactive=\"core\/navigation\" data-wp-context='{\"overlayOpenedBy\":{\"click\":false,\"hover\":false,\"focus\":false},\"type\":\"overlay\",\"roleAttribute\":\"\",\"ariaLabel\":\"Menu\"}'><button aria-haspopup=\"dialog\" aria-label=\"Abrir menu\" class=\"wp-block-navigation__responsive-container-open \" \n\t\t\t\tdata-wp-on-async--click=\"actions.openMenuOnClick\"\n\t\t\t\tdata-wp-on--keydown=\"actions.handleMenuKeydown\"\n\t\t\t><svg width=\"24\" height=\"24\" xmlns=\"http:\/\/www.w3.org\/2000\/svg\" viewBox=\"0 0 24 24\" aria-hidden=\"true\" focusable=\"false\"><rect x=\"4\" y=\"7.5\" width=\"16\" height=\"1.5\" \/><rect x=\"4\" y=\"15\" width=\"16\" height=\"1.5\" \/><\/svg><\/button>\n\t\t\t\t<div class=\"wp-block-navigation__responsive-container  \"  id=\"modal-1\" \n\t\t\t\tdata-wp-class--has-modal-open=\"state.isMenuOpen\"\n\t\t\t\tdata-wp-class--is-menu-open=\"state.isMenuOpen\"\n\t\t\t\tdata-wp-watch=\"callbacks.initMenu\"\n\t\t\t\tdata-wp-on--keydown=\"actions.handleMenuKeydown\"\n\t\t\t\tdata-wp-on-async--focusout=\"actions.handleMenuFocusout\"\n\t\t\t\ttabindex=\"-1\"\n\t\t\t>\n\t\t\t\t\t<div class=\"wp-block-navigation__responsive-close\" tabindex=\"-1\">\n\t\t\t\t\t\t<div class=\"wp-block-navigation__responsive-dialog\" \n\t\t\t\tdata-wp-bind--aria-modal=\"state.ariaModal\"\n\t\t\t\tdata-wp-bind--aria-label=\"state.ariaLabel\"\n\t\t\t\tdata-wp-bind--role=\"state.roleAttribute\"\n\t\t\t>\n\t\t\t\t\t\t\t<button aria-label=\"Fechar menu\" class=\"wp-block-navigation__responsive-container-close\" \n\t\t\t\tdata-wp-on-async--click=\"actions.closeMenuOnClick\"\n\t\t\t><svg xmlns=\"http:\/\/www.w3.org\/2000\/svg\" viewBox=\"0 0 24 24\" width=\"24\" height=\"24\" aria-hidden=\"true\" focusable=\"false\"><path d=\"m13.06 12 6.47-6.47-1.06-1.06L12 10.94 5.53 4.47 4.47 5.53 10.94 12l-6.47 6.47 1.06 1.06L12 13.06l6.47 6.47 1.06-1.06L13.06 12Z\"><\/path><\/svg><\/button>\n\t\t\t\t\t\t\t<div class=\"wp-block-navigation__responsive-container-content\" \n\t\t\t\tdata-wp-watch=\"callbacks.focusFirstElement\"\n\t\t\t id=\"modal-1-content\">\n\t\t\t\t\t\t\t\t<ul style=\"font-size:17;\" class=\"wp-block-navigation__container has-background has-background-light-background-color is-responsive alignfull wp-block-navigation\"><li style=\"font-size: 17;\" class=\" wp-block-navigation-item wp-block-navigation-link\"><a class=\"wp-block-navigation-item__content\"  href=\"https:\/\/www.paroquia-damaia.pt\/old\/\"><span class=\"wp-block-navigation-item__label\">In\u00edcio<\/span><\/a><\/li><li style=\"font-size: 17;\" class=\" wp-block-navigation-item has-child wp-block-navigation-link\"><a class=\"wp-block-navigation-item__content\"  href=\"https:\/\/www.paroquia-damaia.pt\/old\/index.php\/acolhimento\/\"><span class=\"wp-block-navigation-item__label\">A Par\u00f3quia<\/span><\/a><span class=\"wp-block-navigation__submenu-icon\"><svg xmlns=\"http:\/\/www.w3.org\/2000\/svg\" width=\"12\" height=\"12\" viewBox=\"0 0 12 12\" fill=\"none\" aria-hidden=\"true\" focusable=\"false\"><path d=\"M1.50002 4L6.00002 8L10.5 4\" stroke-width=\"1.5\"><\/path><\/svg><\/span><ul class=\"wp-block-navigation__submenu-container\"><li style=\"font-size: 17;\" class=\" wp-block-navigation-item wp-block-navigation-link\"><a class=\"wp-block-navigation-item__content\"  href=\"https:\/\/www.paroquia-damaia.pt\/old\/index.php\/acolhimento\/\"><span class=\"wp-block-navigation-item__label\">Acolhimento<\/span><\/a><\/li><li style=\"font-size: 17;\" class=\" wp-block-navigation-item wp-block-navigation-link\"><a class=\"wp-block-navigation-item__content\"  href=\"https:\/\/www.paroquia-damaia.pt\/old\/index.php\/o-paroco-vigario-e-diaconos-da-comunidade\/\"><span class=\"wp-block-navigation-item__label\">O P\u00e1roco, Vig\u00e1rio e Di\u00e1conos da Comunidade<\/span><\/a><\/li><li style=\"font-size: 17;\" class=\" wp-block-navigation-item wp-block-navigation-link\"><a class=\"wp-block-navigation-item__content\"  href=\"https:\/\/www.paroquia-damaia.pt\/old\/index.php\/a-nossa-historia\/\"><span class=\"wp-block-navigation-item__label\">A Nossa Hist\u00f3ria<\/span><\/a><\/li><\/ul><\/li><li style=\"font-size: 17;\" class=\" wp-block-navigation-item has-child wp-block-navigation-link\"><a class=\"wp-block-navigation-item__content\"  href=\"https:\/\/www.paroquia-damaia.pt\/old\/index.php\/catequese\/\"><span class=\"wp-block-navigation-item__label\">Evangeliza\u00e7\u00e3o<\/span><\/a><span class=\"wp-block-navigation__submenu-icon\"><svg xmlns=\"http:\/\/www.w3.org\/2000\/svg\" width=\"12\" height=\"12\" viewBox=\"0 0 12 12\" fill=\"none\" aria-hidden=\"true\" focusable=\"false\"><path d=\"M1.50002 4L6.00002 8L10.5 4\" stroke-width=\"1.5\"><\/path><\/svg><\/span><ul class=\"wp-block-navigation__submenu-container\"><li style=\"font-size: 17;\" class=\" wp-block-navigation-item wp-block-navigation-link\"><a class=\"wp-block-navigation-item__content\"  href=\"https:\/\/www.paroquia-damaia.pt\/old\/index.php\/catequese\/\"><span class=\"wp-block-navigation-item__label\">Catequese<\/span><\/a><\/li><li style=\"font-size: 17;\" class=\" wp-block-navigation-item wp-block-navigation-link\"><a class=\"wp-block-navigation-item__content\"  href=\"https:\/\/www.paroquia-damaia.pt\/old\/index.php\/grupo-de-jovens\/\"><span class=\"wp-block-navigation-item__label\">Pastoral Juvenil<\/span><\/a><\/li><li style=\"font-size: 17;\" class=\" wp-block-navigation-item wp-block-navigation-link\"><a class=\"wp-block-navigation-item__content\"  href=\"https:\/\/www.paroquia-damaia.pt\/old\/damaia-a-caminho\/\"><span class=\"wp-block-navigation-item__label\">Damaia a Caminho<\/span><\/a><\/li><li style=\"font-size: 17;\" class=\" wp-block-navigation-item wp-block-navigation-link\"><a class=\"wp-block-navigation-item__content\"  href=\"https:\/\/www.paroquia-damaia.pt\/old\/catequese-adultos\/\"><span class=\"wp-block-navigation-item__label\">Catequese Adultos<\/span><\/a><\/li><li style=\"font-size: 17;\" class=\" wp-block-navigation-item wp-block-navigation-link\"><a class=\"wp-block-navigation-item__content\"  href=\"https:\/\/www.paroquia-damaia.pt\/old\/index.php\/escuteiros-255-damaia\/\"><span class=\"wp-block-navigation-item__label\">Escuteiros 255-Damaia<\/span><\/a><\/li><li style=\"font-size: 17;\" class=\" wp-block-navigation-item wp-block-navigation-link\"><a class=\"wp-block-navigation-item__content\"  href=\"https:\/\/www.paroquia-damaia.pt\/old\/index.php\/encontros-de-preparacao-batismo-e-encontros-de-preparacao-matrimonio\/\"><span class=\"wp-block-navigation-item__label\">Encontros de Prepara\u00e7\u00e3o Batismo e Matrim\u00f3nio<\/span><\/a><\/li><li style=\"font-size: 17;\" class=\" wp-block-navigation-item wp-block-navigation-link\"><a class=\"wp-block-navigation-item__content\"  href=\"https:\/\/www.paroquia-damaia.pt\/old\/index.php\/grupos-de-reflexao\/\"><span class=\"wp-block-navigation-item__label\">Jornadas de Estudo B\u00edblico<\/span><\/a><\/li><\/ul><\/li><li style=\"font-size: 17;\" class=\" wp-block-navigation-item has-child wp-block-navigation-link\"><a class=\"wp-block-navigation-item__content\"  href=\"https:\/\/www.paroquia-damaia.pt\/old\/index.php\/missas\/\"><span class=\"wp-block-navigation-item__label\">Missas e Celebra\u00e7\u00f5es<\/span><\/a><span class=\"wp-block-navigation__submenu-icon\"><svg xmlns=\"http:\/\/www.w3.org\/2000\/svg\" width=\"12\" height=\"12\" viewBox=\"0 0 12 12\" fill=\"none\" aria-hidden=\"true\" focusable=\"false\"><path d=\"M1.50002 4L6.00002 8L10.5 4\" stroke-width=\"1.5\"><\/path><\/svg><\/span><ul class=\"wp-block-navigation__submenu-container\"><li style=\"font-size: 17;\" class=\" wp-block-navigation-item wp-block-navigation-link\"><a class=\"wp-block-navigation-item__content\"  href=\"https:\/\/www.paroquia-damaia.pt\/old\/index.php\/missas\/\"><span class=\"wp-block-navigation-item__label\">Celebra\u00e7\u00f5es<\/span><\/a><\/li><li style=\"font-size: 17;\" class=\" wp-block-navigation-item wp-block-navigation-link\"><a class=\"wp-block-navigation-item__content\"  href=\"https:\/\/www.paroquia-damaia.pt\/old\/index.php\/pastoral-liturgica\/\"><span class=\"wp-block-navigation-item__label\">Pastoral Lit\u00fargica<\/span><\/a><\/li><\/ul><\/li><li style=\"font-size: 17;\" class=\" wp-block-navigation-item wp-block-navigation-link\"><a class=\"wp-block-navigation-item__content\"  href=\"https:\/\/www.paroquia-damaia.pt\/old\/index.php\/caridade\/\"><span class=\"wp-block-navigation-item__label\">Caridade<\/span><\/a><\/li><li style=\"font-size: 17;\" class=\" wp-block-navigation-item wp-block-navigation-link\"><a class=\"wp-block-navigation-item__content\"  href=\"https:\/\/www.paroquia-damaia.pt\/old\/index.php\/secretaria-paroquial\/\"><span class=\"wp-block-navigation-item__label\">Secretaria Paroquial<\/span><\/a><\/li><\/ul>\n\t\t\t\t\t\t\t<\/div>\n\t\t\t\t\t\t<\/div>\n\t\t\t\t\t<\/div>\n\t\t\t\t<\/div><\/nav>\n\n\n<p><\/p>\n\n\n\n<p>Caros Paroquianos,<\/p>\n\n\n\n<p>Paz e sa\u00fade<\/p>\n\n\n\n<p><\/p>\n\n\n\n<div class=\"wp-block-group\"><div class=\"wp-block-group__inner-container is-layout-flow wp-block-group-is-layout-flow\">\n<blockquote class=\"wp-block-quote has-text-align-center is-style-large is-layout-flow wp-block-quote-is-layout-flow\"><p><em>\u201cN\u00e3o h\u00e1 maior riqueza que a sa\u00fade do corpo, nem o bem maior do que a alegria do cora\u00e7\u00e3o\u201d<\/em><\/p><cite>(Sir 30,16)<\/cite><\/blockquote>\n\n\n\n<hr class=\"wp-block-separator is-style-dots\"\/>\n<\/div><\/div>\n\n\n\n<p>Acolhendo as determina\u00e7\u00f5es da Confer\u00eancia Episcopal Portuguesa vimos comunicar a todos os paroquianos que a partir do dia 23 de janeiro de 2021 (s\u00e1bado), as celebra\u00e7\u00f5es \u201cp\u00fablicas\u201d da Eucaristia e as catequeses presenciais ser\u00e3o suspensas, at\u00e9 novas orienta\u00e7\u00f5es. O atendimento da Secretaria poder\u00e1 ser feito pelo e-mail: <a href=\"mailto:secretaria@paroquia-damaia.pt\">secretaria@paroquia-damaia.pt<\/a>, ou pelo telefone: <a href=\"tel:214971540\">214 971&nbsp;540<\/a>, na <strong>3\u00aa<\/strong>; <strong>5\u00aa<\/strong> e <strong>6\u00aa<\/strong> <strong>Feiras<\/strong>, no hor\u00e1rio das <strong>16h30<\/strong> \u00e0s <strong>19h<\/strong>.<\/p>\n\n\n\n<p>Leia tamb\u00e9m na \u00edntegra o Comunicado da Confer\u00eancia Episcopal Portuguesa: <a href=\"https:\/\/www.paroquia-damaia.pt\/old\/2021\/01\/comunicado-da-conferencia-episcopal-portuguesa\/\" data-type=\"URL\" data-id=\"https:\/\/www.paroquia-damaia.pt\/old\/2021\/01\/comunicado-da-conferencia-episcopal-portuguesa\/\">Aqui<\/a><\/p>\n\n\n\n<p><\/p>\n\n\n\n<p>Agradecemos pela compreens\u00e3o,<\/p>\n\n\n\n<p>Em Cristo Redentor,<\/p>\n\n\n\n<p>Pe. Crist\u00f3v\u00e3o Dworak, CSsR &#8211; P\u00e1roco<\/p>\n","protected":false},"excerpt":{"rendered":"<p>Caros Paroquianos, Paz e sa\u00fade \u201cN\u00e3o h\u00e1 maior riqueza que a sa\u00fade do corpo, nem o bem maior do que a alegria do cora\u00e7\u00e3o\u201d (Sir 30,16) Acolhendo as determina\u00e7\u00f5es da Confer\u00eancia Episcopal Portuguesa vimos comunicar a todos os paroquianos que a partir do dia 23 de janeiro de 2021 (s\u00e1bado), as celebra\u00e7\u00f5es \u201cp\u00fablicas\u201d da Eucaristia<a class=\"more-link\" href=\"https:\/\/www.paroquia-damaia.pt\/old\/comunicacoes-paroquiais-21-01-2021\/\">Continuar lendo <span class=\"screen-reader-text\">&#8220;Comunica\u00e7\u00f5es Paroquiais -21\/01\/2021&#8221;<\/span><\/a><\/p>\n","protected":false},"author":5,"featured_media":1072,"comment_status":"closed","ping_status":"open","sticky":false,"template":"","format":"standard","meta":{"footnotes":""},"categories":[4],"tags":[],"class_list":["post-1069","post","type-post","status-publish","format-standard","has-post-thumbnail","hentry","category-avisos-paroquiais","entry"],"_links":{"self":[{"href":"https:\/\/www.paroquia-damaia.pt\/old\/wp-json\/wp\/v2\/posts\/1069","targetHints":{"allow":["GET"]}}],"collection":[{"href":"https:\/\/www.paroquia-damaia.pt\/old\/wp-json\/wp\/v2\/posts"}],"about":[{"href":"https:\/\/www.paroquia-damaia.pt\/old\/wp-json\/wp\/v2\/types\/post"}],"author":[{"embeddable":true,"href":"https:\/\/www.paroquia-damaia.pt\/old\/wp-json\/wp\/v2\/users\/5"}],"replies":[{"embeddable":true,"href":"https:\/\/www.paroquia-damaia.pt\/old\/wp-json\/wp\/v2\/comments?post=1069"}],"version-history":[{"count":1,"href":"https:\/\/www.paroquia-damaia.pt\/old\/wp-json\/wp\/v2\/posts\/1069\/revisions"}],"predecessor-version":[{"id":1071,"href":"https:\/\/www.paroquia-damaia.pt\/old\/wp-json\/wp\/v2\/posts\/1069\/revisions\/1071"}],"wp:featuredmedia":[{"embeddable":true,"href":"https:\/\/www.paroquia-damaia.pt\/old\/wp-json\/wp\/v2\/media\/1072"}],"wp:attachment":[{"href":"https:\/\/www.paroquia-damaia.pt\/old\/wp-json\/wp\/v2\/media?parent=1069"}],"wp:term":[{"taxonomy":"category","embeddable":true,"href":"https:\/\/www.paroquia-damaia.pt\/old\/wp-json\/wp\/v2\/categories?post=1069"},{"taxonomy":"post_tag","embeddable":true,"href":"https:\/\/www.paroquia-damaia.pt\/old\/wp-json\/wp\/v2\/tags?post=1069"}],"curies":[{"name":"wp","href":"https:\/\/api.w.org\/{rel}","templated":true}]}}