{"id":1080,"date":"2021-01-27T10:18:00","date_gmt":"2021-01-27T10:18:00","guid":{"rendered":"https:\/\/www.paroquia-damaia.pt\/old\/?p=1080"},"modified":"2021-01-26T19:23:33","modified_gmt":"2021-01-26T19:23:33","slug":"oracao-a-nossa-senhora-do-perpetuo-socorro","status":"publish","type":"post","link":"https:\/\/www.paroquia-damaia.pt\/old\/oracao-a-nossa-senhora-do-perpetuo-socorro\/","title":{"rendered":"Ora\u00e7\u00e3o \u00e0 Nossa Senhora do Perp\u00e9tuo Socorro"},"content":{"rendered":"<nav style=\"font-size:17;\" class=\"has-background has-background-light-background-color is-responsive alignfull wp-block-navigation is-layout-flex wp-block-navigation-is-layout-flex\" aria-label=\"\" \n\t\t data-wp-interactive=\"core\/navigation\" data-wp-context='{\"overlayOpenedBy\":{\"click\":false,\"hover\":false,\"focus\":false},\"type\":\"overlay\",\"roleAttribute\":\"\",\"ariaLabel\":\"Menu\"}'><button aria-haspopup=\"dialog\" aria-label=\"Abrir menu\" class=\"wp-block-navigation__responsive-container-open \" \n\t\t\t\tdata-wp-on-async--click=\"actions.openMenuOnClick\"\n\t\t\t\tdata-wp-on--keydown=\"actions.handleMenuKeydown\"\n\t\t\t><svg width=\"24\" height=\"24\" xmlns=\"http:\/\/www.w3.org\/2000\/svg\" viewBox=\"0 0 24 24\" aria-hidden=\"true\" focusable=\"false\"><rect x=\"4\" y=\"7.5\" width=\"16\" height=\"1.5\" \/><rect x=\"4\" y=\"15\" width=\"16\" height=\"1.5\" \/><\/svg><\/button>\n\t\t\t\t<div class=\"wp-block-navigation__responsive-container  \"  id=\"modal-1\" \n\t\t\t\tdata-wp-class--has-modal-open=\"state.isMenuOpen\"\n\t\t\t\tdata-wp-class--is-menu-open=\"state.isMenuOpen\"\n\t\t\t\tdata-wp-watch=\"callbacks.initMenu\"\n\t\t\t\tdata-wp-on--keydown=\"actions.handleMenuKeydown\"\n\t\t\t\tdata-wp-on-async--focusout=\"actions.handleMenuFocusout\"\n\t\t\t\ttabindex=\"-1\"\n\t\t\t>\n\t\t\t\t\t<div class=\"wp-block-navigation__responsive-close\" tabindex=\"-1\">\n\t\t\t\t\t\t<div class=\"wp-block-navigation__responsive-dialog\" \n\t\t\t\tdata-wp-bind--aria-modal=\"state.ariaModal\"\n\t\t\t\tdata-wp-bind--aria-label=\"state.ariaLabel\"\n\t\t\t\tdata-wp-bind--role=\"state.roleAttribute\"\n\t\t\t>\n\t\t\t\t\t\t\t<button aria-label=\"Fechar menu\" class=\"wp-block-navigation__responsive-container-close\" \n\t\t\t\tdata-wp-on-async--click=\"actions.closeMenuOnClick\"\n\t\t\t><svg xmlns=\"http:\/\/www.w3.org\/2000\/svg\" viewBox=\"0 0 24 24\" width=\"24\" height=\"24\" aria-hidden=\"true\" focusable=\"false\"><path d=\"m13.06 12 6.47-6.47-1.06-1.06L12 10.94 5.53 4.47 4.47 5.53 10.94 12l-6.47 6.47 1.06 1.06L12 13.06l6.47 6.47 1.06-1.06L13.06 12Z\"><\/path><\/svg><\/button>\n\t\t\t\t\t\t\t<div class=\"wp-block-navigation__responsive-container-content\" \n\t\t\t\tdata-wp-watch=\"callbacks.focusFirstElement\"\n\t\t\t id=\"modal-1-content\">\n\t\t\t\t\t\t\t\t<ul style=\"font-size:17;\" class=\"wp-block-navigation__container has-background has-background-light-background-color is-responsive alignfull wp-block-navigation\"><li style=\"font-size: 17;\" class=\" wp-block-navigation-item wp-block-navigation-link\"><a class=\"wp-block-navigation-item__content\"  href=\"https:\/\/www.paroquia-damaia.pt\/old\/\"><span class=\"wp-block-navigation-item__label\">In\u00edcio<\/span><\/a><\/li><li style=\"font-size: 17;\" class=\" wp-block-navigation-item has-child wp-block-navigation-link\"><a class=\"wp-block-navigation-item__content\"  href=\"https:\/\/www.paroquia-damaia.pt\/old\/index.php\/acolhimento\/\"><span class=\"wp-block-navigation-item__label\">A Par\u00f3quia<\/span><\/a><span class=\"wp-block-navigation__submenu-icon\"><svg xmlns=\"http:\/\/www.w3.org\/2000\/svg\" width=\"12\" height=\"12\" viewBox=\"0 0 12 12\" fill=\"none\" aria-hidden=\"true\" focusable=\"false\"><path d=\"M1.50002 4L6.00002 8L10.5 4\" stroke-width=\"1.5\"><\/path><\/svg><\/span><ul class=\"wp-block-navigation__submenu-container\"><li style=\"font-size: 17;\" class=\" wp-block-navigation-item wp-block-navigation-link\"><a class=\"wp-block-navigation-item__content\"  href=\"https:\/\/www.paroquia-damaia.pt\/old\/index.php\/acolhimento\/\"><span class=\"wp-block-navigation-item__label\">Acolhimento<\/span><\/a><\/li><li style=\"font-size: 17;\" class=\" wp-block-navigation-item wp-block-navigation-link\"><a class=\"wp-block-navigation-item__content\"  href=\"https:\/\/www.paroquia-damaia.pt\/old\/index.php\/o-paroco-vigario-e-diaconos-da-comunidade\/\"><span class=\"wp-block-navigation-item__label\">O P\u00e1roco, Vig\u00e1rio e Di\u00e1conos da Comunidade<\/span><\/a><\/li><li style=\"font-size: 17;\" class=\" wp-block-navigation-item wp-block-navigation-link\"><a class=\"wp-block-navigation-item__content\"  href=\"https:\/\/www.paroquia-damaia.pt\/old\/index.php\/a-nossa-historia\/\"><span class=\"wp-block-navigation-item__label\">A Nossa Hist\u00f3ria<\/span><\/a><\/li><\/ul><\/li><li style=\"font-size: 17;\" class=\" wp-block-navigation-item has-child wp-block-navigation-link\"><a class=\"wp-block-navigation-item__content\"  href=\"https:\/\/www.paroquia-damaia.pt\/old\/index.php\/catequese\/\"><span class=\"wp-block-navigation-item__label\">Evangeliza\u00e7\u00e3o<\/span><\/a><span class=\"wp-block-navigation__submenu-icon\"><svg xmlns=\"http:\/\/www.w3.org\/2000\/svg\" width=\"12\" height=\"12\" viewBox=\"0 0 12 12\" fill=\"none\" aria-hidden=\"true\" focusable=\"false\"><path d=\"M1.50002 4L6.00002 8L10.5 4\" stroke-width=\"1.5\"><\/path><\/svg><\/span><ul class=\"wp-block-navigation__submenu-container\"><li style=\"font-size: 17;\" class=\" wp-block-navigation-item wp-block-navigation-link\"><a class=\"wp-block-navigation-item__content\"  href=\"https:\/\/www.paroquia-damaia.pt\/old\/index.php\/catequese\/\"><span class=\"wp-block-navigation-item__label\">Catequese<\/span><\/a><\/li><li style=\"font-size: 17;\" class=\" wp-block-navigation-item wp-block-navigation-link\"><a class=\"wp-block-navigation-item__content\"  href=\"https:\/\/www.paroquia-damaia.pt\/old\/index.php\/grupo-de-jovens\/\"><span class=\"wp-block-navigation-item__label\">Pastoral Juvenil<\/span><\/a><\/li><li style=\"font-size: 17;\" class=\" wp-block-navigation-item wp-block-navigation-link\"><a class=\"wp-block-navigation-item__content\"  href=\"https:\/\/www.paroquia-damaia.pt\/old\/damaia-a-caminho\/\"><span class=\"wp-block-navigation-item__label\">Damaia a Caminho<\/span><\/a><\/li><li style=\"font-size: 17;\" class=\" wp-block-navigation-item wp-block-navigation-link\"><a class=\"wp-block-navigation-item__content\"  href=\"https:\/\/www.paroquia-damaia.pt\/old\/catequese-adultos\/\"><span class=\"wp-block-navigation-item__label\">Catequese Adultos<\/span><\/a><\/li><li style=\"font-size: 17;\" class=\" wp-block-navigation-item wp-block-navigation-link\"><a class=\"wp-block-navigation-item__content\"  href=\"https:\/\/www.paroquia-damaia.pt\/old\/index.php\/escuteiros-255-damaia\/\"><span class=\"wp-block-navigation-item__label\">Escuteiros 255-Damaia<\/span><\/a><\/li><li style=\"font-size: 17;\" class=\" wp-block-navigation-item wp-block-navigation-link\"><a class=\"wp-block-navigation-item__content\"  href=\"https:\/\/www.paroquia-damaia.pt\/old\/index.php\/encontros-de-preparacao-batismo-e-encontros-de-preparacao-matrimonio\/\"><span class=\"wp-block-navigation-item__label\">Encontros de Prepara\u00e7\u00e3o Batismo e Matrim\u00f3nio<\/span><\/a><\/li><li style=\"font-size: 17;\" class=\" wp-block-navigation-item wp-block-navigation-link\"><a class=\"wp-block-navigation-item__content\"  href=\"https:\/\/www.paroquia-damaia.pt\/old\/index.php\/grupos-de-reflexao\/\"><span class=\"wp-block-navigation-item__label\">Jornadas de Estudo B\u00edblico<\/span><\/a><\/li><\/ul><\/li><li style=\"font-size: 17;\" class=\" wp-block-navigation-item has-child wp-block-navigation-link\"><a class=\"wp-block-navigation-item__content\"  href=\"https:\/\/www.paroquia-damaia.pt\/old\/index.php\/missas\/\"><span class=\"wp-block-navigation-item__label\">Missas e Celebra\u00e7\u00f5es<\/span><\/a><span class=\"wp-block-navigation__submenu-icon\"><svg xmlns=\"http:\/\/www.w3.org\/2000\/svg\" width=\"12\" height=\"12\" viewBox=\"0 0 12 12\" fill=\"none\" aria-hidden=\"true\" focusable=\"false\"><path d=\"M1.50002 4L6.00002 8L10.5 4\" stroke-width=\"1.5\"><\/path><\/svg><\/span><ul class=\"wp-block-navigation__submenu-container\"><li style=\"font-size: 17;\" class=\" wp-block-navigation-item wp-block-navigation-link\"><a class=\"wp-block-navigation-item__content\"  href=\"https:\/\/www.paroquia-damaia.pt\/old\/index.php\/missas\/\"><span class=\"wp-block-navigation-item__label\">Celebra\u00e7\u00f5es<\/span><\/a><\/li><li style=\"font-size: 17;\" class=\" wp-block-navigation-item wp-block-navigation-link\"><a class=\"wp-block-navigation-item__content\"  href=\"https:\/\/www.paroquia-damaia.pt\/old\/index.php\/pastoral-liturgica\/\"><span class=\"wp-block-navigation-item__label\">Pastoral Lit\u00fargica<\/span><\/a><\/li><\/ul><\/li><li style=\"font-size: 17;\" class=\" wp-block-navigation-item wp-block-navigation-link\"><a class=\"wp-block-navigation-item__content\"  href=\"https:\/\/www.paroquia-damaia.pt\/old\/index.php\/caridade\/\"><span class=\"wp-block-navigation-item__label\">Caridade<\/span><\/a><\/li><li style=\"font-size: 17;\" class=\" wp-block-navigation-item wp-block-navigation-link\"><a class=\"wp-block-navigation-item__content\"  href=\"https:\/\/www.paroquia-damaia.pt\/old\/index.php\/secretaria-paroquial\/\"><span class=\"wp-block-navigation-item__label\">Secretaria Paroquial<\/span><\/a><\/li><\/ul>\n\t\t\t\t\t\t\t<\/div>\n\t\t\t\t\t\t<\/div>\n\t\t\t\t\t<\/div>\n\t\t\t\t<\/div><\/nav>\n\n\n<p><\/p>\n\n\n\n<p><strong>Caros devotos de Nossa Senhora do Perp\u00e9tuo Socorro.<\/strong><\/p>\n\n\n\n<p>Nesta Quarta \u2013 feira, impossibilitados de participar da Novena Perpertua na nossa igreja, rezemos em nossas casas a Ora\u00e7\u00e3o \u00e0 M\u00e3e do Perp\u00e9tuo Socorro, pedindo especialmente pelos doentes e pela supera\u00e7\u00e3o da pandemia.<\/p>\n\n\n\n<p style=\"line-height:1.1\"><\/p>\n\n\n\n<p><strong>\u00d3 M\u00e3e do Perp\u00e9tuo Socorro,<\/strong><\/p>\n\n\n\n<p><strong>diante de tua santa imagem,<\/strong><\/p>\n\n\n\n<p><strong>venho, hoje, com a muita confian\u00e7a,<\/strong><\/p>\n\n\n\n<p><strong>suplicar o teu socorro.<\/strong><\/p>\n\n\n\n<p><strong>N\u00e3o confio nos meus m\u00e9ritos<\/strong><\/p>\n\n\n\n<p><strong>nem nas minhas boas obras,<\/strong><\/p>\n\n\n\n<p><strong>mas nos m\u00e9ritos infinitos de Jesus, nosso Senhor,<\/strong><\/p>\n\n\n\n<p><strong>e no teu incompar\u00e1vel amor materno.<\/strong><\/p>\n\n\n\n<p><strong>Tu olhastes, \u00f3 M\u00e3e, as chagas do Redentor<\/strong><\/p>\n\n\n\n<p><strong>e o sangue por Ele derramado na cruz<\/strong><\/p>\n\n\n\n<p><strong>para nossa salva\u00e7\u00e3o.<\/strong><\/p>\n\n\n\n<p><strong>O teu Filho, morrendo, deu-nos a ti por M\u00e3e.<\/strong><\/p>\n\n\n\n<p><strong>Ser\u00e1 que n\u00e3o \u00e9s para n\u00f3s,<\/strong><\/p>\n\n\n\n<p><strong>como declara o teu doce nome, Perp\u00e9tuo Socorro?<\/strong><\/p>\n\n\n\n<p><strong>A ti, suplico, pois, \u00f3 M\u00e3e do Perp\u00e9tuo Socorro,<\/strong><\/p>\n\n\n\n<p><strong>com grande confian\u00e7a,<\/strong><\/p>\n\n\n\n<p><strong>que pela dolorosa Paix\u00e3o e Morte do teu Divino Filho<\/strong><\/p>\n\n\n\n<p><strong>e pelos incont\u00e1veis sofrimentos do teu cora\u00e7\u00e3o,<\/strong><\/p>\n\n\n\n<p><strong>\u00f3 co-Redentora,<\/strong><\/p>\n\n\n\n<p><strong>alcances, junto do teu Filho Jesus Cristo,<\/strong><\/p>\n\n\n\n<p><strong>esta gra\u00e7a que tanto desejo e de que tanto preciso.<\/strong><\/p>\n\n\n\n<p><em><span style=\"color:#CD2220\" class=\"has-inline-color\">(pedir a gra\u00e7a em sil\u00eancio)<\/span><\/em><\/p>\n\n\n\n<p><strong>Tu sabes, \u00f3 M\u00e3e bendita,<\/strong><\/p>\n\n\n\n<p><strong>como o nosso Redentor<\/strong><\/p>\n\n\n\n<p><strong>desejou, ardentemente,<\/strong><\/p>\n\n\n\n<p><strong>dar-nos todas as gra\u00e7as da reden\u00e7\u00e3o.<\/strong><\/p>\n\n\n\n<p><strong>Tu sabes que estes tesouros<\/strong><\/p>\n\n\n\n<p><strong>foram depositados nas tuas m\u00e3os<\/strong><\/p>\n\n\n\n<p><strong>para que os distribuas entre n\u00f3s.<\/strong><\/p>\n\n\n\n<p><strong>Alcan\u00e7a, pois, \u00f3 minha M\u00e3e,<\/strong><\/p>\n\n\n\n<p><strong>do Sagrado Cora\u00e7\u00e3o de Jesus, esta gra\u00e7a<\/strong><\/p>\n\n\n\n<p><strong>que, humildemente, te suplico<\/strong><\/p>\n\n\n\n<p><strong>e com alegria proclamarei a tua miseric\u00f3rdia<\/strong><\/p>\n\n\n\n<p><strong>por toda eternidade. Am\u00e9m.<\/strong><\/p>\n\n\n\n<p><\/p>\n\n\n\n<p>Foste-nos dada como ref\u00fagio, Senhora!<\/p>\n\n\n\n<p><strong>Como auxilio perp\u00e9tuo na tribuna\u00e7\u00e3o.<\/strong><\/p>\n","protected":false},"excerpt":{"rendered":"<p>Caros devotos de Nossa Senhora do Perp\u00e9tuo Socorro. Nesta Quarta \u2013 feira, impossibilitados de participar da Novena Perpertua na nossa igreja, rezemos em nossas casas a Ora\u00e7\u00e3o \u00e0 M\u00e3e do Perp\u00e9tuo Socorro, pedindo especialmente pelos doentes e pela supera\u00e7\u00e3o da pandemia. \u00d3 M\u00e3e do Perp\u00e9tuo Socorro, diante de tua santa imagem, venho, hoje, com a<a class=\"more-link\" href=\"https:\/\/www.paroquia-damaia.pt\/old\/oracao-a-nossa-senhora-do-perpetuo-socorro\/\">Continuar lendo <span class=\"screen-reader-text\">&#8220;Ora\u00e7\u00e3o \u00e0 Nossa Senhora do Perp\u00e9tuo Socorro&#8221;<\/span><\/a><\/p>\n","protected":false},"author":5,"featured_media":1023,"comment_status":"closed","ping_status":"open","sticky":false,"template":"","format":"standard","meta":{"footnotes":""},"categories":[6],"tags":[],"class_list":["post-1080","post","type-post","status-publish","format-standard","has-post-thumbnail","hentry","category-oracoes","entry"],"_links":{"self":[{"href":"https:\/\/www.paroquia-damaia.pt\/old\/wp-json\/wp\/v2\/posts\/1080","targetHints":{"allow":["GET"]}}],"collection":[{"href":"https:\/\/www.paroquia-damaia.pt\/old\/wp-json\/wp\/v2\/posts"}],"about":[{"href":"https:\/\/www.paroquia-damaia.pt\/old\/wp-json\/wp\/v2\/types\/post"}],"author":[{"embeddable":true,"href":"https:\/\/www.paroquia-damaia.pt\/old\/wp-json\/wp\/v2\/users\/5"}],"replies":[{"embeddable":true,"href":"https:\/\/www.paroquia-damaia.pt\/old\/wp-json\/wp\/v2\/comments?post=1080"}],"version-history":[{"count":1,"href":"https:\/\/www.paroquia-damaia.pt\/old\/wp-json\/wp\/v2\/posts\/1080\/revisions"}],"predecessor-version":[{"id":1081,"href":"https:\/\/www.paroquia-damaia.pt\/old\/wp-json\/wp\/v2\/posts\/1080\/revisions\/1081"}],"wp:featuredmedia":[{"embeddable":true,"href":"https:\/\/www.paroquia-damaia.pt\/old\/wp-json\/wp\/v2\/media\/1023"}],"wp:attachment":[{"href":"https:\/\/www.paroquia-damaia.pt\/old\/wp-json\/wp\/v2\/media?parent=1080"}],"wp:term":[{"taxonomy":"category","embeddable":true,"href":"https:\/\/www.paroquia-damaia.pt\/old\/wp-json\/wp\/v2\/categories?post=1080"},{"taxonomy":"post_tag","embeddable":true,"href":"https:\/\/www.paroquia-damaia.pt\/old\/wp-json\/wp\/v2\/tags?post=1080"}],"curies":[{"name":"wp","href":"https:\/\/api.w.org\/{rel}","templated":true}]}}