{"id":1090,"date":"2021-02-01T21:13:04","date_gmt":"2021-02-01T21:13:04","guid":{"rendered":"https:\/\/www.paroquia-damaia.pt\/old\/?p=1090"},"modified":"2021-02-01T21:13:04","modified_gmt":"2021-02-01T21:13:04","slug":"festa-da-apresentacao-do-senhor-no-templo","status":"publish","type":"post","link":"https:\/\/www.paroquia-damaia.pt\/old\/festa-da-apresentacao-do-senhor-no-templo\/","title":{"rendered":"Festa da apresenta\u00e7\u00e3o do Senhor no templo"},"content":{"rendered":"<nav style=\"font-size:17;\" class=\"has-background has-background-light-background-color is-responsive alignfull wp-block-navigation is-layout-flex wp-block-navigation-is-layout-flex\" aria-label=\"\" \n\t\t data-wp-interactive=\"core\/navigation\" data-wp-context='{\"overlayOpenedBy\":{\"click\":false,\"hover\":false,\"focus\":false},\"type\":\"overlay\",\"roleAttribute\":\"\",\"ariaLabel\":\"Menu\"}'><button aria-haspopup=\"dialog\" aria-label=\"Abrir menu\" class=\"wp-block-navigation__responsive-container-open \" \n\t\t\t\tdata-wp-on-async--click=\"actions.openMenuOnClick\"\n\t\t\t\tdata-wp-on--keydown=\"actions.handleMenuKeydown\"\n\t\t\t><svg width=\"24\" height=\"24\" xmlns=\"http:\/\/www.w3.org\/2000\/svg\" viewBox=\"0 0 24 24\" aria-hidden=\"true\" focusable=\"false\"><rect x=\"4\" y=\"7.5\" width=\"16\" height=\"1.5\" \/><rect x=\"4\" y=\"15\" width=\"16\" height=\"1.5\" \/><\/svg><\/button>\n\t\t\t\t<div class=\"wp-block-navigation__responsive-container  \"  id=\"modal-1\" \n\t\t\t\tdata-wp-class--has-modal-open=\"state.isMenuOpen\"\n\t\t\t\tdata-wp-class--is-menu-open=\"state.isMenuOpen\"\n\t\t\t\tdata-wp-watch=\"callbacks.initMenu\"\n\t\t\t\tdata-wp-on--keydown=\"actions.handleMenuKeydown\"\n\t\t\t\tdata-wp-on-async--focusout=\"actions.handleMenuFocusout\"\n\t\t\t\ttabindex=\"-1\"\n\t\t\t>\n\t\t\t\t\t<div class=\"wp-block-navigation__responsive-close\" tabindex=\"-1\">\n\t\t\t\t\t\t<div class=\"wp-block-navigation__responsive-dialog\" \n\t\t\t\tdata-wp-bind--aria-modal=\"state.ariaModal\"\n\t\t\t\tdata-wp-bind--aria-label=\"state.ariaLabel\"\n\t\t\t\tdata-wp-bind--role=\"state.roleAttribute\"\n\t\t\t>\n\t\t\t\t\t\t\t<button aria-label=\"Fechar menu\" class=\"wp-block-navigation__responsive-container-close\" \n\t\t\t\tdata-wp-on-async--click=\"actions.closeMenuOnClick\"\n\t\t\t><svg xmlns=\"http:\/\/www.w3.org\/2000\/svg\" viewBox=\"0 0 24 24\" width=\"24\" height=\"24\" aria-hidden=\"true\" focusable=\"false\"><path d=\"m13.06 12 6.47-6.47-1.06-1.06L12 10.94 5.53 4.47 4.47 5.53 10.94 12l-6.47 6.47 1.06 1.06L12 13.06l6.47 6.47 1.06-1.06L13.06 12Z\"><\/path><\/svg><\/button>\n\t\t\t\t\t\t\t<div class=\"wp-block-navigation__responsive-container-content\" \n\t\t\t\tdata-wp-watch=\"callbacks.focusFirstElement\"\n\t\t\t id=\"modal-1-content\">\n\t\t\t\t\t\t\t\t<ul style=\"font-size:17;\" class=\"wp-block-navigation__container has-background has-background-light-background-color is-responsive alignfull wp-block-navigation\"><li style=\"font-size: 17;\" class=\" wp-block-navigation-item wp-block-navigation-link\"><a class=\"wp-block-navigation-item__content\"  href=\"https:\/\/www.paroquia-damaia.pt\/old\/\"><span class=\"wp-block-navigation-item__label\">In\u00edcio<\/span><\/a><\/li><li style=\"font-size: 17;\" class=\" wp-block-navigation-item has-child wp-block-navigation-link\"><a class=\"wp-block-navigation-item__content\"  href=\"https:\/\/www.paroquia-damaia.pt\/old\/index.php\/acolhimento\/\"><span class=\"wp-block-navigation-item__label\">A Par\u00f3quia<\/span><\/a><span class=\"wp-block-navigation__submenu-icon\"><svg xmlns=\"http:\/\/www.w3.org\/2000\/svg\" width=\"12\" height=\"12\" viewBox=\"0 0 12 12\" fill=\"none\" aria-hidden=\"true\" focusable=\"false\"><path d=\"M1.50002 4L6.00002 8L10.5 4\" stroke-width=\"1.5\"><\/path><\/svg><\/span><ul class=\"wp-block-navigation__submenu-container\"><li style=\"font-size: 17;\" class=\" wp-block-navigation-item wp-block-navigation-link\"><a class=\"wp-block-navigation-item__content\"  href=\"https:\/\/www.paroquia-damaia.pt\/old\/index.php\/acolhimento\/\"><span class=\"wp-block-navigation-item__label\">Acolhimento<\/span><\/a><\/li><li style=\"font-size: 17;\" class=\" wp-block-navigation-item wp-block-navigation-link\"><a class=\"wp-block-navigation-item__content\"  href=\"https:\/\/www.paroquia-damaia.pt\/old\/index.php\/o-paroco-vigario-e-diaconos-da-comunidade\/\"><span class=\"wp-block-navigation-item__label\">O P\u00e1roco, Vig\u00e1rio e Di\u00e1conos da Comunidade<\/span><\/a><\/li><li style=\"font-size: 17;\" class=\" wp-block-navigation-item wp-block-navigation-link\"><a class=\"wp-block-navigation-item__content\"  href=\"https:\/\/www.paroquia-damaia.pt\/old\/index.php\/a-nossa-historia\/\"><span class=\"wp-block-navigation-item__label\">A Nossa Hist\u00f3ria<\/span><\/a><\/li><\/ul><\/li><li style=\"font-size: 17;\" class=\" wp-block-navigation-item has-child wp-block-navigation-link\"><a class=\"wp-block-navigation-item__content\"  href=\"https:\/\/www.paroquia-damaia.pt\/old\/index.php\/catequese\/\"><span class=\"wp-block-navigation-item__label\">Evangeliza\u00e7\u00e3o<\/span><\/a><span class=\"wp-block-navigation__submenu-icon\"><svg xmlns=\"http:\/\/www.w3.org\/2000\/svg\" width=\"12\" height=\"12\" viewBox=\"0 0 12 12\" fill=\"none\" aria-hidden=\"true\" focusable=\"false\"><path d=\"M1.50002 4L6.00002 8L10.5 4\" stroke-width=\"1.5\"><\/path><\/svg><\/span><ul class=\"wp-block-navigation__submenu-container\"><li style=\"font-size: 17;\" class=\" wp-block-navigation-item wp-block-navigation-link\"><a class=\"wp-block-navigation-item__content\"  href=\"https:\/\/www.paroquia-damaia.pt\/old\/index.php\/catequese\/\"><span class=\"wp-block-navigation-item__label\">Catequese<\/span><\/a><\/li><li style=\"font-size: 17;\" class=\" wp-block-navigation-item wp-block-navigation-link\"><a class=\"wp-block-navigation-item__content\"  href=\"https:\/\/www.paroquia-damaia.pt\/old\/index.php\/grupo-de-jovens\/\"><span class=\"wp-block-navigation-item__label\">Pastoral Juvenil<\/span><\/a><\/li><li style=\"font-size: 17;\" class=\" wp-block-navigation-item wp-block-navigation-link\"><a class=\"wp-block-navigation-item__content\"  href=\"https:\/\/www.paroquia-damaia.pt\/old\/damaia-a-caminho\/\"><span class=\"wp-block-navigation-item__label\">Damaia a Caminho<\/span><\/a><\/li><li style=\"font-size: 17;\" class=\" wp-block-navigation-item wp-block-navigation-link\"><a class=\"wp-block-navigation-item__content\"  href=\"https:\/\/www.paroquia-damaia.pt\/old\/catequese-adultos\/\"><span class=\"wp-block-navigation-item__label\">Catequese Adultos<\/span><\/a><\/li><li style=\"font-size: 17;\" class=\" wp-block-navigation-item wp-block-navigation-link\"><a class=\"wp-block-navigation-item__content\"  href=\"https:\/\/www.paroquia-damaia.pt\/old\/index.php\/escuteiros-255-damaia\/\"><span class=\"wp-block-navigation-item__label\">Escuteiros 255-Damaia<\/span><\/a><\/li><li style=\"font-size: 17;\" class=\" wp-block-navigation-item wp-block-navigation-link\"><a class=\"wp-block-navigation-item__content\"  href=\"https:\/\/www.paroquia-damaia.pt\/old\/index.php\/encontros-de-preparacao-batismo-e-encontros-de-preparacao-matrimonio\/\"><span class=\"wp-block-navigation-item__label\">Encontros de Prepara\u00e7\u00e3o Batismo e Matrim\u00f3nio<\/span><\/a><\/li><li style=\"font-size: 17;\" class=\" wp-block-navigation-item wp-block-navigation-link\"><a class=\"wp-block-navigation-item__content\"  href=\"https:\/\/www.paroquia-damaia.pt\/old\/index.php\/grupos-de-reflexao\/\"><span class=\"wp-block-navigation-item__label\">Jornadas de Estudo B\u00edblico<\/span><\/a><\/li><\/ul><\/li><li style=\"font-size: 17;\" class=\" wp-block-navigation-item has-child wp-block-navigation-link\"><a class=\"wp-block-navigation-item__content\"  href=\"https:\/\/www.paroquia-damaia.pt\/old\/index.php\/missas\/\"><span class=\"wp-block-navigation-item__label\">Missas e Celebra\u00e7\u00f5es<\/span><\/a><span class=\"wp-block-navigation__submenu-icon\"><svg xmlns=\"http:\/\/www.w3.org\/2000\/svg\" width=\"12\" height=\"12\" viewBox=\"0 0 12 12\" fill=\"none\" aria-hidden=\"true\" focusable=\"false\"><path d=\"M1.50002 4L6.00002 8L10.5 4\" stroke-width=\"1.5\"><\/path><\/svg><\/span><ul class=\"wp-block-navigation__submenu-container\"><li style=\"font-size: 17;\" class=\" wp-block-navigation-item wp-block-navigation-link\"><a class=\"wp-block-navigation-item__content\"  href=\"https:\/\/www.paroquia-damaia.pt\/old\/index.php\/missas\/\"><span class=\"wp-block-navigation-item__label\">Celebra\u00e7\u00f5es<\/span><\/a><\/li><li style=\"font-size: 17;\" class=\" wp-block-navigation-item wp-block-navigation-link\"><a class=\"wp-block-navigation-item__content\"  href=\"https:\/\/www.paroquia-damaia.pt\/old\/index.php\/pastoral-liturgica\/\"><span class=\"wp-block-navigation-item__label\">Pastoral Lit\u00fargica<\/span><\/a><\/li><\/ul><\/li><li style=\"font-size: 17;\" class=\" wp-block-navigation-item wp-block-navigation-link\"><a class=\"wp-block-navigation-item__content\"  href=\"https:\/\/www.paroquia-damaia.pt\/old\/index.php\/caridade\/\"><span class=\"wp-block-navigation-item__label\">Caridade<\/span><\/a><\/li><li style=\"font-size: 17;\" class=\" wp-block-navigation-item wp-block-navigation-link\"><a class=\"wp-block-navigation-item__content\"  href=\"https:\/\/www.paroquia-damaia.pt\/old\/index.php\/secretaria-paroquial\/\"><span class=\"wp-block-navigation-item__label\">Secretaria Paroquial<\/span><\/a><\/li><\/ul>\n\t\t\t\t\t\t\t<\/div>\n\t\t\t\t\t\t<\/div>\n\t\t\t\t\t<\/div>\n\t\t\t\t<\/div><\/nav>\n\n\n<p><\/p>\n\n\n\n<p>Hoje, dia dois de Fevereiro celebramos a festa da apresenta\u00e7\u00e3o do Senhor no templo. Na tradi\u00e7\u00e3o judaica o primeiro filho era oferecido ao Senhor, atrav\u00e9s do sacrif\u00edcio um par de rolas ou duas pombinhas, como dizia a lei. Nos bra\u00e7os de sua m\u00e3e e protegido por Jos\u00e9, Jesus \u00e9 levado ao templo de Jerusal\u00e9m para ser apresentado a Deus. Neste dia, a catequese costumava convidar as fam\u00edlias a celebrarem na eucaristia o dom da vida dos seus filhos, havendo uma b\u00ean\u00e7\u00e3o sobre as crian\u00e7as, \u00e0 semelhan\u00e7a deste epis\u00f3dio na vida de Jesus. Este ano n\u00e3o poderemos celebrar comunitariamente, mas a catequese prop\u00f5e uma celebra\u00e7\u00e3o na qual a fam\u00edlia, em casa, pode efetuar uma celebra\u00e7\u00e3o de b\u00ean\u00e7\u00e3o sobre os filhos\/crian\u00e7as.<\/p>\n\n\n\n<p><a href=\"https:\/\/drive.google.com\/file\/d\/1f6WFcI-_6nt3VH37d4xYLndJpNbe0sXM\/view?usp=sharing\" data-type=\"URL\" data-id=\"https:\/\/drive.google.com\/file\/d\/1f6WFcI-_6nt3VH37d4xYLndJpNbe0sXM\/view?usp=sharing\">Celebra\u00e7\u00e3o da b\u00ean\u00e7\u00e3o dos Filhos\/ Crian\u00e7as<\/a><\/p>\n\n\n\n<p><\/p>\n","protected":false},"excerpt":{"rendered":"<p>Hoje, dia dois de Fevereiro celebramos a festa da apresenta\u00e7\u00e3o do Senhor no templo. Na tradi\u00e7\u00e3o judaica o primeiro filho era oferecido ao Senhor, atrav\u00e9s do sacrif\u00edcio um par de rolas ou duas pombinhas, como dizia a lei. Nos bra\u00e7os de sua m\u00e3e e protegido por Jos\u00e9, Jesus \u00e9 levado ao templo de Jerusal\u00e9m para<a class=\"more-link\" href=\"https:\/\/www.paroquia-damaia.pt\/old\/festa-da-apresentacao-do-senhor-no-templo\/\">Continuar lendo <span class=\"screen-reader-text\">&#8220;Festa da apresenta\u00e7\u00e3o do Senhor no templo&#8221;<\/span><\/a><\/p>\n","protected":false},"author":6,"featured_media":1091,"comment_status":"closed","ping_status":"open","sticky":false,"template":"","format":"standard","meta":{"footnotes":""},"categories":[3],"tags":[],"class_list":["post-1090","post","type-post","status-publish","format-standard","has-post-thumbnail","hentry","category-catequese","entry"],"_links":{"self":[{"href":"https:\/\/www.paroquia-damaia.pt\/old\/wp-json\/wp\/v2\/posts\/1090","targetHints":{"allow":["GET"]}}],"collection":[{"href":"https:\/\/www.paroquia-damaia.pt\/old\/wp-json\/wp\/v2\/posts"}],"about":[{"href":"https:\/\/www.paroquia-damaia.pt\/old\/wp-json\/wp\/v2\/types\/post"}],"author":[{"embeddable":true,"href":"https:\/\/www.paroquia-damaia.pt\/old\/wp-json\/wp\/v2\/users\/6"}],"replies":[{"embeddable":true,"href":"https:\/\/www.paroquia-damaia.pt\/old\/wp-json\/wp\/v2\/comments?post=1090"}],"version-history":[{"count":1,"href":"https:\/\/www.paroquia-damaia.pt\/old\/wp-json\/wp\/v2\/posts\/1090\/revisions"}],"predecessor-version":[{"id":1092,"href":"https:\/\/www.paroquia-damaia.pt\/old\/wp-json\/wp\/v2\/posts\/1090\/revisions\/1092"}],"wp:featuredmedia":[{"embeddable":true,"href":"https:\/\/www.paroquia-damaia.pt\/old\/wp-json\/wp\/v2\/media\/1091"}],"wp:attachment":[{"href":"https:\/\/www.paroquia-damaia.pt\/old\/wp-json\/wp\/v2\/media?parent=1090"}],"wp:term":[{"taxonomy":"category","embeddable":true,"href":"https:\/\/www.paroquia-damaia.pt\/old\/wp-json\/wp\/v2\/categories?post=1090"},{"taxonomy":"post_tag","embeddable":true,"href":"https:\/\/www.paroquia-damaia.pt\/old\/wp-json\/wp\/v2\/tags?post=1090"}],"curies":[{"name":"wp","href":"https:\/\/api.w.org\/{rel}","templated":true}]}}