{"id":1113,"date":"2021-02-14T10:00:00","date_gmt":"2021-02-14T10:00:00","guid":{"rendered":"https:\/\/www.paroquia-damaia.pt\/old\/?p=1113"},"modified":"2021-02-14T12:17:19","modified_gmt":"2021-02-14T12:17:19","slug":"comunicacoes-paroquiais-14-02-2021","status":"publish","type":"post","link":"https:\/\/www.paroquia-damaia.pt\/old\/comunicacoes-paroquiais-14-02-2021\/","title":{"rendered":"Comunica\u00e7\u00f5es Paroquiais &#8211; 14\/02\/2021"},"content":{"rendered":"<nav style=\"font-size:17;\" class=\"has-background has-background-light-background-color is-responsive alignfull wp-block-navigation is-layout-flex wp-block-navigation-is-layout-flex\" aria-label=\"\" \n\t\t data-wp-interactive=\"core\/navigation\" data-wp-context='{\"overlayOpenedBy\":{\"click\":false,\"hover\":false,\"focus\":false},\"type\":\"overlay\",\"roleAttribute\":\"\",\"ariaLabel\":\"Menu\"}'><button aria-haspopup=\"dialog\" aria-label=\"Abrir menu\" class=\"wp-block-navigation__responsive-container-open \" \n\t\t\t\tdata-wp-on-async--click=\"actions.openMenuOnClick\"\n\t\t\t\tdata-wp-on--keydown=\"actions.handleMenuKeydown\"\n\t\t\t><svg width=\"24\" height=\"24\" xmlns=\"http:\/\/www.w3.org\/2000\/svg\" viewBox=\"0 0 24 24\" aria-hidden=\"true\" focusable=\"false\"><rect x=\"4\" y=\"7.5\" width=\"16\" height=\"1.5\" \/><rect x=\"4\" y=\"15\" width=\"16\" height=\"1.5\" \/><\/svg><\/button>\n\t\t\t\t<div class=\"wp-block-navigation__responsive-container  \"  id=\"modal-1\" \n\t\t\t\tdata-wp-class--has-modal-open=\"state.isMenuOpen\"\n\t\t\t\tdata-wp-class--is-menu-open=\"state.isMenuOpen\"\n\t\t\t\tdata-wp-watch=\"callbacks.initMenu\"\n\t\t\t\tdata-wp-on--keydown=\"actions.handleMenuKeydown\"\n\t\t\t\tdata-wp-on-async--focusout=\"actions.handleMenuFocusout\"\n\t\t\t\ttabindex=\"-1\"\n\t\t\t>\n\t\t\t\t\t<div class=\"wp-block-navigation__responsive-close\" tabindex=\"-1\">\n\t\t\t\t\t\t<div class=\"wp-block-navigation__responsive-dialog\" \n\t\t\t\tdata-wp-bind--aria-modal=\"state.ariaModal\"\n\t\t\t\tdata-wp-bind--aria-label=\"state.ariaLabel\"\n\t\t\t\tdata-wp-bind--role=\"state.roleAttribute\"\n\t\t\t>\n\t\t\t\t\t\t\t<button aria-label=\"Fechar menu\" class=\"wp-block-navigation__responsive-container-close\" \n\t\t\t\tdata-wp-on-async--click=\"actions.closeMenuOnClick\"\n\t\t\t><svg xmlns=\"http:\/\/www.w3.org\/2000\/svg\" viewBox=\"0 0 24 24\" width=\"24\" height=\"24\" aria-hidden=\"true\" focusable=\"false\"><path d=\"m13.06 12 6.47-6.47-1.06-1.06L12 10.94 5.53 4.47 4.47 5.53 10.94 12l-6.47 6.47 1.06 1.06L12 13.06l6.47 6.47 1.06-1.06L13.06 12Z\"><\/path><\/svg><\/button>\n\t\t\t\t\t\t\t<div class=\"wp-block-navigation__responsive-container-content\" \n\t\t\t\tdata-wp-watch=\"callbacks.focusFirstElement\"\n\t\t\t id=\"modal-1-content\">\n\t\t\t\t\t\t\t\t<ul style=\"font-size:17;\" class=\"wp-block-navigation__container has-background has-background-light-background-color is-responsive alignfull wp-block-navigation\"><li style=\"font-size: 17;\" class=\" wp-block-navigation-item wp-block-navigation-link\"><a class=\"wp-block-navigation-item__content\"  href=\"https:\/\/www.paroquia-damaia.pt\/old\/\"><span class=\"wp-block-navigation-item__label\">In\u00edcio<\/span><\/a><\/li><li style=\"font-size: 17;\" class=\" wp-block-navigation-item has-child wp-block-navigation-link\"><a class=\"wp-block-navigation-item__content\"  href=\"https:\/\/www.paroquia-damaia.pt\/old\/index.php\/acolhimento\/\"><span class=\"wp-block-navigation-item__label\">A Par\u00f3quia<\/span><\/a><span class=\"wp-block-navigation__submenu-icon\"><svg xmlns=\"http:\/\/www.w3.org\/2000\/svg\" width=\"12\" height=\"12\" viewBox=\"0 0 12 12\" fill=\"none\" aria-hidden=\"true\" focusable=\"false\"><path d=\"M1.50002 4L6.00002 8L10.5 4\" stroke-width=\"1.5\"><\/path><\/svg><\/span><ul class=\"wp-block-navigation__submenu-container\"><li style=\"font-size: 17;\" class=\" wp-block-navigation-item wp-block-navigation-link\"><a class=\"wp-block-navigation-item__content\"  href=\"https:\/\/www.paroquia-damaia.pt\/old\/index.php\/acolhimento\/\"><span class=\"wp-block-navigation-item__label\">Acolhimento<\/span><\/a><\/li><li style=\"font-size: 17;\" class=\" wp-block-navigation-item wp-block-navigation-link\"><a class=\"wp-block-navigation-item__content\"  href=\"https:\/\/www.paroquia-damaia.pt\/old\/index.php\/o-paroco-vigario-e-diaconos-da-comunidade\/\"><span class=\"wp-block-navigation-item__label\">O P\u00e1roco, Vig\u00e1rio e Di\u00e1conos da Comunidade<\/span><\/a><\/li><li style=\"font-size: 17;\" class=\" wp-block-navigation-item wp-block-navigation-link\"><a class=\"wp-block-navigation-item__content\"  href=\"https:\/\/www.paroquia-damaia.pt\/old\/index.php\/a-nossa-historia\/\"><span class=\"wp-block-navigation-item__label\">A Nossa Hist\u00f3ria<\/span><\/a><\/li><\/ul><\/li><li style=\"font-size: 17;\" class=\" wp-block-navigation-item has-child wp-block-navigation-link\"><a class=\"wp-block-navigation-item__content\"  href=\"https:\/\/www.paroquia-damaia.pt\/old\/index.php\/catequese\/\"><span class=\"wp-block-navigation-item__label\">Evangeliza\u00e7\u00e3o<\/span><\/a><span class=\"wp-block-navigation__submenu-icon\"><svg xmlns=\"http:\/\/www.w3.org\/2000\/svg\" width=\"12\" height=\"12\" viewBox=\"0 0 12 12\" fill=\"none\" aria-hidden=\"true\" focusable=\"false\"><path d=\"M1.50002 4L6.00002 8L10.5 4\" stroke-width=\"1.5\"><\/path><\/svg><\/span><ul class=\"wp-block-navigation__submenu-container\"><li style=\"font-size: 17;\" class=\" wp-block-navigation-item wp-block-navigation-link\"><a class=\"wp-block-navigation-item__content\"  href=\"https:\/\/www.paroquia-damaia.pt\/old\/index.php\/catequese\/\"><span class=\"wp-block-navigation-item__label\">Catequese<\/span><\/a><\/li><li style=\"font-size: 17;\" class=\" wp-block-navigation-item wp-block-navigation-link\"><a class=\"wp-block-navigation-item__content\"  href=\"https:\/\/www.paroquia-damaia.pt\/old\/index.php\/grupo-de-jovens\/\"><span class=\"wp-block-navigation-item__label\">Pastoral Juvenil<\/span><\/a><\/li><li style=\"font-size: 17;\" class=\" wp-block-navigation-item wp-block-navigation-link\"><a class=\"wp-block-navigation-item__content\"  href=\"https:\/\/www.paroquia-damaia.pt\/old\/damaia-a-caminho\/\"><span class=\"wp-block-navigation-item__label\">Damaia a Caminho<\/span><\/a><\/li><li style=\"font-size: 17;\" class=\" wp-block-navigation-item wp-block-navigation-link\"><a class=\"wp-block-navigation-item__content\"  href=\"https:\/\/www.paroquia-damaia.pt\/old\/catequese-adultos\/\"><span class=\"wp-block-navigation-item__label\">Catequese Adultos<\/span><\/a><\/li><li style=\"font-size: 17;\" class=\" wp-block-navigation-item wp-block-navigation-link\"><a class=\"wp-block-navigation-item__content\"  href=\"https:\/\/www.paroquia-damaia.pt\/old\/index.php\/escuteiros-255-damaia\/\"><span class=\"wp-block-navigation-item__label\">Escuteiros 255-Damaia<\/span><\/a><\/li><li style=\"font-size: 17;\" class=\" wp-block-navigation-item wp-block-navigation-link\"><a class=\"wp-block-navigation-item__content\"  href=\"https:\/\/www.paroquia-damaia.pt\/old\/index.php\/encontros-de-preparacao-batismo-e-encontros-de-preparacao-matrimonio\/\"><span class=\"wp-block-navigation-item__label\">Encontros de Prepara\u00e7\u00e3o Batismo e Matrim\u00f3nio<\/span><\/a><\/li><li style=\"font-size: 17;\" class=\" wp-block-navigation-item wp-block-navigation-link\"><a class=\"wp-block-navigation-item__content\"  href=\"https:\/\/www.paroquia-damaia.pt\/old\/index.php\/grupos-de-reflexao\/\"><span class=\"wp-block-navigation-item__label\">Jornadas de Estudo B\u00edblico<\/span><\/a><\/li><\/ul><\/li><li style=\"font-size: 17;\" class=\" wp-block-navigation-item has-child wp-block-navigation-link\"><a class=\"wp-block-navigation-item__content\"  href=\"https:\/\/www.paroquia-damaia.pt\/old\/index.php\/missas\/\"><span class=\"wp-block-navigation-item__label\">Missas e Celebra\u00e7\u00f5es<\/span><\/a><span class=\"wp-block-navigation__submenu-icon\"><svg xmlns=\"http:\/\/www.w3.org\/2000\/svg\" width=\"12\" height=\"12\" viewBox=\"0 0 12 12\" fill=\"none\" aria-hidden=\"true\" focusable=\"false\"><path d=\"M1.50002 4L6.00002 8L10.5 4\" stroke-width=\"1.5\"><\/path><\/svg><\/span><ul class=\"wp-block-navigation__submenu-container\"><li style=\"font-size: 17;\" class=\" wp-block-navigation-item wp-block-navigation-link\"><a class=\"wp-block-navigation-item__content\"  href=\"https:\/\/www.paroquia-damaia.pt\/old\/index.php\/missas\/\"><span class=\"wp-block-navigation-item__label\">Celebra\u00e7\u00f5es<\/span><\/a><\/li><li style=\"font-size: 17;\" class=\" wp-block-navigation-item wp-block-navigation-link\"><a class=\"wp-block-navigation-item__content\"  href=\"https:\/\/www.paroquia-damaia.pt\/old\/index.php\/pastoral-liturgica\/\"><span class=\"wp-block-navigation-item__label\">Pastoral Lit\u00fargica<\/span><\/a><\/li><\/ul><\/li><li style=\"font-size: 17;\" class=\" wp-block-navigation-item wp-block-navigation-link\"><a class=\"wp-block-navigation-item__content\"  href=\"https:\/\/www.paroquia-damaia.pt\/old\/index.php\/caridade\/\"><span class=\"wp-block-navigation-item__label\">Caridade<\/span><\/a><\/li><li style=\"font-size: 17;\" class=\" wp-block-navigation-item wp-block-navigation-link\"><a class=\"wp-block-navigation-item__content\"  href=\"https:\/\/www.paroquia-damaia.pt\/old\/index.php\/secretaria-paroquial\/\"><span class=\"wp-block-navigation-item__label\">Secretaria Paroquial<\/span><\/a><\/li><\/ul>\n\t\t\t\t\t\t\t<\/div>\n\t\t\t\t\t\t<\/div>\n\t\t\t\t\t<\/div>\n\t\t\t\t<\/div><\/nav>\n\n\n<div class=\"wp-block-group\"><div class=\"wp-block-group__inner-container is-layout-flow wp-block-group-is-layout-flow\">\n<blockquote class=\"wp-block-quote has-text-align-center is-style-large is-layout-flow wp-block-quote-is-layout-flow\"><p>\u00ab<strong><em>Jesus tocou no leproso e disse: \u201cQuero, fica purificado\u201d<\/em><\/strong> \u00bb<\/p><cite>(Mc 1,42)<\/cite><\/blockquote>\n\n\n\n<hr class=\"wp-block-separator is-style-dots\"\/>\n<\/div><\/div>\n\n\n\n<p><strong><u>Domingo | 14\/02<\/u><\/strong><strong> \u2013 <\/strong>6\u00ba Domingo do Tempo Comum<strong>. Transmiss\u00e3o da Missa <\/strong>dominical<strong> <\/strong><em>em direto<\/em> da Igreja Paroquial, no Canal <em>RedentorTV<\/em> \u2013 YouTube, <strong>\u00e0s 10h<\/strong>. <strong>&nbsp;<\/strong>&nbsp;<\/p>\n\n\n\n<p><strong><u>3\u00aa Feira | 16\/02<\/u><\/strong><strong> \u2013 Reuni\u00e3o da Vigararia <\/strong>(Zoom), \u00e0s 10h30.<\/p>\n\n\n\n<p><strong><u>4\u00aa Feira | 17\/02<\/u><\/strong><strong> \u2013<\/strong> <strong>Quarta-Feira de Cinzas<\/strong>. Dia de jejum e abstin\u00eancia. Missa com a b\u00ean\u00e7\u00e3o das cinzas, \u00e0s 19h. <strong>Transmiss\u00e3o<\/strong> <em>em direto<\/em> da igreja paroquial. <strong>&nbsp;<\/strong>&nbsp;&nbsp;&nbsp;<strong>&nbsp;<\/strong>&nbsp;&nbsp;&nbsp;&nbsp;<\/p>\n\n\n\n<p><strong><u>6\u00aa Feira | 19\/02<\/u><\/strong><strong> \u2013 Via sacra<\/strong>, na igreja.<strong> Transmiss\u00e3o<\/strong> <em>em direto<\/em> no Canal <em>RedentorTV<\/em> \u2013 YouTube,<strong> \u00e0s 19h.<\/strong><\/p>\n\n\n\n<p><strong><u>S\u00e1bado | 20\/02 <\/u><\/strong><strong>\u2013 Transmiss\u00e3o da Missa<\/strong> <em>em direto<\/em> da Igreja Paroquial, \u00e0s <strong>19h. <\/strong>&nbsp;&nbsp;<\/p>\n\n\n\n<p><strong><u>Domingo | 21\/02<\/u> <\/strong>\u2013 <strong>1\u00ba Domingo da Quaresma<\/strong>. Abertura do Ano de S\u00e3o Jos\u00e9 e do Ano Jubilar da Igreja paroquial por ocasi\u00e3o dos 50 anos da <strong>B\u00ean\u00e7\u00e3o da 1\u00aa Pedra<\/strong> e dos 40 anos da <strong>Consagra\u00e7\u00e3o da Igreja<\/strong> do Sant\u00edssimo Redentor. <strong>Transmiss\u00e3o da Missa <\/strong><em>em direto<\/em> da Igreja Paroquial, no Canal <em>RedentorTV<\/em> \u2013 YouTube, \u00e0s <strong>10h. <\/strong>\u00a0\u00a0<strong>\u00a0<\/strong>\u00a0\u00a0\u00a0\u00a0\u00a0<\/p>\n\n\n\n<p>Devido ao <strong>Estado de Emerg\u00eancia<\/strong> e conforme a determina\u00e7\u00e3o da Confer\u00eancia Episcopal Portuguesa (CEP), as celebra\u00e7\u00f5es de <strong>missas com fi\u00e9is continuam suspensas<\/strong>, at\u00e9 novas orienta\u00e7\u00f5es. Contudo, A Igreja Paroquial<strong> permanecer\u00e1 aberta<\/strong> para a <strong>ora\u00e7\u00e3o pessoal<\/strong> de fi\u00e9is como de costume.&nbsp;&nbsp;<\/p>\n\n\n\n<p>Por n\u00e3o ser poss\u00edvel a imposi\u00e7\u00e3o de cinzas como de costume, este ano <strong>as cinzas poder\u00e3o ser levadas para as nossas casas<\/strong>. Para isso, preparamos envelopes com cinzas e ora\u00e7\u00e3o de imposi\u00e7\u00e3o que poder\u00e3o ser procurados, aqui na igreja, durante toda esta semana. A b\u00ean\u00e7\u00e3o das cinzas, contudo, ser\u00e1 feita na missa transmitida pelo canal RedentorTV- no YouTube, \u00e0s 19h.&nbsp;&nbsp;<\/p>\n\n\n\n<p><strong>O atendimento na Secretaria<\/strong> pelo e-mail: <a href=\"mailto:secretaria@paroquia-damaia.pt\"><strong>secretaria@paroquia-damaia.pt<\/strong><\/a><strong>,<\/strong> ou pelo telefone: <a href=\"tel:214971540\"><strong>214 971&nbsp;540<\/strong><\/a>, na <strong>3\u00aa; 4\u00aa,<\/strong> <strong>5\u00aa<\/strong> e <strong>6\u00aa<\/strong> <strong>Feiras<\/strong>, no hor\u00e1rio das <strong>16h30<\/strong> \u00e0s <strong>19h<\/strong>.<\/p>\n\n\n\n<p>Visite as nossas redes: <strong>P\u00e1gina da Par\u00f3quia<\/strong> na Internet, <strong>Facebook<\/strong> e <strong>Instagram<\/strong> e fique informado de tudo o que acontece na Par\u00f3quia.<\/p>\n\n\n\n<p>___________________________<\/p>\n\n\n\n<p>Pe. Crist\u00f3v\u00e3o Dworak, CSsR \u2013 P\u00e1roco<\/p>\n\n\n\n<p>Damaia, 14 de Fevereiro de 2021<\/p>\n","protected":false},"excerpt":{"rendered":"<p>\u00abJesus tocou no leproso e disse: \u201cQuero, fica purificado\u201d \u00bb (Mc 1,42) Domingo | 14\/02 \u2013 6\u00ba Domingo do Tempo Comum. Transmiss\u00e3o da Missa dominical em direto da Igreja Paroquial, no Canal RedentorTV \u2013 YouTube, \u00e0s 10h. &nbsp;&nbsp; 3\u00aa Feira | 16\/02 \u2013 Reuni\u00e3o da Vigararia (Zoom), \u00e0s 10h30. 4\u00aa Feira | 17\/02 \u2013 Quarta-Feira<a class=\"more-link\" href=\"https:\/\/www.paroquia-damaia.pt\/old\/comunicacoes-paroquiais-14-02-2021\/\">Continuar lendo <span class=\"screen-reader-text\">&#8220;Comunica\u00e7\u00f5es Paroquiais &#8211; 14\/02\/2021&#8221;<\/span><\/a><\/p>\n","protected":false},"author":5,"featured_media":1114,"comment_status":"closed","ping_status":"open","sticky":false,"template":"","format":"standard","meta":{"footnotes":""},"categories":[4],"tags":[],"class_list":["post-1113","post","type-post","status-publish","format-standard","has-post-thumbnail","hentry","category-avisos-paroquiais","entry"],"_links":{"self":[{"href":"https:\/\/www.paroquia-damaia.pt\/old\/wp-json\/wp\/v2\/posts\/1113","targetHints":{"allow":["GET"]}}],"collection":[{"href":"https:\/\/www.paroquia-damaia.pt\/old\/wp-json\/wp\/v2\/posts"}],"about":[{"href":"https:\/\/www.paroquia-damaia.pt\/old\/wp-json\/wp\/v2\/types\/post"}],"author":[{"embeddable":true,"href":"https:\/\/www.paroquia-damaia.pt\/old\/wp-json\/wp\/v2\/users\/5"}],"replies":[{"embeddable":true,"href":"https:\/\/www.paroquia-damaia.pt\/old\/wp-json\/wp\/v2\/comments?post=1113"}],"version-history":[{"count":2,"href":"https:\/\/www.paroquia-damaia.pt\/old\/wp-json\/wp\/v2\/posts\/1113\/revisions"}],"predecessor-version":[{"id":1120,"href":"https:\/\/www.paroquia-damaia.pt\/old\/wp-json\/wp\/v2\/posts\/1113\/revisions\/1120"}],"wp:featuredmedia":[{"embeddable":true,"href":"https:\/\/www.paroquia-damaia.pt\/old\/wp-json\/wp\/v2\/media\/1114"}],"wp:attachment":[{"href":"https:\/\/www.paroquia-damaia.pt\/old\/wp-json\/wp\/v2\/media?parent=1113"}],"wp:term":[{"taxonomy":"category","embeddable":true,"href":"https:\/\/www.paroquia-damaia.pt\/old\/wp-json\/wp\/v2\/categories?post=1113"},{"taxonomy":"post_tag","embeddable":true,"href":"https:\/\/www.paroquia-damaia.pt\/old\/wp-json\/wp\/v2\/tags?post=1113"}],"curies":[{"name":"wp","href":"https:\/\/api.w.org\/{rel}","templated":true}]}}