{"id":1222,"date":"2021-02-24T15:46:14","date_gmt":"2021-02-24T15:46:14","guid":{"rendered":"https:\/\/www.paroquia-damaia.pt\/old\/?p=1222"},"modified":"2021-02-24T15:46:14","modified_gmt":"2021-02-24T15:46:14","slug":"2021-ano-jubilar-da-igreja-paroquial","status":"publish","type":"post","link":"https:\/\/www.paroquia-damaia.pt\/old\/2021-ano-jubilar-da-igreja-paroquial\/","title":{"rendered":"2021 &#8211; Ano Jubilar da Igreja Paroquial"},"content":{"rendered":"<nav style=\"font-size:17;\" class=\"has-background has-background-light-background-color is-responsive alignfull wp-block-navigation is-layout-flex wp-block-navigation-is-layout-flex\" aria-label=\"\" \n\t\t data-wp-interactive=\"core\/navigation\" data-wp-context='{\"overlayOpenedBy\":{\"click\":false,\"hover\":false,\"focus\":false},\"type\":\"overlay\",\"roleAttribute\":\"\",\"ariaLabel\":\"Menu\"}'><button aria-haspopup=\"dialog\" aria-label=\"Abrir menu\" class=\"wp-block-navigation__responsive-container-open \" \n\t\t\t\tdata-wp-on-async--click=\"actions.openMenuOnClick\"\n\t\t\t\tdata-wp-on--keydown=\"actions.handleMenuKeydown\"\n\t\t\t><svg width=\"24\" height=\"24\" xmlns=\"http:\/\/www.w3.org\/2000\/svg\" viewBox=\"0 0 24 24\" aria-hidden=\"true\" focusable=\"false\"><rect x=\"4\" y=\"7.5\" width=\"16\" height=\"1.5\" \/><rect x=\"4\" y=\"15\" width=\"16\" height=\"1.5\" \/><\/svg><\/button>\n\t\t\t\t<div class=\"wp-block-navigation__responsive-container  \"  id=\"modal-1\" \n\t\t\t\tdata-wp-class--has-modal-open=\"state.isMenuOpen\"\n\t\t\t\tdata-wp-class--is-menu-open=\"state.isMenuOpen\"\n\t\t\t\tdata-wp-watch=\"callbacks.initMenu\"\n\t\t\t\tdata-wp-on--keydown=\"actions.handleMenuKeydown\"\n\t\t\t\tdata-wp-on-async--focusout=\"actions.handleMenuFocusout\"\n\t\t\t\ttabindex=\"-1\"\n\t\t\t>\n\t\t\t\t\t<div class=\"wp-block-navigation__responsive-close\" tabindex=\"-1\">\n\t\t\t\t\t\t<div class=\"wp-block-navigation__responsive-dialog\" \n\t\t\t\tdata-wp-bind--aria-modal=\"state.ariaModal\"\n\t\t\t\tdata-wp-bind--aria-label=\"state.ariaLabel\"\n\t\t\t\tdata-wp-bind--role=\"state.roleAttribute\"\n\t\t\t>\n\t\t\t\t\t\t\t<button aria-label=\"Fechar menu\" class=\"wp-block-navigation__responsive-container-close\" \n\t\t\t\tdata-wp-on-async--click=\"actions.closeMenuOnClick\"\n\t\t\t><svg xmlns=\"http:\/\/www.w3.org\/2000\/svg\" viewBox=\"0 0 24 24\" width=\"24\" height=\"24\" aria-hidden=\"true\" focusable=\"false\"><path d=\"m13.06 12 6.47-6.47-1.06-1.06L12 10.94 5.53 4.47 4.47 5.53 10.94 12l-6.47 6.47 1.06 1.06L12 13.06l6.47 6.47 1.06-1.06L13.06 12Z\"><\/path><\/svg><\/button>\n\t\t\t\t\t\t\t<div class=\"wp-block-navigation__responsive-container-content\" \n\t\t\t\tdata-wp-watch=\"callbacks.focusFirstElement\"\n\t\t\t id=\"modal-1-content\">\n\t\t\t\t\t\t\t\t<ul style=\"font-size:17;\" class=\"wp-block-navigation__container has-background has-background-light-background-color is-responsive alignfull wp-block-navigation\"><li style=\"font-size: 17;\" class=\" wp-block-navigation-item wp-block-navigation-link\"><a class=\"wp-block-navigation-item__content\"  href=\"https:\/\/www.paroquia-damaia.pt\/old\/\"><span class=\"wp-block-navigation-item__label\">In\u00edcio<\/span><\/a><\/li><li style=\"font-size: 17;\" class=\" wp-block-navigation-item has-child wp-block-navigation-link\"><a class=\"wp-block-navigation-item__content\"  href=\"https:\/\/www.paroquia-damaia.pt\/old\/index.php\/acolhimento\/\"><span class=\"wp-block-navigation-item__label\">A Par\u00f3quia<\/span><\/a><span class=\"wp-block-navigation__submenu-icon\"><svg xmlns=\"http:\/\/www.w3.org\/2000\/svg\" width=\"12\" height=\"12\" viewBox=\"0 0 12 12\" fill=\"none\" aria-hidden=\"true\" focusable=\"false\"><path d=\"M1.50002 4L6.00002 8L10.5 4\" stroke-width=\"1.5\"><\/path><\/svg><\/span><ul class=\"wp-block-navigation__submenu-container\"><li style=\"font-size: 17;\" class=\" wp-block-navigation-item wp-block-navigation-link\"><a class=\"wp-block-navigation-item__content\"  href=\"https:\/\/www.paroquia-damaia.pt\/old\/index.php\/acolhimento\/\"><span class=\"wp-block-navigation-item__label\">Acolhimento<\/span><\/a><\/li><li style=\"font-size: 17;\" class=\" wp-block-navigation-item wp-block-navigation-link\"><a class=\"wp-block-navigation-item__content\"  href=\"https:\/\/www.paroquia-damaia.pt\/old\/index.php\/o-paroco-vigario-e-diaconos-da-comunidade\/\"><span class=\"wp-block-navigation-item__label\">O P\u00e1roco, Vig\u00e1rio e Di\u00e1conos da Comunidade<\/span><\/a><\/li><li style=\"font-size: 17;\" class=\" wp-block-navigation-item wp-block-navigation-link\"><a class=\"wp-block-navigation-item__content\"  href=\"https:\/\/www.paroquia-damaia.pt\/old\/index.php\/a-nossa-historia\/\"><span class=\"wp-block-navigation-item__label\">A Nossa Hist\u00f3ria<\/span><\/a><\/li><\/ul><\/li><li style=\"font-size: 17;\" class=\" wp-block-navigation-item has-child wp-block-navigation-link\"><a class=\"wp-block-navigation-item__content\"  href=\"https:\/\/www.paroquia-damaia.pt\/old\/index.php\/catequese\/\"><span class=\"wp-block-navigation-item__label\">Evangeliza\u00e7\u00e3o<\/span><\/a><span class=\"wp-block-navigation__submenu-icon\"><svg xmlns=\"http:\/\/www.w3.org\/2000\/svg\" width=\"12\" height=\"12\" viewBox=\"0 0 12 12\" fill=\"none\" aria-hidden=\"true\" focusable=\"false\"><path d=\"M1.50002 4L6.00002 8L10.5 4\" stroke-width=\"1.5\"><\/path><\/svg><\/span><ul class=\"wp-block-navigation__submenu-container\"><li style=\"font-size: 17;\" class=\" wp-block-navigation-item wp-block-navigation-link\"><a class=\"wp-block-navigation-item__content\"  href=\"https:\/\/www.paroquia-damaia.pt\/old\/index.php\/catequese\/\"><span class=\"wp-block-navigation-item__label\">Catequese<\/span><\/a><\/li><li style=\"font-size: 17;\" class=\" wp-block-navigation-item wp-block-navigation-link\"><a class=\"wp-block-navigation-item__content\"  href=\"https:\/\/www.paroquia-damaia.pt\/old\/index.php\/grupo-de-jovens\/\"><span class=\"wp-block-navigation-item__label\">Pastoral Juvenil<\/span><\/a><\/li><li style=\"font-size: 17;\" class=\" wp-block-navigation-item wp-block-navigation-link\"><a class=\"wp-block-navigation-item__content\"  href=\"https:\/\/www.paroquia-damaia.pt\/old\/damaia-a-caminho\/\"><span class=\"wp-block-navigation-item__label\">Damaia a Caminho<\/span><\/a><\/li><li style=\"font-size: 17;\" class=\" wp-block-navigation-item wp-block-navigation-link\"><a class=\"wp-block-navigation-item__content\"  href=\"https:\/\/www.paroquia-damaia.pt\/old\/catequese-adultos\/\"><span class=\"wp-block-navigation-item__label\">Catequese Adultos<\/span><\/a><\/li><li style=\"font-size: 17;\" class=\" wp-block-navigation-item wp-block-navigation-link\"><a class=\"wp-block-navigation-item__content\"  href=\"https:\/\/www.paroquia-damaia.pt\/old\/index.php\/escuteiros-255-damaia\/\"><span class=\"wp-block-navigation-item__label\">Escuteiros 255-Damaia<\/span><\/a><\/li><li style=\"font-size: 17;\" class=\" wp-block-navigation-item wp-block-navigation-link\"><a class=\"wp-block-navigation-item__content\"  href=\"https:\/\/www.paroquia-damaia.pt\/old\/index.php\/encontros-de-preparacao-batismo-e-encontros-de-preparacao-matrimonio\/\"><span class=\"wp-block-navigation-item__label\">Encontros de Prepara\u00e7\u00e3o Batismo e Matrim\u00f3nio<\/span><\/a><\/li><li style=\"font-size: 17;\" class=\" wp-block-navigation-item wp-block-navigation-link\"><a class=\"wp-block-navigation-item__content\"  href=\"https:\/\/www.paroquia-damaia.pt\/old\/index.php\/grupos-de-reflexao\/\"><span class=\"wp-block-navigation-item__label\">Jornadas de Estudo B\u00edblico<\/span><\/a><\/li><\/ul><\/li><li style=\"font-size: 17;\" class=\" wp-block-navigation-item has-child wp-block-navigation-link\"><a class=\"wp-block-navigation-item__content\"  href=\"https:\/\/www.paroquia-damaia.pt\/old\/index.php\/missas\/\"><span class=\"wp-block-navigation-item__label\">Missas e Celebra\u00e7\u00f5es<\/span><\/a><span class=\"wp-block-navigation__submenu-icon\"><svg xmlns=\"http:\/\/www.w3.org\/2000\/svg\" width=\"12\" height=\"12\" viewBox=\"0 0 12 12\" fill=\"none\" aria-hidden=\"true\" focusable=\"false\"><path d=\"M1.50002 4L6.00002 8L10.5 4\" stroke-width=\"1.5\"><\/path><\/svg><\/span><ul class=\"wp-block-navigation__submenu-container\"><li style=\"font-size: 17;\" class=\" wp-block-navigation-item wp-block-navigation-link\"><a class=\"wp-block-navigation-item__content\"  href=\"https:\/\/www.paroquia-damaia.pt\/old\/index.php\/missas\/\"><span class=\"wp-block-navigation-item__label\">Celebra\u00e7\u00f5es<\/span><\/a><\/li><li style=\"font-size: 17;\" class=\" wp-block-navigation-item wp-block-navigation-link\"><a class=\"wp-block-navigation-item__content\"  href=\"https:\/\/www.paroquia-damaia.pt\/old\/index.php\/pastoral-liturgica\/\"><span class=\"wp-block-navigation-item__label\">Pastoral Lit\u00fargica<\/span><\/a><\/li><\/ul><\/li><li style=\"font-size: 17;\" class=\" wp-block-navigation-item wp-block-navigation-link\"><a class=\"wp-block-navigation-item__content\"  href=\"https:\/\/www.paroquia-damaia.pt\/old\/index.php\/caridade\/\"><span class=\"wp-block-navigation-item__label\">Caridade<\/span><\/a><\/li><li style=\"font-size: 17;\" class=\" wp-block-navigation-item wp-block-navigation-link\"><a class=\"wp-block-navigation-item__content\"  href=\"https:\/\/www.paroquia-damaia.pt\/old\/index.php\/secretaria-paroquial\/\"><span class=\"wp-block-navigation-item__label\">Secretaria Paroquial<\/span><\/a><\/li><\/ul>\n\t\t\t\t\t\t\t<\/div>\n\t\t\t\t\t\t<\/div>\n\t\t\t\t\t<\/div>\n\t\t\t\t<\/div><\/nav>\n\n\n<p><\/p>\n\n\n\n<p>Caros Paroquianos o nosso p\u00e1roco deixou-nos uma mensagem para o inicio do ano jubilar da Igreja Paroquial: <\/p>\n\n\n\n<p>-40 Anos da Consagra\u00e7\u00e3o (1981); \u00a0<\/p>\n\n\n\n<p>-50 anos do lan\u00e7amento da 1a Pedra (1971)<\/p>\n\n\n\n<p> A mensagem pode ser lida em formato PDF em baixo e ser vista no nosso canal youtube &#8211; Redentor TV.<\/p>\n\n\n\n<div class=\"wp-block-columns alignfull is-layout-flex wp-container-core-columns-is-layout-1 wp-block-columns-is-layout-flex\">\n<div class=\"wp-block-column is-layout-flow wp-block-column-is-layout-flow\" style=\"flex-basis:50%\">\n<div class=\"_df_book df-lite\" id=\"df_1223\"  _slug=\"mensagem-quaresmal-paroco-2021\" data-title=\"mensagem-quaresmal-paroco-2021\" wpoptions=\"true\" thumbtype=\"\" ><\/div><script class=\"df-shortcode-script\" type=\"application\/javascript\">window.option_df_1223 = {\"webgl\":\"true\",\"height\":\"auto\",\"duration\":800,\"hard\":\"none\",\"direction\":1,\"wpOptions\":\"true\"}; if(window.DFLIP && window.DFLIP.parseBooks){window.DFLIP.parseBooks();}<\/script>\n<\/div>\n\n\n\n<div class=\"wp-block-column is-layout-flow wp-block-column-is-layout-flow\" style=\"flex-basis:50%\"><div class=\"arve wp-block-nextgenthemes-arve-block\" id=\"arve-youtube-ickohhsbwzo\" data-mode=\"normal\" data-oembed=\"1\" data-provider=\"youtube\">\n<div class=\"arve-inner\">\n<div class=\"arve-embed arve-embed--has-aspect-ratio\">\n<span class=\"arve-ar\" style=\"padding-top:56.266667%\"><\/span><iframe credentialless referrerpolicy=\"strict-origin-when-cross-origin\" allow=\"accelerometer &#039;none&#039;;ambient-light-sensor &#039;none&#039;;autoplay &#039;none&#039;;battery &#039;none&#039;;bluetooth &#039;none&#039;;browsing-topics &#039;none&#039;;camera &#039;none&#039;;ch-ua &#039;none&#039;;clipboard-read &#039;none&#039;;clipboard-write;display-capture &#039;none&#039;;document-domain &#039;none&#039;;domain-agent &#039;none&#039;;encrypted-media &#039;none&#039;;execution-while-not-rendered &#039;none&#039;;execution-while-out-of-viewport &#039;none&#039;;gamepad &#039;none&#039;;geolocation &#039;none&#039;;gyroscope &#039;none&#039;;hid &#039;none&#039;;identity-credentials-get &#039;none&#039;;idle-detection &#039;none&#039;;keyboard-map &#039;none&#039;;local-fonts &#039;none&#039;;magnetometer &#039;none&#039;;microphone &#039;none&#039;;midi &#039;none&#039;;navigation-override &#039;none&#039;;otp-credentials &#039;none&#039;;payment &#039;none&#039;;picture-in-picture;publickey-credentials-create &#039;none&#039;;publickey-credentials-get &#039;none&#039;;screen-wake-lock &#039;none&#039;;serial &#039;none&#039;;speaker-selection;sync-xhr &#039;none&#039;;usb &#039;none&#039;;web-share;window-management &#039;none&#039;;xr-spatial-tracking &#039;none&#039;;\" allowfullscreen class=\"arve-iframe fitvidsignore\" data-arve=\"arve-youtube-ickohhsbwzo\" data-src-no-ap=\"https:\/\/www.youtube-nocookie.com\/embed\/icKOhhSbwzo?feature=oembed&amp;iv_load_policy=3&amp;modestbranding=1&amp;rel=0&amp;autohide=1&amp;playsinline=0&amp;autoplay=0\" frameborder=\"0\" height=\"0\" name sandbox=\"allow-scripts allow-same-origin allow-presentation allow-popups allow-popups-to-escape-sandbox\" scrolling=\"no\" src=\"https:\/\/www.youtube-nocookie.com\/embed\/icKOhhSbwzo?feature=oembed&#038;iv_load_policy=3&#038;modestbranding=1&#038;rel=0&#038;autohide=1&#038;playsinline=0&#038;autoplay=0\" width=\"0\" title loading=\"lazy\"><\/iframe>\n\n<\/div>\n\n<\/div>\n<script type=\"application\/ld+json\">{\"@context\":\"http:\\\/\\\/schema.org\\\/\",\"@id\":\"https:\\\/\\\/www.paroquia-damaia.pt\\\/old\\\/2021-ano-jubilar-da-igreja-paroquial\\\/#arve-youtube-ickohhsbwzo\",\"type\":\"VideoObject\",\"embedURL\":\"https:\\\/\\\/www.youtube-nocookie.com\\\/embed\\\/icKOhhSbwzo?feature=oembed&iv_load_policy=3&modestbranding=1&rel=0&autohide=1&playsinline=0&autoplay=0\"}<\/script>\n<\/div>\n<\/div>\n<\/div>\n\n\n\n<p><\/p>\n\n\n\n<p>Um Abra\u00e7o em Cristo,<\/p>\n\n\n\n<p>Equipa da Comunica\u00e7\u00e3o<\/p>\n","protected":false},"excerpt":{"rendered":"<p>Caros Paroquianos o nosso p\u00e1roco deixou-nos uma mensagem para o inicio do ano jubilar da Igreja Paroquial: -40 Anos da Consagra\u00e7\u00e3o (1981); \u00a0 -50 anos do lan\u00e7amento da 1a Pedra (1971) A mensagem pode ser lida em formato PDF em baixo e ser vista no nosso canal youtube &#8211; Redentor TV. Um Abra\u00e7o em Cristo,<a class=\"more-link\" href=\"https:\/\/www.paroquia-damaia.pt\/old\/2021-ano-jubilar-da-igreja-paroquial\/\">Continuar lendo <span class=\"screen-reader-text\">&#8220;2021 &#8211; Ano Jubilar da Igreja Paroquial&#8221;<\/span><\/a><\/p>\n","protected":false},"author":3,"featured_media":1228,"comment_status":"closed","ping_status":"open","sticky":false,"template":"","format":"standard","meta":{"footnotes":""},"categories":[4],"tags":[],"class_list":["post-1222","post","type-post","status-publish","format-standard","has-post-thumbnail","hentry","category-avisos-paroquiais","entry"],"_links":{"self":[{"href":"https:\/\/www.paroquia-damaia.pt\/old\/wp-json\/wp\/v2\/posts\/1222","targetHints":{"allow":["GET"]}}],"collection":[{"href":"https:\/\/www.paroquia-damaia.pt\/old\/wp-json\/wp\/v2\/posts"}],"about":[{"href":"https:\/\/www.paroquia-damaia.pt\/old\/wp-json\/wp\/v2\/types\/post"}],"author":[{"embeddable":true,"href":"https:\/\/www.paroquia-damaia.pt\/old\/wp-json\/wp\/v2\/users\/3"}],"replies":[{"embeddable":true,"href":"https:\/\/www.paroquia-damaia.pt\/old\/wp-json\/wp\/v2\/comments?post=1222"}],"version-history":[{"count":1,"href":"https:\/\/www.paroquia-damaia.pt\/old\/wp-json\/wp\/v2\/posts\/1222\/revisions"}],"predecessor-version":[{"id":1229,"href":"https:\/\/www.paroquia-damaia.pt\/old\/wp-json\/wp\/v2\/posts\/1222\/revisions\/1229"}],"wp:featuredmedia":[{"embeddable":true,"href":"https:\/\/www.paroquia-damaia.pt\/old\/wp-json\/wp\/v2\/media\/1228"}],"wp:attachment":[{"href":"https:\/\/www.paroquia-damaia.pt\/old\/wp-json\/wp\/v2\/media?parent=1222"}],"wp:term":[{"taxonomy":"category","embeddable":true,"href":"https:\/\/www.paroquia-damaia.pt\/old\/wp-json\/wp\/v2\/categories?post=1222"},{"taxonomy":"post_tag","embeddable":true,"href":"https:\/\/www.paroquia-damaia.pt\/old\/wp-json\/wp\/v2\/tags?post=1222"}],"curies":[{"name":"wp","href":"https:\/\/api.w.org\/{rel}","templated":true}]}}