{"id":1290,"date":"2021-03-13T15:30:01","date_gmt":"2021-03-13T15:30:01","guid":{"rendered":"https:\/\/www.paroquia-damaia.pt\/old\/?p=1290"},"modified":"2021-03-13T15:30:01","modified_gmt":"2021-03-13T15:30:01","slug":"2021-ano-jubilar-da-igreja-paroquial-2","status":"publish","type":"post","link":"https:\/\/www.paroquia-damaia.pt\/old\/2021-ano-jubilar-da-igreja-paroquial-2\/","title":{"rendered":"2021 &#8211; Ano Jubilar da Igreja Paroquial"},"content":{"rendered":"\n<p class=\"has-text-align-center\"><strong><u>Comunica\u00e7\u00f5es Paroquiais<\/u><\/strong> &#8211; <strong>12\/03\/2021<\/strong><\/p>\n\n\n\n\n\n<p><strong>Retoma das celebra\u00e7\u00f5es presenciais<\/strong><\/p>\n\n\n\n<p>Seguindo a decis\u00e3o do Conselho Permanente da Confer\u00eancia Episcopal Portuguesa, com alegria retomamos, <strong>a partir da pr\u00f3xima segunda-feira, dia 15 de mar\u00e7o<\/strong>, no dia em que a Igreja e a Congrega\u00e7\u00e3o Redentorista celebra a <strong>Festa de S\u00e3o Clemente Hofbauer<\/strong>, as nossas <strong>celebra\u00e7\u00f5es eucar\u00edsticas<\/strong>.<\/p>\n\n\n\n<p>Assim, durante a semana teremos celebra\u00e7\u00f5es de <strong>missas<\/strong>, <strong>\u00e0s 09h e \u00e0s 19h<\/strong>, como de costume. Aos domingos, a partir do 5\u00ba Domingo da Quaresma (21 de mar\u00e7o), teremos, contudo, quatro missas: \u00e0s <strong>09h<\/strong>, \u00e0s <strong>11h<\/strong>, \u00e0s <strong>17h<\/strong> e \u00e0s <strong>19h<\/strong>. Retomamos tamb\u00e9m a <strong>adora\u00e7\u00e3o ao Sant\u00edssimo Sacramento<\/strong>, nas quintas-feiras, \u00e0s 18h15, e a reza do <strong>Ter\u00e7o<\/strong>.<\/p>\n\n\n\n<p>Lembramos tamb\u00e9m, que \u00e9 preciso levar em considera\u00e7\u00e3o os procedimentos de<strong> seguran\u00e7a quanto a sa\u00fade pr\u00f3pria e a dos outros<\/strong>. Esperamos a compreens\u00e3o e a colabora\u00e7\u00e3o de todos. A lota\u00e7\u00e3o m\u00e1xima da nossa igreja, neste tempo pand\u00eamico, \u00e9 de <strong>120 pessoas<\/strong>. Por isso, para poder celebrar com maior seguran\u00e7a e para atender as necessidades espirituais de todos os fi\u00e9is <strong>introduzimos, aos domingos, mais uma santa missa dominical, \u00e0s 17h<\/strong>.&nbsp;<\/p>\n\n\n\n<p><strong>Seja bem-vindo<\/strong> na sua comunidade paroquial. Com alegria <strong>celebremos juntos o Ano Jubilar de nossa Par\u00f3quia.<\/strong> E antes de tudo, <strong>preparemo-nos na f\u00e9 a celebrar a P\u00e1scoa do Senhor<\/strong>.<\/p>\n\n\n\n<p>Pe. Crist\u00f3v\u00e3o Dworak \u2013 o P\u00e1roco<\/p>\n\n\n\n<p>Damaia, 12 de mar\u00e7o de 2021&nbsp;&nbsp;<\/p>\n","protected":false},"excerpt":{"rendered":"<p>Comunica\u00e7\u00f5es Paroquiais &#8211; 12\/03\/2021 Retoma das celebra\u00e7\u00f5es presenciais Seguindo a decis\u00e3o do Conselho Permanente da Confer\u00eancia Episcopal Portuguesa, com alegria retomamos, a partir da pr\u00f3xima segunda-feira, dia 15 de mar\u00e7o, no dia em que a Igreja e a Congrega\u00e7\u00e3o Redentorista celebra a Festa de S\u00e3o Clemente Hofbauer, as nossas celebra\u00e7\u00f5es eucar\u00edsticas. Assim, durante a semana<a class=\"more-link\" href=\"https:\/\/www.paroquia-damaia.pt\/old\/2021-ano-jubilar-da-igreja-paroquial-2\/\">Continuar lendo <span class=\"screen-reader-text\">&#8220;2021 &#8211; Ano Jubilar da Igreja Paroquial&#8221;<\/span><\/a><\/p>\n","protected":false},"author":5,"featured_media":1291,"comment_status":"closed","ping_status":"open","sticky":false,"template":"","format":"standard","meta":{"footnotes":""},"categories":[4,5],"tags":[],"class_list":["post-1290","post","type-post","status-publish","format-standard","has-post-thumbnail","hentry","category-avisos-paroquiais","category-noticias","entry"],"_links":{"self":[{"href":"https:\/\/www.paroquia-damaia.pt\/old\/wp-json\/wp\/v2\/posts\/1290","targetHints":{"allow":["GET"]}}],"collection":[{"href":"https:\/\/www.paroquia-damaia.pt\/old\/wp-json\/wp\/v2\/posts"}],"about":[{"href":"https:\/\/www.paroquia-damaia.pt\/old\/wp-json\/wp\/v2\/types\/post"}],"author":[{"embeddable":true,"href":"https:\/\/www.paroquia-damaia.pt\/old\/wp-json\/wp\/v2\/users\/5"}],"replies":[{"embeddable":true,"href":"https:\/\/www.paroquia-damaia.pt\/old\/wp-json\/wp\/v2\/comments?post=1290"}],"version-history":[{"count":1,"href":"https:\/\/www.paroquia-damaia.pt\/old\/wp-json\/wp\/v2\/posts\/1290\/revisions"}],"predecessor-version":[{"id":1292,"href":"https:\/\/www.paroquia-damaia.pt\/old\/wp-json\/wp\/v2\/posts\/1290\/revisions\/1292"}],"wp:featuredmedia":[{"embeddable":true,"href":"https:\/\/www.paroquia-damaia.pt\/old\/wp-json\/wp\/v2\/media\/1291"}],"wp:attachment":[{"href":"https:\/\/www.paroquia-damaia.pt\/old\/wp-json\/wp\/v2\/media?parent=1290"}],"wp:term":[{"taxonomy":"category","embeddable":true,"href":"https:\/\/www.paroquia-damaia.pt\/old\/wp-json\/wp\/v2\/categories?post=1290"},{"taxonomy":"post_tag","embeddable":true,"href":"https:\/\/www.paroquia-damaia.pt\/old\/wp-json\/wp\/v2\/tags?post=1290"}],"curies":[{"name":"wp","href":"https:\/\/api.w.org\/{rel}","templated":true}]}}