{"id":1302,"date":"2021-03-14T12:40:55","date_gmt":"2021-03-14T12:40:55","guid":{"rendered":"https:\/\/www.paroquia-damaia.pt\/old\/?p=1302"},"modified":"2021-03-14T12:42:24","modified_gmt":"2021-03-14T12:42:24","slug":"comunicacoes-paroquiais-14-03-2021","status":"publish","type":"post","link":"https:\/\/www.paroquia-damaia.pt\/old\/comunicacoes-paroquiais-14-03-2021\/","title":{"rendered":"Comunica\u00e7\u00f5es Paroquiais &#8211; 14\/03\/2021"},"content":{"rendered":"\n<p class=\"has-text-align-center\"><strong>Ano Jubilar da Igreja Paroquial<\/strong><\/p>\n\n\n<nav style=\"font-size:17;\" class=\"has-background has-background-light-background-color is-responsive alignfull wp-block-navigation is-layout-flex wp-block-navigation-is-layout-flex\" aria-label=\"\" \n\t\t data-wp-interactive=\"core\/navigation\" data-wp-context='{\"overlayOpenedBy\":{\"click\":false,\"hover\":false,\"focus\":false},\"type\":\"overlay\",\"roleAttribute\":\"\",\"ariaLabel\":\"Menu\"}'><button aria-haspopup=\"dialog\" aria-label=\"Abrir menu\" class=\"wp-block-navigation__responsive-container-open \" \n\t\t\t\tdata-wp-on-async--click=\"actions.openMenuOnClick\"\n\t\t\t\tdata-wp-on--keydown=\"actions.handleMenuKeydown\"\n\t\t\t><svg width=\"24\" height=\"24\" xmlns=\"http:\/\/www.w3.org\/2000\/svg\" viewBox=\"0 0 24 24\" aria-hidden=\"true\" focusable=\"false\"><rect x=\"4\" y=\"7.5\" width=\"16\" height=\"1.5\" \/><rect x=\"4\" y=\"15\" width=\"16\" height=\"1.5\" \/><\/svg><\/button>\n\t\t\t\t<div class=\"wp-block-navigation__responsive-container  \"  id=\"modal-1\" \n\t\t\t\tdata-wp-class--has-modal-open=\"state.isMenuOpen\"\n\t\t\t\tdata-wp-class--is-menu-open=\"state.isMenuOpen\"\n\t\t\t\tdata-wp-watch=\"callbacks.initMenu\"\n\t\t\t\tdata-wp-on--keydown=\"actions.handleMenuKeydown\"\n\t\t\t\tdata-wp-on-async--focusout=\"actions.handleMenuFocusout\"\n\t\t\t\ttabindex=\"-1\"\n\t\t\t>\n\t\t\t\t\t<div class=\"wp-block-navigation__responsive-close\" tabindex=\"-1\">\n\t\t\t\t\t\t<div class=\"wp-block-navigation__responsive-dialog\" \n\t\t\t\tdata-wp-bind--aria-modal=\"state.ariaModal\"\n\t\t\t\tdata-wp-bind--aria-label=\"state.ariaLabel\"\n\t\t\t\tdata-wp-bind--role=\"state.roleAttribute\"\n\t\t\t>\n\t\t\t\t\t\t\t<button aria-label=\"Fechar menu\" class=\"wp-block-navigation__responsive-container-close\" \n\t\t\t\tdata-wp-on-async--click=\"actions.closeMenuOnClick\"\n\t\t\t><svg xmlns=\"http:\/\/www.w3.org\/2000\/svg\" viewBox=\"0 0 24 24\" width=\"24\" height=\"24\" aria-hidden=\"true\" focusable=\"false\"><path d=\"m13.06 12 6.47-6.47-1.06-1.06L12 10.94 5.53 4.47 4.47 5.53 10.94 12l-6.47 6.47 1.06 1.06L12 13.06l6.47 6.47 1.06-1.06L13.06 12Z\"><\/path><\/svg><\/button>\n\t\t\t\t\t\t\t<div class=\"wp-block-navigation__responsive-container-content\" \n\t\t\t\tdata-wp-watch=\"callbacks.focusFirstElement\"\n\t\t\t id=\"modal-1-content\">\n\t\t\t\t\t\t\t\t<ul style=\"font-size:17;\" class=\"wp-block-navigation__container has-background has-background-light-background-color is-responsive alignfull wp-block-navigation\"><li style=\"font-size: 17;\" class=\" wp-block-navigation-item wp-block-navigation-link\"><a class=\"wp-block-navigation-item__content\"  href=\"https:\/\/www.paroquia-damaia.pt\/old\/\"><span class=\"wp-block-navigation-item__label\">In\u00edcio<\/span><\/a><\/li><li style=\"font-size: 17;\" class=\" wp-block-navigation-item has-child wp-block-navigation-link\"><a class=\"wp-block-navigation-item__content\"  href=\"https:\/\/www.paroquia-damaia.pt\/old\/index.php\/acolhimento\/\"><span class=\"wp-block-navigation-item__label\">A Par\u00f3quia<\/span><\/a><span class=\"wp-block-navigation__submenu-icon\"><svg xmlns=\"http:\/\/www.w3.org\/2000\/svg\" width=\"12\" height=\"12\" viewBox=\"0 0 12 12\" fill=\"none\" aria-hidden=\"true\" focusable=\"false\"><path d=\"M1.50002 4L6.00002 8L10.5 4\" stroke-width=\"1.5\"><\/path><\/svg><\/span><ul class=\"wp-block-navigation__submenu-container\"><li style=\"font-size: 17;\" class=\" wp-block-navigation-item wp-block-navigation-link\"><a class=\"wp-block-navigation-item__content\"  href=\"https:\/\/www.paroquia-damaia.pt\/old\/index.php\/acolhimento\/\"><span class=\"wp-block-navigation-item__label\">Acolhimento<\/span><\/a><\/li><li style=\"font-size: 17;\" class=\" wp-block-navigation-item wp-block-navigation-link\"><a class=\"wp-block-navigation-item__content\"  href=\"https:\/\/www.paroquia-damaia.pt\/old\/index.php\/o-paroco-vigario-e-diaconos-da-comunidade\/\"><span class=\"wp-block-navigation-item__label\">O P\u00e1roco, Vig\u00e1rio e Di\u00e1conos da Comunidade<\/span><\/a><\/li><li style=\"font-size: 17;\" class=\" wp-block-navigation-item wp-block-navigation-link\"><a class=\"wp-block-navigation-item__content\"  href=\"https:\/\/www.paroquia-damaia.pt\/old\/index.php\/a-nossa-historia\/\"><span class=\"wp-block-navigation-item__label\">A Nossa Hist\u00f3ria<\/span><\/a><\/li><\/ul><\/li><li style=\"font-size: 17;\" class=\" wp-block-navigation-item has-child wp-block-navigation-link\"><a class=\"wp-block-navigation-item__content\"  href=\"https:\/\/www.paroquia-damaia.pt\/old\/index.php\/catequese\/\"><span class=\"wp-block-navigation-item__label\">Evangeliza\u00e7\u00e3o<\/span><\/a><span class=\"wp-block-navigation__submenu-icon\"><svg xmlns=\"http:\/\/www.w3.org\/2000\/svg\" width=\"12\" height=\"12\" viewBox=\"0 0 12 12\" fill=\"none\" aria-hidden=\"true\" focusable=\"false\"><path d=\"M1.50002 4L6.00002 8L10.5 4\" stroke-width=\"1.5\"><\/path><\/svg><\/span><ul class=\"wp-block-navigation__submenu-container\"><li style=\"font-size: 17;\" class=\" wp-block-navigation-item wp-block-navigation-link\"><a class=\"wp-block-navigation-item__content\"  href=\"https:\/\/www.paroquia-damaia.pt\/old\/index.php\/catequese\/\"><span class=\"wp-block-navigation-item__label\">Catequese<\/span><\/a><\/li><li style=\"font-size: 17;\" class=\" wp-block-navigation-item wp-block-navigation-link\"><a class=\"wp-block-navigation-item__content\"  href=\"https:\/\/www.paroquia-damaia.pt\/old\/catequese-adultos\/\"><span class=\"wp-block-navigation-item__label\">Catequese Adultos<\/span><\/a><\/li><li style=\"font-size: 17;\" class=\" wp-block-navigation-item wp-block-navigation-link\"><a class=\"wp-block-navigation-item__content\"  href=\"https:\/\/www.paroquia-damaia.pt\/old\/index.php\/grupo-de-jovens\/\"><span class=\"wp-block-navigation-item__label\">Pastoral Juvenil<\/span><\/a><\/li><li style=\"font-size: 17;\" class=\" wp-block-navigation-item wp-block-navigation-link\"><a class=\"wp-block-navigation-item__content\"  href=\"https:\/\/www.paroquia-damaia.pt\/old\/index.php\/escuteiros-255-damaia\/\"><span class=\"wp-block-navigation-item__label\">Escuteiros 255-Damaia<\/span><\/a><\/li><li style=\"font-size: 17;\" class=\" wp-block-navigation-item wp-block-navigation-link\"><a class=\"wp-block-navigation-item__content\"  href=\"https:\/\/www.paroquia-damaia.pt\/old\/index.php\/encontros-de-preparacao-batismo-e-encontros-de-preparacao-matrimonio\/\"><span class=\"wp-block-navigation-item__label\">Encontros de Prepara\u00e7\u00e3o Batismo e Matrim\u00f3nio<\/span><\/a><\/li><li style=\"font-size: 17;\" class=\" wp-block-navigation-item wp-block-navigation-link\"><a class=\"wp-block-navigation-item__content\"  href=\"https:\/\/www.paroquia-damaia.pt\/old\/index.php\/grupos-de-reflexao\/\"><span class=\"wp-block-navigation-item__label\">Grupos de Reflex\u00e3o<\/span><\/a><\/li><\/ul><\/li><li style=\"font-size: 17;\" class=\" wp-block-navigation-item has-child wp-block-navigation-link\"><a class=\"wp-block-navigation-item__content\"  href=\"https:\/\/www.paroquia-damaia.pt\/old\/index.php\/missas\/\"><span class=\"wp-block-navigation-item__label\">Missas e Celebra\u00e7\u00f5es<\/span><\/a><span class=\"wp-block-navigation__submenu-icon\"><svg xmlns=\"http:\/\/www.w3.org\/2000\/svg\" width=\"12\" height=\"12\" viewBox=\"0 0 12 12\" fill=\"none\" aria-hidden=\"true\" focusable=\"false\"><path d=\"M1.50002 4L6.00002 8L10.5 4\" stroke-width=\"1.5\"><\/path><\/svg><\/span><ul class=\"wp-block-navigation__submenu-container\"><li style=\"font-size: 17;\" class=\" wp-block-navigation-item wp-block-navigation-link\"><a class=\"wp-block-navigation-item__content\"  href=\"https:\/\/www.paroquia-damaia.pt\/old\/index.php\/missas\/\"><span class=\"wp-block-navigation-item__label\">Celebra\u00e7\u00f5es<\/span><\/a><\/li><li style=\"font-size: 17;\" class=\" wp-block-navigation-item wp-block-navigation-link\"><a class=\"wp-block-navigation-item__content\"  href=\"https:\/\/www.paroquia-damaia.pt\/old\/index.php\/pastoral-liturgica\/\"><span class=\"wp-block-navigation-item__label\">Pastoral Lit\u00fargica<\/span><\/a><\/li><\/ul><\/li><li style=\"font-size: 17;\" class=\" wp-block-navigation-item wp-block-navigation-link\"><a class=\"wp-block-navigation-item__content\"  href=\"https:\/\/www.paroquia-damaia.pt\/old\/index.php\/caridade\/\"><span class=\"wp-block-navigation-item__label\">Caridade<\/span><\/a><\/li><li style=\"font-size: 17;\" class=\" wp-block-navigation-item wp-block-navigation-link\"><a class=\"wp-block-navigation-item__content\"  href=\"https:\/\/www.paroquia-damaia.pt\/old\/index.php\/secretaria-paroquial\/\"><span class=\"wp-block-navigation-item__label\">Secretaria Paroquial<\/span><\/a><\/li><\/ul>\n\t\t\t\t\t\t\t<\/div>\n\t\t\t\t\t\t<\/div>\n\t\t\t\t\t<\/div>\n\t\t\t\t<\/div><\/nav>\n\n\n<p><\/p>\n\n\n\n<div class=\"wp-block-group alignfull\"><div class=\"wp-block-group__inner-container is-layout-flow wp-block-group-is-layout-flow\">\n<blockquote class=\"wp-block-quote has-text-align-center is-style-large is-layout-flow wp-block-quote-is-layout-flow\"><p>&#8220;<strong><em>Deus enviou o seu Filho, para que o mundo seja salvo por Ele<\/em><\/strong>&#8220;<\/p><cite>(Jo 3,16)<\/cite><\/blockquote>\n<\/div><\/div>\n\n\n\n<p><\/p>\n\n\n\n<p><strong><u>Domingo | 14\/03<\/u><\/strong><strong> \u2013 <\/strong>4\u00ba Domingo da Quaresma. <strong>Transmiss\u00e3o da Missa <\/strong>dominical<strong> <\/strong><em>em direto<\/em> da Igreja Paroquial, no Canal <em>RedentorTV<\/em> \u2013 YouTube, <strong>\u00e0s 10h<\/strong>.<\/p>\n\n\n\n<p><strong><u>2\u00aa Feira | 15\/03<\/u><\/strong><strong> <\/strong>&nbsp;&#8211; Festa de <strong>S. Clemente Hofbauer<\/strong>, redentorista. <strong>Missas<\/strong> \u00e0s 09h e \u00e0s 19h.<\/p>\n\n\n\n<p><strong><u>3\u00aa Feira | 16\/03<\/u><\/strong><strong> <\/strong>&nbsp;&#8211; <strong>Missas<\/strong> \u00e0s 09h e \u00e0s 19h. <strong>Reuni\u00e3o<\/strong> da Coordena\u00e7\u00e3o da <strong>Pastoral Lit\u00fargica<\/strong>, (21h \u2013 Zoom).<\/p>\n\n\n\n<p><strong><u>4\u00aa Feira | 17\/03<\/u><\/strong><strong> <\/strong>&nbsp;&#8211; Missas com <strong>Novena Perp\u00e9tua e Novena a S\u00e3o Jos\u00e9<\/strong>, \u00e0s 09h e \u00e0s 19h.&nbsp;<\/p>\n\n\n\n<p><strong><u>5\u00aa Feira | 18\/03<\/u><\/strong><strong> <\/strong>&nbsp;&#8211; <strong>Santas Missas,<\/strong> \u00e0s 09h e 19h. <strong>Exposi\u00e7\u00e3o<\/strong> e Adora\u00e7\u00e3o ao Sant\u00edssimo Sacramento, \u00e0s 18h15.<\/p>\n\n\n\n<p><strong><u>6\u00aa Feira | 19\/03<\/u><\/strong><strong> \u2013 <\/strong>Solenidade de<strong> S\u00e3o Jos\u00e9, <\/strong>Esposo da Virgem Maria.<strong> Missas, \u00e0s 09h e 19h. Via-Sacra na igreja, \u00e0s 18h. <\/strong>&nbsp;<strong>8\u00ba anivers\u00e1rio<\/strong> da inaugura\u00e7\u00e3o do <strong>Pontificado<\/strong> do Papa Francisco.<\/p>\n\n\n\n<p><strong><u>S\u00e1bado | 20\/03 <\/u><\/strong><strong>\u2013 <\/strong>Transmiss\u00e3o da<strong> Missa<\/strong> <em>em direto<\/em> da Igreja Paroquial, \u00e0s <strong>19h. <\/strong>&nbsp;&nbsp;<\/p>\n\n\n\n<p><strong><u>Domingo | 21\/03<\/u><\/strong><strong> <\/strong>\u2013 <strong>5\u00ba Domingo da Quaresma<\/strong>. Missas: \u00e0s <strong>09h<\/strong>; \u00e0s <strong>11h<\/strong>; \u00e0s <strong>17h<\/strong>; \u00e0s <strong>19h<\/strong>. <strong>&nbsp;<\/strong>&nbsp;&nbsp;<strong>&nbsp;<\/strong>&nbsp;&nbsp;&nbsp;&nbsp;&nbsp;<\/p>\n\n\n\n<p>Este domingo, dia 14 de mar\u00e7o, no hor\u00e1rio das 10h30 \u00e0s 12h30, damos continuidade \u00e0 campanha de <strong>Recolha de Alimentos<\/strong> (\u00d3leo \/ Azeite) promovida pela Despensa Comunit\u00e1ria. Colabore.<\/p>\n\n\n\n<p><strong>Retomamos as celebra\u00e7\u00f5es nos hor\u00e1rios habituais<\/strong>, contudo, a partir do pr\u00f3ximo domingo, dia 21 de mar\u00e7o teremos mais um hor\u00e1rio de missas dominicais e festivas, <strong>\u00e0s 17h<\/strong>. Isto para proporcionar mais seguran\u00e7a e para evitar a aglomera\u00e7\u00e3o de fi\u00e9is nas missas. Pedimos para respeitar as regras de seguran\u00e7a sanit\u00e1ria, j\u00e1 do conhecimento de todos. Obrigado.&nbsp;&nbsp;<\/p>\n\n\n\n<p>A <strong>Ren\u00fancia Quaresmal<\/strong> deste ano ser\u00e1 para a <strong>C\u00e1ritas Diocesana<\/strong>. Veja a maneira de colaborar.&nbsp;&nbsp;<\/p>\n\n\n\n<p>Estamos aproveitando a aus\u00eancia de atividades no Centro Paroquial Pastoral para dar <strong>continuidade \u00e0s obras iniciadas<\/strong>, e que pretendemos terminar at\u00e9 o final de abril. Contamos com a sua colabora\u00e7\u00e3o. Veja a indica\u00e7\u00e3o na p\u00e1gina da par\u00f3quia.&nbsp;<\/p>\n\n\n\n<p><strong>Iniciamos o registo <\/strong>dos paroquianos. Ele n\u00e3o \u00e9 obrigat\u00f3rio, contudo, faz parte da organiza\u00e7\u00e3o da Par\u00f3quia.\u00a0 Colabore, preenche a ficha e devolva \u00e0 Secretaria da Par\u00f3quia.<\/p>\n\n\n\n<p><\/p>\n\n\n\n<p>Pe. Crist\u00f3v\u00e3o Dworak, CSsR \u2013 P\u00e1roco \u00a0\u00a0\u00a0\u00a0\u00a0\u00a0\u00a0\u00a0\u00a0\u00a0\u00a0\u00a0\u00a0\u00a0\u00a0\u00a0\u00a0\u00a0\u00a0\u00a0\u00a0\u00a0\u00a0\u00a0\u00a0\u00a0\u00a0\u00a0\u00a0\u00a0\u00a0\u00a0\u00a0\u00a0\u00a0\u00a0\u00a0\u00a0\u00a0\u00a0\u00a0\u00a0\u00a0\u00a0\u00a0\u00a0<\/p>\n\n\n\n<p>Damaia, 14 de Mar\u00e7o de 2021<\/p>\n","protected":false},"excerpt":{"rendered":"<p>Ano Jubilar da Igreja Paroquial &#8220;Deus enviou o seu Filho, para que o mundo seja salvo por Ele&#8220; (Jo 3,16) Domingo | 14\/03 \u2013 4\u00ba Domingo da Quaresma. Transmiss\u00e3o da Missa dominical em direto da Igreja Paroquial, no Canal RedentorTV \u2013 YouTube, \u00e0s 10h. 2\u00aa Feira | 15\/03 &nbsp;&#8211; Festa de S. Clemente Hofbauer, redentorista.<a class=\"more-link\" href=\"https:\/\/www.paroquia-damaia.pt\/old\/comunicacoes-paroquiais-14-03-2021\/\">Continuar lendo <span class=\"screen-reader-text\">&#8220;Comunica\u00e7\u00f5es Paroquiais &#8211; 14\/03\/2021&#8221;<\/span><\/a><\/p>\n","protected":false},"author":5,"featured_media":1303,"comment_status":"closed","ping_status":"open","sticky":false,"template":"","format":"standard","meta":{"footnotes":""},"categories":[4],"tags":[],"class_list":["post-1302","post","type-post","status-publish","format-standard","has-post-thumbnail","hentry","category-avisos-paroquiais","entry"],"_links":{"self":[{"href":"https:\/\/www.paroquia-damaia.pt\/old\/wp-json\/wp\/v2\/posts\/1302","targetHints":{"allow":["GET"]}}],"collection":[{"href":"https:\/\/www.paroquia-damaia.pt\/old\/wp-json\/wp\/v2\/posts"}],"about":[{"href":"https:\/\/www.paroquia-damaia.pt\/old\/wp-json\/wp\/v2\/types\/post"}],"author":[{"embeddable":true,"href":"https:\/\/www.paroquia-damaia.pt\/old\/wp-json\/wp\/v2\/users\/5"}],"replies":[{"embeddable":true,"href":"https:\/\/www.paroquia-damaia.pt\/old\/wp-json\/wp\/v2\/comments?post=1302"}],"version-history":[{"count":3,"href":"https:\/\/www.paroquia-damaia.pt\/old\/wp-json\/wp\/v2\/posts\/1302\/revisions"}],"predecessor-version":[{"id":1306,"href":"https:\/\/www.paroquia-damaia.pt\/old\/wp-json\/wp\/v2\/posts\/1302\/revisions\/1306"}],"wp:featuredmedia":[{"embeddable":true,"href":"https:\/\/www.paroquia-damaia.pt\/old\/wp-json\/wp\/v2\/media\/1303"}],"wp:attachment":[{"href":"https:\/\/www.paroquia-damaia.pt\/old\/wp-json\/wp\/v2\/media?parent=1302"}],"wp:term":[{"taxonomy":"category","embeddable":true,"href":"https:\/\/www.paroquia-damaia.pt\/old\/wp-json\/wp\/v2\/categories?post=1302"},{"taxonomy":"post_tag","embeddable":true,"href":"https:\/\/www.paroquia-damaia.pt\/old\/wp-json\/wp\/v2\/tags?post=1302"}],"curies":[{"name":"wp","href":"https:\/\/api.w.org\/{rel}","templated":true}]}}