{"id":1376,"date":"2021-04-01T16:48:24","date_gmt":"2021-04-01T16:48:24","guid":{"rendered":"https:\/\/www.paroquia-damaia.pt\/old\/?p=1376"},"modified":"2021-04-01T16:48:24","modified_gmt":"2021-04-01T16:48:24","slug":"transmissao-semana-santa","status":"publish","type":"post","link":"https:\/\/www.paroquia-damaia.pt\/old\/transmissao-semana-santa\/","title":{"rendered":"Transmiss\u00e3o Semana Santa"},"content":{"rendered":"<nav style=\"font-size:17;\" class=\"has-background has-background-light-background-color is-responsive wp-block-navigation is-layout-flex wp-block-navigation-is-layout-flex\" aria-label=\"\" \n\t\t data-wp-interactive=\"core\/navigation\" data-wp-context='{\"overlayOpenedBy\":{\"click\":false,\"hover\":false,\"focus\":false},\"type\":\"overlay\",\"roleAttribute\":\"\",\"ariaLabel\":\"Menu\"}'><button aria-haspopup=\"dialog\" aria-label=\"Abrir menu\" class=\"wp-block-navigation__responsive-container-open \" \n\t\t\t\tdata-wp-on-async--click=\"actions.openMenuOnClick\"\n\t\t\t\tdata-wp-on--keydown=\"actions.handleMenuKeydown\"\n\t\t\t><svg width=\"24\" height=\"24\" xmlns=\"http:\/\/www.w3.org\/2000\/svg\" viewBox=\"0 0 24 24\" aria-hidden=\"true\" focusable=\"false\"><rect x=\"4\" y=\"7.5\" width=\"16\" height=\"1.5\" \/><rect x=\"4\" y=\"15\" width=\"16\" height=\"1.5\" \/><\/svg><\/button>\n\t\t\t\t<div class=\"wp-block-navigation__responsive-container  \"  id=\"modal-1\" \n\t\t\t\tdata-wp-class--has-modal-open=\"state.isMenuOpen\"\n\t\t\t\tdata-wp-class--is-menu-open=\"state.isMenuOpen\"\n\t\t\t\tdata-wp-watch=\"callbacks.initMenu\"\n\t\t\t\tdata-wp-on--keydown=\"actions.handleMenuKeydown\"\n\t\t\t\tdata-wp-on-async--focusout=\"actions.handleMenuFocusout\"\n\t\t\t\ttabindex=\"-1\"\n\t\t\t>\n\t\t\t\t\t<div class=\"wp-block-navigation__responsive-close\" tabindex=\"-1\">\n\t\t\t\t\t\t<div class=\"wp-block-navigation__responsive-dialog\" \n\t\t\t\tdata-wp-bind--aria-modal=\"state.ariaModal\"\n\t\t\t\tdata-wp-bind--aria-label=\"state.ariaLabel\"\n\t\t\t\tdata-wp-bind--role=\"state.roleAttribute\"\n\t\t\t>\n\t\t\t\t\t\t\t<button aria-label=\"Fechar menu\" class=\"wp-block-navigation__responsive-container-close\" \n\t\t\t\tdata-wp-on-async--click=\"actions.closeMenuOnClick\"\n\t\t\t><svg xmlns=\"http:\/\/www.w3.org\/2000\/svg\" viewBox=\"0 0 24 24\" width=\"24\" height=\"24\" aria-hidden=\"true\" focusable=\"false\"><path d=\"m13.06 12 6.47-6.47-1.06-1.06L12 10.94 5.53 4.47 4.47 5.53 10.94 12l-6.47 6.47 1.06 1.06L12 13.06l6.47 6.47 1.06-1.06L13.06 12Z\"><\/path><\/svg><\/button>\n\t\t\t\t\t\t\t<div class=\"wp-block-navigation__responsive-container-content\" \n\t\t\t\tdata-wp-watch=\"callbacks.focusFirstElement\"\n\t\t\t id=\"modal-1-content\">\n\t\t\t\t\t\t\t\t<ul style=\"font-size:17;\" class=\"wp-block-navigation__container has-background has-background-light-background-color is-responsive wp-block-navigation\"><li style=\"font-size: 17;\" class=\" wp-block-navigation-item wp-block-navigation-link\"><a class=\"wp-block-navigation-item__content\"  href=\"https:\/\/www.paroquia-damaia.pt\/old\/\"><span class=\"wp-block-navigation-item__label\">In\u00edcio<\/span><\/a><\/li><li style=\"font-size: 17;\" class=\" wp-block-navigation-item has-child wp-block-navigation-link\"><a class=\"wp-block-navigation-item__content\"  href=\"https:\/\/www.paroquia-damaia.pt\/old\/index.php\/acolhimento\/\"><span class=\"wp-block-navigation-item__label\">A Par\u00f3quia<\/span><\/a><span class=\"wp-block-navigation__submenu-icon\"><svg xmlns=\"http:\/\/www.w3.org\/2000\/svg\" width=\"12\" height=\"12\" viewBox=\"0 0 12 12\" fill=\"none\" aria-hidden=\"true\" focusable=\"false\"><path d=\"M1.50002 4L6.00002 8L10.5 4\" stroke-width=\"1.5\"><\/path><\/svg><\/span><ul class=\"wp-block-navigation__submenu-container\"><li style=\"font-size: 17;\" class=\" wp-block-navigation-item wp-block-navigation-link\"><a class=\"wp-block-navigation-item__content\"  href=\"https:\/\/www.paroquia-damaia.pt\/old\/index.php\/acolhimento\/\"><span class=\"wp-block-navigation-item__label\">Acolhimento<\/span><\/a><\/li><li style=\"font-size: 17;\" class=\" wp-block-navigation-item wp-block-navigation-link\"><a class=\"wp-block-navigation-item__content\"  href=\"https:\/\/www.paroquia-damaia.pt\/old\/index.php\/o-paroco-vigario-e-diaconos-da-comunidade\/\"><span class=\"wp-block-navigation-item__label\">O P\u00e1roco, Vig\u00e1rio e Di\u00e1conos da Comunidade<\/span><\/a><\/li><li style=\"font-size: 17;\" class=\" wp-block-navigation-item wp-block-navigation-link\"><a class=\"wp-block-navigation-item__content\"  href=\"https:\/\/www.paroquia-damaia.pt\/old\/index.php\/a-nossa-historia\/\"><span class=\"wp-block-navigation-item__label\">A Nossa Hist\u00f3ria<\/span><\/a><\/li><\/ul><\/li><li style=\"font-size: 17;\" class=\" wp-block-navigation-item has-child wp-block-navigation-link\"><a class=\"wp-block-navigation-item__content\"  href=\"https:\/\/www.paroquia-damaia.pt\/old\/index.php\/catequese\/\"><span class=\"wp-block-navigation-item__label\">Evangeliza\u00e7\u00e3o<\/span><\/a><span class=\"wp-block-navigation__submenu-icon\"><svg xmlns=\"http:\/\/www.w3.org\/2000\/svg\" width=\"12\" height=\"12\" viewBox=\"0 0 12 12\" fill=\"none\" aria-hidden=\"true\" focusable=\"false\"><path d=\"M1.50002 4L6.00002 8L10.5 4\" stroke-width=\"1.5\"><\/path><\/svg><\/span><ul class=\"wp-block-navigation__submenu-container\"><li style=\"font-size: 17;\" class=\" wp-block-navigation-item wp-block-navigation-link\"><a class=\"wp-block-navigation-item__content\"  href=\"https:\/\/www.paroquia-damaia.pt\/old\/index.php\/catequese\/\"><span class=\"wp-block-navigation-item__label\">Catequese<\/span><\/a><\/li><li style=\"font-size: 17;\" class=\" wp-block-navigation-item wp-block-navigation-link\"><a class=\"wp-block-navigation-item__content\"  href=\"https:\/\/www.paroquia-damaia.pt\/old\/catequese-adultos\/\"><span class=\"wp-block-navigation-item__label\">Catequese Adultos<\/span><\/a><\/li><li style=\"font-size: 17;\" class=\" wp-block-navigation-item wp-block-navigation-link\"><a class=\"wp-block-navigation-item__content\"  href=\"https:\/\/www.paroquia-damaia.pt\/old\/index.php\/grupo-de-jovens\/\"><span class=\"wp-block-navigation-item__label\">Pastoral Juvenil<\/span><\/a><\/li><li style=\"font-size: 17;\" class=\" wp-block-navigation-item wp-block-navigation-link\"><a class=\"wp-block-navigation-item__content\"  href=\"https:\/\/www.paroquia-damaia.pt\/old\/index.php\/escuteiros-255-damaia\/\"><span class=\"wp-block-navigation-item__label\">Escuteiros 255-Damaia<\/span><\/a><\/li><li style=\"font-size: 17;\" class=\" wp-block-navigation-item wp-block-navigation-link\"><a class=\"wp-block-navigation-item__content\"  href=\"https:\/\/www.paroquia-damaia.pt\/old\/index.php\/encontros-de-preparacao-batismo-e-encontros-de-preparacao-matrimonio\/\"><span class=\"wp-block-navigation-item__label\">Encontros de Prepara\u00e7\u00e3o Batismo e Matrim\u00f3nio<\/span><\/a><\/li><li style=\"font-size: 17;\" class=\" wp-block-navigation-item wp-block-navigation-link\"><a class=\"wp-block-navigation-item__content\"  href=\"https:\/\/www.paroquia-damaia.pt\/old\/index.php\/grupos-de-reflexao\/\"><span class=\"wp-block-navigation-item__label\">Grupos de Reflex\u00e3o<\/span><\/a><\/li><\/ul><\/li><li style=\"font-size: 17;\" class=\" wp-block-navigation-item has-child wp-block-navigation-link\"><a class=\"wp-block-navigation-item__content\"  href=\"https:\/\/www.paroquia-damaia.pt\/old\/index.php\/missas\/\"><span class=\"wp-block-navigation-item__label\">Missas e Celebra\u00e7\u00f5es<\/span><\/a><span class=\"wp-block-navigation__submenu-icon\"><svg xmlns=\"http:\/\/www.w3.org\/2000\/svg\" width=\"12\" height=\"12\" viewBox=\"0 0 12 12\" fill=\"none\" aria-hidden=\"true\" focusable=\"false\"><path d=\"M1.50002 4L6.00002 8L10.5 4\" stroke-width=\"1.5\"><\/path><\/svg><\/span><ul class=\"wp-block-navigation__submenu-container\"><li style=\"font-size: 17;\" class=\" wp-block-navigation-item wp-block-navigation-link\"><a class=\"wp-block-navigation-item__content\"  href=\"https:\/\/www.paroquia-damaia.pt\/old\/index.php\/missas\/\"><span class=\"wp-block-navigation-item__label\">Celebra\u00e7\u00f5es<\/span><\/a><\/li><li style=\"font-size: 17;\" class=\" wp-block-navigation-item wp-block-navigation-link\"><a class=\"wp-block-navigation-item__content\"  href=\"https:\/\/www.paroquia-damaia.pt\/old\/index.php\/pastoral-liturgica\/\"><span class=\"wp-block-navigation-item__label\">Pastoral Lit\u00fargica<\/span><\/a><\/li><\/ul><\/li><li style=\"font-size: 17;\" class=\" wp-block-navigation-item wp-block-navigation-link\"><a class=\"wp-block-navigation-item__content\"  href=\"https:\/\/www.paroquia-damaia.pt\/old\/index.php\/caridade\/\"><span class=\"wp-block-navigation-item__label\">Caridade<\/span><\/a><\/li><li style=\"font-size: 17;\" class=\" wp-block-navigation-item wp-block-navigation-link\"><a class=\"wp-block-navigation-item__content\"  href=\"https:\/\/www.paroquia-damaia.pt\/old\/index.php\/secretaria-paroquial\/\"><span class=\"wp-block-navigation-item__label\">Secretaria Paroquial<\/span><\/a><\/li><\/ul>\n\t\t\t\t\t\t\t<\/div>\n\t\t\t\t\t\t<\/div>\n\t\t\t\t\t<\/div>\n\t\t\t\t<\/div><\/nav>\n\n\n<p>Caros Paroquianos,<\/p>\n\n\n\n<p>Esta semana santa teremos a transmiss\u00e3o de quatro celebra\u00e7\u00f5es, no youtube:<\/p>\n\n\n\n<p>Quinta (19h) &#8211; <a href=\"https:\/\/youtu.be\/Y-4ThtH9Nwg?fbclid=IwAR1f0WScof01HEvqVZwXUJkmaWJFYrVOJjnTi9hrJ6nd_ffqT9YWrHYtD-I\" target=\"_blank\" rel=\"noreferrer noopener\">https:\/\/youtu.be\/Y-4ThtH9Nwg<\/a><br>Sexta (15h) &#8211; <a href=\"https:\/\/youtu.be\/fp3tJt_bQAs?fbclid=IwAR3WX0K9r72sFJfEWgLSq4vF9KHDdFlsn1FHfSnPWx83PZNv-y8TfYr77nc\" target=\"_blank\" rel=\"noreferrer noopener\">https:\/\/youtu.be\/fp3tJt_bQAs<\/a><br>S\u00e1bado (21h30) &#8211; <a href=\"https:\/\/youtu.be\/uh7FkIc9H1U?fbclid=IwAR3IH103iZsRHl8WI9MtH9dw3hV2wMcB1mPRF5bA7sLSAPMR_28iOu02E4g\" target=\"_blank\" rel=\"noreferrer noopener\">https:\/\/youtu.be\/uh7FkIc9H1U<\/a><br>Domingo (11h) &#8211; <a href=\"https:\/\/l.facebook.com\/l.php?u=https%3A%2F%2Fyoutu.be%2FXdyiWPh0NDI%3Ffbclid%3DIwAR2fA_6BOvERXkH2dRA3BP3BDxuxUkxVcsL_vIW7aU6AQ7IWzmjBEfiqI0g&amp;h=AT0pdi2hS3RdaxFN49DZ98Fg4T2nWwENYlvfEyZiFwTogGR8Qj10GRsRAB2Edu-RpMG0Z0g5mWsWz6ugf50kP9k8yDvpbJoYJicbKBquuYmpGM_3o6mgQNy8pi1qCM-fpfuFPmYuQ3uDxvIJB0k1oFdr83PTU5QiwQ-dEYrtmytjKR6hbTPOKoE4e_9rKN27rBZL-w32enwp5li3kyQxMWrAo3VoQUxorAHjssoynLr0LIOvbvcF2c64h-32Fu6tN3OLDHgrjI4SOxYjLVdqbge5CQpxGlxn51ULL6IQ3TGFnxeBLJJym5TbrRsvj5hvKxPV1EfzeJxj7EtzQn78CFquTLqLRuy0U5A1BKL1asCA7P-IRCEP4ktwPfEF99U0ZIGwXluPZedyvIN8LJ7UhdWgjlTpbBmoiuT_zXJJTE15BEhVL4k77oZGtnqXWdzjigc23zNqKDTDdCyxDrMHrmS4A2mAcdkiAvEsLEhsD9we4kq0d3ImjqNBbBwf59xJEn_DTZsvrppnJWYCkrXF05OT9HqnXoEgi7JezVyTXffn4EvD6tOgxlGnaMe0M_f0Syf95n0CCQQh\" target=\"_blank\" rel=\"noreferrer noopener\">https:\/\/youtu.be\/XdyiWPh0NDI<\/a><\/p>\n\n\n\n<p>Colabore com a Par\u00f3quia do Sant\u00edssimo Redentor e com as obras iniciadas, e fa\u00e7a a sua oferta para a conta da F\u00e1brica da Igreja Paroquial<br>IBAN: PT50-0033-0000-5010-4683-90205<br>ou por Multibanco, ou por cart\u00e3o de cr\u00e9dito em:<br><a rel=\"noreferrer noopener\" href=\"https:\/\/pay.vivawallet.com\/paroquia-da-damaia?fbclid=IwAR21HJPU_08Ojy0B69DLYNQu1dT5j-JPqzIYy-hqlyaldaDbMhDBvKtnrY4\" target=\"_blank\">http:\/\/pay.vivawallet.com\/paroquia-da-damaia<\/a><br>Desde j\u00e1 agradecemos a todos os colaboradores.<\/p>\n\n\n\n<p>Um abra\u00e7o em Cristo,<br>Equipa da Comunica\u00e7\u00e3o<\/p>\n","protected":false},"excerpt":{"rendered":"<p>Caros Paroquianos, Esta semana santa teremos a transmiss\u00e3o de quatro celebra\u00e7\u00f5es, no youtube: Quinta (19h) &#8211; https:\/\/youtu.be\/Y-4ThtH9NwgSexta (15h) &#8211; https:\/\/youtu.be\/fp3tJt_bQAsS\u00e1bado (21h30) &#8211; https:\/\/youtu.be\/uh7FkIc9H1UDomingo (11h) &#8211; https:\/\/youtu.be\/XdyiWPh0NDI Colabore com a Par\u00f3quia do Sant\u00edssimo Redentor e com as obras iniciadas, e fa\u00e7a a sua oferta para a conta da F\u00e1brica da Igreja ParoquialIBAN: PT50-0033-0000-5010-4683-90205ou por Multibanco, ou<a class=\"more-link\" href=\"https:\/\/www.paroquia-damaia.pt\/old\/transmissao-semana-santa\/\">Continuar lendo <span class=\"screen-reader-text\">&#8220;Transmiss\u00e3o Semana Santa&#8221;<\/span><\/a><\/p>\n","protected":false},"author":3,"featured_media":1335,"comment_status":"closed","ping_status":"open","sticky":false,"template":"","format":"standard","meta":{"footnotes":""},"categories":[4],"tags":[],"class_list":["post-1376","post","type-post","status-publish","format-standard","has-post-thumbnail","hentry","category-avisos-paroquiais","entry"],"_links":{"self":[{"href":"https:\/\/www.paroquia-damaia.pt\/old\/wp-json\/wp\/v2\/posts\/1376","targetHints":{"allow":["GET"]}}],"collection":[{"href":"https:\/\/www.paroquia-damaia.pt\/old\/wp-json\/wp\/v2\/posts"}],"about":[{"href":"https:\/\/www.paroquia-damaia.pt\/old\/wp-json\/wp\/v2\/types\/post"}],"author":[{"embeddable":true,"href":"https:\/\/www.paroquia-damaia.pt\/old\/wp-json\/wp\/v2\/users\/3"}],"replies":[{"embeddable":true,"href":"https:\/\/www.paroquia-damaia.pt\/old\/wp-json\/wp\/v2\/comments?post=1376"}],"version-history":[{"count":1,"href":"https:\/\/www.paroquia-damaia.pt\/old\/wp-json\/wp\/v2\/posts\/1376\/revisions"}],"predecessor-version":[{"id":1377,"href":"https:\/\/www.paroquia-damaia.pt\/old\/wp-json\/wp\/v2\/posts\/1376\/revisions\/1377"}],"wp:featuredmedia":[{"embeddable":true,"href":"https:\/\/www.paroquia-damaia.pt\/old\/wp-json\/wp\/v2\/media\/1335"}],"wp:attachment":[{"href":"https:\/\/www.paroquia-damaia.pt\/old\/wp-json\/wp\/v2\/media?parent=1376"}],"wp:term":[{"taxonomy":"category","embeddable":true,"href":"https:\/\/www.paroquia-damaia.pt\/old\/wp-json\/wp\/v2\/categories?post=1376"},{"taxonomy":"post_tag","embeddable":true,"href":"https:\/\/www.paroquia-damaia.pt\/old\/wp-json\/wp\/v2\/tags?post=1376"}],"curies":[{"name":"wp","href":"https:\/\/api.w.org\/{rel}","templated":true}]}}