{"id":1388,"date":"2021-04-04T12:44:47","date_gmt":"2021-04-04T12:44:47","guid":{"rendered":"https:\/\/www.paroquia-damaia.pt\/old\/?p=1388"},"modified":"2021-04-04T12:48:52","modified_gmt":"2021-04-04T12:48:52","slug":"comunicacoes-paroquiais-04-04-2021","status":"publish","type":"post","link":"https:\/\/www.paroquia-damaia.pt\/old\/comunicacoes-paroquiais-04-04-2021\/","title":{"rendered":"Comunica\u00e7\u00f5es Paroquiais &#8211; 04\/04\/2021"},"content":{"rendered":"\n<p class=\"has-text-align-center\"><strong>Ano Jubilar da Igreja Paroquial<\/strong><\/p>\n\n\n<nav style=\"font-size:17;\" class=\"has-background has-background-light-background-color is-responsive wp-block-navigation is-layout-flex wp-block-navigation-is-layout-flex\" aria-label=\"\" \n\t\t data-wp-interactive=\"core\/navigation\" data-wp-context='{\"overlayOpenedBy\":{\"click\":false,\"hover\":false,\"focus\":false},\"type\":\"overlay\",\"roleAttribute\":\"\",\"ariaLabel\":\"Menu\"}'><button aria-haspopup=\"dialog\" aria-label=\"Abrir menu\" class=\"wp-block-navigation__responsive-container-open \" \n\t\t\t\tdata-wp-on-async--click=\"actions.openMenuOnClick\"\n\t\t\t\tdata-wp-on--keydown=\"actions.handleMenuKeydown\"\n\t\t\t><svg width=\"24\" height=\"24\" xmlns=\"http:\/\/www.w3.org\/2000\/svg\" viewBox=\"0 0 24 24\" aria-hidden=\"true\" focusable=\"false\"><rect x=\"4\" y=\"7.5\" width=\"16\" height=\"1.5\" \/><rect x=\"4\" y=\"15\" width=\"16\" height=\"1.5\" \/><\/svg><\/button>\n\t\t\t\t<div class=\"wp-block-navigation__responsive-container  \"  id=\"modal-1\" \n\t\t\t\tdata-wp-class--has-modal-open=\"state.isMenuOpen\"\n\t\t\t\tdata-wp-class--is-menu-open=\"state.isMenuOpen\"\n\t\t\t\tdata-wp-watch=\"callbacks.initMenu\"\n\t\t\t\tdata-wp-on--keydown=\"actions.handleMenuKeydown\"\n\t\t\t\tdata-wp-on-async--focusout=\"actions.handleMenuFocusout\"\n\t\t\t\ttabindex=\"-1\"\n\t\t\t>\n\t\t\t\t\t<div class=\"wp-block-navigation__responsive-close\" tabindex=\"-1\">\n\t\t\t\t\t\t<div class=\"wp-block-navigation__responsive-dialog\" \n\t\t\t\tdata-wp-bind--aria-modal=\"state.ariaModal\"\n\t\t\t\tdata-wp-bind--aria-label=\"state.ariaLabel\"\n\t\t\t\tdata-wp-bind--role=\"state.roleAttribute\"\n\t\t\t>\n\t\t\t\t\t\t\t<button aria-label=\"Fechar menu\" class=\"wp-block-navigation__responsive-container-close\" \n\t\t\t\tdata-wp-on-async--click=\"actions.closeMenuOnClick\"\n\t\t\t><svg xmlns=\"http:\/\/www.w3.org\/2000\/svg\" viewBox=\"0 0 24 24\" width=\"24\" height=\"24\" aria-hidden=\"true\" focusable=\"false\"><path d=\"m13.06 12 6.47-6.47-1.06-1.06L12 10.94 5.53 4.47 4.47 5.53 10.94 12l-6.47 6.47 1.06 1.06L12 13.06l6.47 6.47 1.06-1.06L13.06 12Z\"><\/path><\/svg><\/button>\n\t\t\t\t\t\t\t<div class=\"wp-block-navigation__responsive-container-content\" \n\t\t\t\tdata-wp-watch=\"callbacks.focusFirstElement\"\n\t\t\t id=\"modal-1-content\">\n\t\t\t\t\t\t\t\t<ul style=\"font-size:17;\" class=\"wp-block-navigation__container has-background has-background-light-background-color is-responsive wp-block-navigation\"><li style=\"font-size: 17;\" class=\" wp-block-navigation-item wp-block-navigation-link\"><a class=\"wp-block-navigation-item__content\"  href=\"https:\/\/www.paroquia-damaia.pt\/old\/\"><span class=\"wp-block-navigation-item__label\">In\u00edcio<\/span><\/a><\/li><li style=\"font-size: 17;\" class=\" wp-block-navigation-item has-child wp-block-navigation-link\"><a class=\"wp-block-navigation-item__content\"  href=\"https:\/\/www.paroquia-damaia.pt\/old\/index.php\/acolhimento\/\"><span class=\"wp-block-navigation-item__label\">A Par\u00f3quia<\/span><\/a><span class=\"wp-block-navigation__submenu-icon\"><svg xmlns=\"http:\/\/www.w3.org\/2000\/svg\" width=\"12\" height=\"12\" viewBox=\"0 0 12 12\" fill=\"none\" aria-hidden=\"true\" focusable=\"false\"><path d=\"M1.50002 4L6.00002 8L10.5 4\" stroke-width=\"1.5\"><\/path><\/svg><\/span><ul class=\"wp-block-navigation__submenu-container\"><li style=\"font-size: 17;\" class=\" wp-block-navigation-item wp-block-navigation-link\"><a class=\"wp-block-navigation-item__content\"  href=\"https:\/\/www.paroquia-damaia.pt\/old\/index.php\/acolhimento\/\"><span class=\"wp-block-navigation-item__label\">Acolhimento<\/span><\/a><\/li><li style=\"font-size: 17;\" class=\" wp-block-navigation-item wp-block-navigation-link\"><a class=\"wp-block-navigation-item__content\"  href=\"https:\/\/www.paroquia-damaia.pt\/old\/index.php\/o-paroco-vigario-e-diaconos-da-comunidade\/\"><span class=\"wp-block-navigation-item__label\">O P\u00e1roco, Vig\u00e1rio e Di\u00e1conos da Comunidade<\/span><\/a><\/li><li style=\"font-size: 17;\" class=\" wp-block-navigation-item wp-block-navigation-link\"><a class=\"wp-block-navigation-item__content\"  href=\"https:\/\/www.paroquia-damaia.pt\/old\/index.php\/a-nossa-historia\/\"><span class=\"wp-block-navigation-item__label\">A Nossa Hist\u00f3ria<\/span><\/a><\/li><\/ul><\/li><li style=\"font-size: 17;\" class=\" wp-block-navigation-item has-child wp-block-navigation-link\"><a class=\"wp-block-navigation-item__content\"  href=\"https:\/\/www.paroquia-damaia.pt\/old\/index.php\/catequese\/\"><span class=\"wp-block-navigation-item__label\">Evangeliza\u00e7\u00e3o<\/span><\/a><span class=\"wp-block-navigation__submenu-icon\"><svg xmlns=\"http:\/\/www.w3.org\/2000\/svg\" width=\"12\" height=\"12\" viewBox=\"0 0 12 12\" fill=\"none\" aria-hidden=\"true\" focusable=\"false\"><path d=\"M1.50002 4L6.00002 8L10.5 4\" stroke-width=\"1.5\"><\/path><\/svg><\/span><ul class=\"wp-block-navigation__submenu-container\"><li style=\"font-size: 17;\" class=\" wp-block-navigation-item wp-block-navigation-link\"><a class=\"wp-block-navigation-item__content\"  href=\"https:\/\/www.paroquia-damaia.pt\/old\/index.php\/catequese\/\"><span class=\"wp-block-navigation-item__label\">Catequese<\/span><\/a><\/li><li style=\"font-size: 17;\" class=\" wp-block-navigation-item wp-block-navigation-link\"><a class=\"wp-block-navigation-item__content\"  href=\"https:\/\/www.paroquia-damaia.pt\/old\/catequese-adultos\/\"><span class=\"wp-block-navigation-item__label\">Catequese Adultos<\/span><\/a><\/li><li style=\"font-size: 17;\" class=\" wp-block-navigation-item wp-block-navigation-link\"><a class=\"wp-block-navigation-item__content\"  href=\"https:\/\/www.paroquia-damaia.pt\/old\/index.php\/grupo-de-jovens\/\"><span class=\"wp-block-navigation-item__label\">Pastoral Juvenil<\/span><\/a><\/li><li style=\"font-size: 17;\" class=\" wp-block-navigation-item wp-block-navigation-link\"><a class=\"wp-block-navigation-item__content\"  href=\"https:\/\/www.paroquia-damaia.pt\/old\/index.php\/escuteiros-255-damaia\/\"><span class=\"wp-block-navigation-item__label\">Escuteiros 255-Damaia<\/span><\/a><\/li><li style=\"font-size: 17;\" class=\" wp-block-navigation-item wp-block-navigation-link\"><a class=\"wp-block-navigation-item__content\"  href=\"https:\/\/www.paroquia-damaia.pt\/old\/index.php\/encontros-de-preparacao-batismo-e-encontros-de-preparacao-matrimonio\/\"><span class=\"wp-block-navigation-item__label\">Encontros de Prepara\u00e7\u00e3o Batismo e Matrim\u00f3nio<\/span><\/a><\/li><li style=\"font-size: 17;\" class=\" wp-block-navigation-item wp-block-navigation-link\"><a class=\"wp-block-navigation-item__content\"  href=\"https:\/\/www.paroquia-damaia.pt\/old\/index.php\/grupos-de-reflexao\/\"><span class=\"wp-block-navigation-item__label\">Grupos de Reflex\u00e3o<\/span><\/a><\/li><\/ul><\/li><li style=\"font-size: 17;\" class=\" wp-block-navigation-item has-child wp-block-navigation-link\"><a class=\"wp-block-navigation-item__content\"  href=\"https:\/\/www.paroquia-damaia.pt\/old\/index.php\/missas\/\"><span class=\"wp-block-navigation-item__label\">Missas e Celebra\u00e7\u00f5es<\/span><\/a><span class=\"wp-block-navigation__submenu-icon\"><svg xmlns=\"http:\/\/www.w3.org\/2000\/svg\" width=\"12\" height=\"12\" viewBox=\"0 0 12 12\" fill=\"none\" aria-hidden=\"true\" focusable=\"false\"><path d=\"M1.50002 4L6.00002 8L10.5 4\" stroke-width=\"1.5\"><\/path><\/svg><\/span><ul class=\"wp-block-navigation__submenu-container\"><li style=\"font-size: 17;\" class=\" wp-block-navigation-item wp-block-navigation-link\"><a class=\"wp-block-navigation-item__content\"  href=\"https:\/\/www.paroquia-damaia.pt\/old\/index.php\/missas\/\"><span class=\"wp-block-navigation-item__label\">Celebra\u00e7\u00f5es<\/span><\/a><\/li><li style=\"font-size: 17;\" class=\" wp-block-navigation-item wp-block-navigation-link\"><a class=\"wp-block-navigation-item__content\"  href=\"https:\/\/www.paroquia-damaia.pt\/old\/index.php\/pastoral-liturgica\/\"><span class=\"wp-block-navigation-item__label\">Pastoral Lit\u00fargica<\/span><\/a><\/li><\/ul><\/li><li style=\"font-size: 17;\" class=\" wp-block-navigation-item wp-block-navigation-link\"><a class=\"wp-block-navigation-item__content\"  href=\"https:\/\/www.paroquia-damaia.pt\/old\/index.php\/caridade\/\"><span class=\"wp-block-navigation-item__label\">Caridade<\/span><\/a><\/li><li style=\"font-size: 17;\" class=\" wp-block-navigation-item wp-block-navigation-link\"><a class=\"wp-block-navigation-item__content\"  href=\"https:\/\/www.paroquia-damaia.pt\/old\/index.php\/secretaria-paroquial\/\"><span class=\"wp-block-navigation-item__label\">Secretaria Paroquial<\/span><\/a><\/li><\/ul>\n\t\t\t\t\t\t\t<\/div>\n\t\t\t\t\t\t<\/div>\n\t\t\t\t\t<\/div>\n\t\t\t\t<\/div><\/nav>\n\n\n<div class=\"wp-block-group\"><div class=\"wp-block-group__inner-container is-layout-flow wp-block-group-is-layout-flow\">\n<blockquote class=\"wp-block-quote has-text-align-center is-style-large is-layout-flow wp-block-quote-is-layout-flow\"><p>&#8220;<strong><em><strong><em>O Senhor ressuscitou verdadeiramente. Aleluia. Gl\u00f3ria e louvor a Cristo para sempre<\/em><\/strong><\/em><\/strong>&#8220;<\/p><cite>(Lc 24,34; Ap 1,5)<\/cite><\/blockquote>\n<\/div><\/div>\n\n\n\n<p><\/p>\n\n\n\n<p><strong><u>Domingo | 04\/04<\/u><\/strong><strong> \u2013 Domingo de P\u00e1scoa. <\/strong>Inicio da<strong> Oitava da P\u00e1scoa. <\/strong>Missas \u00e0s 09h; 11h; 17h; 19h.<\/p>\n\n\n\n<p><strong><u>4\u00aa Feira da Oitava da P\u00e1scoa | 08\/04 <\/u><\/strong>\u2013 Missas com a <strong>Novena Perp\u00e9tua<\/strong>, \u00e0s 09h e \u00e0s 19h.<strong><u><\/u><\/strong><\/p>\n\n\n\n<p><strong><u>5\u00aa Feira da Oitava da P\u00e1scoa | 08\/04<\/u> <\/strong>\u00a0&#8211; <strong>Adora\u00e7\u00e3o<\/strong> ao Sant\u00edssimo Sacramento, \u00e0s 18h15. Reuni\u00e3o do <strong>Conselho Econ\u00f3mico<\/strong> (21h).\u00a0\u00a0<\/p>\n\n\n\n<p><strong><u>6\u00aa Feira da Oitava da P\u00e1scoa&nbsp; | 09\/04<\/u><\/strong><strong> \u2013 <\/strong>Reuni\u00e3o do <strong>Conselho Permanente<\/strong> (21h).<strong>&nbsp;&nbsp; <\/strong>&nbsp;&nbsp;<\/p>\n\n\n\n<p><strong><u>S\u00e1bado da Oitava da P\u00e1scoa | 10\/04 <\/u><\/strong><strong>\u2013 <\/strong>Celebra\u00e7\u00e3o da Santa Missa para <strong>Idosos<\/strong> e <strong>doentes<\/strong> com a <strong>Un\u00e7\u00e3o dos Enfermos<\/strong> (16h). <strong>&nbsp;<\/strong><strong>&nbsp;<\/strong>&nbsp;&nbsp;<\/p>\n\n\n\n<p><strong><u>Domingo | 11\/04<\/u> <\/strong>\u2013 <strong>2\u00ba<\/strong> <strong>Domingo de P\u00e1scoa \u2013 Divina Miseric\u00f3rdia. <\/strong>Missas: \u00e0s 09h; \u00e0s 11h; \u00e0s 17h; \u00e0s 19h. Reuni\u00e3o da <strong>Equipa das JMJ<\/strong> com o Pe Rui Santiago<strong> (15h).<\/strong>\u00a0\u00a0\u00a0\u00a0\u00a0\u00a0\u00a0 \u00a0\u00a0\u00a0\u00a0<\/p>\n\n\n\n<p><strong>Iniciamos o registo <\/strong>dos paroquianos, que faz parte da organiza\u00e7\u00e3o da Par\u00f3quia.&nbsp; Colabore, por favor, preencha a ficha e devolva \u00e0 Secretaria da Par\u00f3quia.<\/p>\n\n\n\n<p>Pretendemos concluir as <strong>obras no Centro Pastoral<\/strong> at\u00e9 o final do m\u00eas de abril, com a reabertura do \u201cPiso 1\u201d prevista para o 3\u00ba domingo de maio. Ajude-nos a pagar os nossos compromissos ligados com esta obra.&nbsp;&nbsp;<\/p>\n\n\n\n<p><strong>Censos 2021. <\/strong>A partir do\u00a0<strong>dia 5 de Abril<\/strong>\u00a0tem in\u00edcio a\u00a0<strong>distribui\u00e7\u00e3o das cartas pelos recenseadores em todos os alojamentos do territ\u00f3rio nacional<\/strong>\u00a0com os c\u00f3digos necess\u00e1rios \u00e0 resposta aos CENSOS 2021 atrav\u00e9s da Internet (ou telefone). Esteja atento \u00e0 sua caixa de correio!<\/p>\n\n\n\n<p>Convidamos todos os <strong>membros do Conselho Pastoral Paroquial<\/strong> para a primeira <strong>reuni\u00e3o do Conselho<\/strong> a ser realizada, no dia 22 de Abril, \u00e0s 21h, no Audit\u00f3rio da Par\u00f3quia.\u00a0\u00a0<\/p>\n\n\n\n<p>A <strong>Ren\u00fancia Quaresmal<\/strong> deste ano foi de <strong>1181,00\u20ac.<\/strong> Foram devolvidos 51 envelopes. Bem-haja!<\/p>\n\n\n\n<p><strong>Feliz e aben\u00e7oada P\u00e1scoa a todos os paroquianos<\/strong><\/p>\n\n\n\n<p>Pe. Crist\u00f3v\u00e3o Dworak, CSsR \u2013 P\u00e1roco&nbsp;&nbsp;&nbsp;&nbsp;&nbsp;&nbsp;&nbsp;&nbsp;&nbsp;&nbsp;&nbsp;&nbsp;&nbsp;&nbsp;&nbsp;&nbsp;&nbsp;&nbsp;&nbsp;&nbsp;&nbsp;&nbsp;&nbsp;&nbsp;&nbsp;&nbsp;&nbsp;&nbsp;&nbsp;&nbsp;&nbsp;&nbsp;&nbsp;&nbsp;&nbsp;&nbsp;&nbsp;&nbsp;&nbsp;&nbsp;&nbsp;&nbsp;&nbsp;&nbsp;&nbsp;&nbsp;<\/p>\n\n\n\n<p>Damaia, 04 de Abril de 2021<\/p>\n","protected":false},"excerpt":{"rendered":"<p>Ano Jubilar da Igreja Paroquial &#8220;O Senhor ressuscitou verdadeiramente. Aleluia. Gl\u00f3ria e louvor a Cristo para sempre&#8220; (Lc 24,34; Ap 1,5) Domingo | 04\/04 \u2013 Domingo de P\u00e1scoa. Inicio da Oitava da P\u00e1scoa. Missas \u00e0s 09h; 11h; 17h; 19h. 4\u00aa Feira da Oitava da P\u00e1scoa | 08\/04 \u2013 Missas com a Novena Perp\u00e9tua, \u00e0s 09h<a class=\"more-link\" href=\"https:\/\/www.paroquia-damaia.pt\/old\/comunicacoes-paroquiais-04-04-2021\/\">Continuar lendo <span class=\"screen-reader-text\">&#8220;Comunica\u00e7\u00f5es Paroquiais &#8211; 04\/04\/2021&#8221;<\/span><\/a><\/p>\n","protected":false},"author":5,"featured_media":1395,"comment_status":"closed","ping_status":"open","sticky":false,"template":"","format":"standard","meta":{"footnotes":""},"categories":[4],"tags":[],"class_list":["post-1388","post","type-post","status-publish","format-standard","has-post-thumbnail","hentry","category-avisos-paroquiais","entry"],"_links":{"self":[{"href":"https:\/\/www.paroquia-damaia.pt\/old\/wp-json\/wp\/v2\/posts\/1388","targetHints":{"allow":["GET"]}}],"collection":[{"href":"https:\/\/www.paroquia-damaia.pt\/old\/wp-json\/wp\/v2\/posts"}],"about":[{"href":"https:\/\/www.paroquia-damaia.pt\/old\/wp-json\/wp\/v2\/types\/post"}],"author":[{"embeddable":true,"href":"https:\/\/www.paroquia-damaia.pt\/old\/wp-json\/wp\/v2\/users\/5"}],"replies":[{"embeddable":true,"href":"https:\/\/www.paroquia-damaia.pt\/old\/wp-json\/wp\/v2\/comments?post=1388"}],"version-history":[{"count":2,"href":"https:\/\/www.paroquia-damaia.pt\/old\/wp-json\/wp\/v2\/posts\/1388\/revisions"}],"predecessor-version":[{"id":1392,"href":"https:\/\/www.paroquia-damaia.pt\/old\/wp-json\/wp\/v2\/posts\/1388\/revisions\/1392"}],"wp:featuredmedia":[{"embeddable":true,"href":"https:\/\/www.paroquia-damaia.pt\/old\/wp-json\/wp\/v2\/media\/1395"}],"wp:attachment":[{"href":"https:\/\/www.paroquia-damaia.pt\/old\/wp-json\/wp\/v2\/media?parent=1388"}],"wp:term":[{"taxonomy":"category","embeddable":true,"href":"https:\/\/www.paroquia-damaia.pt\/old\/wp-json\/wp\/v2\/categories?post=1388"},{"taxonomy":"post_tag","embeddable":true,"href":"https:\/\/www.paroquia-damaia.pt\/old\/wp-json\/wp\/v2\/tags?post=1388"}],"curies":[{"name":"wp","href":"https:\/\/api.w.org\/{rel}","templated":true}]}}