{"id":1497,"date":"2021-04-11T12:00:08","date_gmt":"2021-04-11T12:00:08","guid":{"rendered":"https:\/\/www.paroquia-damaia.pt\/old\/?p=1497"},"modified":"2021-04-11T12:00:08","modified_gmt":"2021-04-11T12:00:08","slug":"comunicacoes-paroquiais-11-04-2021","status":"publish","type":"post","link":"https:\/\/www.paroquia-damaia.pt\/old\/comunicacoes-paroquiais-11-04-2021\/","title":{"rendered":"Comunica\u00e7\u00f5es Paroquiais &#8211; 11\/04\/2021"},"content":{"rendered":"\n<p class=\"has-text-align-center\"><strong>Ano Jubilar da Igreja Paroquial<\/strong><\/p>\n\n\n\n\n\n<p><\/p>\n\n\n\n<p><strong><u>Domingo | 11\/04<\/u><\/strong><strong> \u2013 2\u00ba Domingo de P\u00e1scoa &#8211; Divina Miseric\u00f3rdia. <\/strong>Missas \u00e0s 09h; 11h; 17h; 19h. Reuni\u00e3o da <strong>Equipa Coordenadora das JMJ 2023<\/strong>, \u00e0s 16h.<\/p>\n\n\n\n<p><strong><u>2\u00aa Feira | 12\/04 <\/u><\/strong>\u2013 Missa somente pela manh\u00e3, \u00e0s 09h. Reuni\u00e3o do <strong>Conselho Econ\u00f4mico<\/strong> Paroquial, \u00e0s 19h.<\/p>\n\n\n\n<p><strong><u>3\u00aa Feira | 13\/04 <\/u><\/strong>\u2013 Mem\u00f3ria de <strong>S. Martinho I<\/strong>, Papa e M\u00e1rtir.<\/p>\n\n\n\n<p><strong><u>4\u00aa Feira | 14\/04 <\/u><\/strong>\u2013 Missas com a <strong>Novena Perp\u00e9tua<\/strong>, \u00e0s 09h e \u00e0s 19h.<strong><u><\/u><\/strong><\/p>\n\n\n\n<p><strong><u>5\u00aa Feira | 15\/04<\/u><\/strong><strong> <\/strong>&nbsp;&#8211; <strong>Adora\u00e7\u00e3o<\/strong> ao Sant\u00edssimo Sacramento, \u00e0s 18h15. Reuni\u00e3o do <strong>Conselho Permanente<\/strong>, \u00e0s 21h.&nbsp;&nbsp;&nbsp;&nbsp;<\/p>\n\n\n\n<p><strong><u>6\u00aa Feira&nbsp; | 16\/04<\/u><\/strong><strong> \u2013 94\u00ba anivers\u00e1rio de Bento XVI, <\/strong>Papa em\u00e9rito<strong> <\/strong>&nbsp;&nbsp;<\/p>\n\n\n\n<p><strong><u>Domingo | 18\/04<\/u><\/strong><strong> <\/strong>\u2013 <strong>3\u00ba<\/strong> <strong>Domingo de P\u00e1scoa. <\/strong>Missas: \u00e0s 09h; \u00e0s 11h; \u00e0s 17h; \u00e0s 19h<strong>.<\/strong> Semana de <strong>ora\u00e7\u00f5es pelas Voca\u00e7\u00f5es Consagradas<\/strong>. <strong>Ofert\u00f3rio<\/strong> para as <strong><em>Novas Igrejas<\/em><\/strong>.&nbsp; Reuni\u00e3o de <strong>Ministros<\/strong> \u2013 MEC, \u00e0s 15h30.&nbsp;&nbsp;&nbsp;&nbsp;&nbsp;&nbsp; &nbsp;&nbsp;&nbsp;&nbsp;<\/p>\n\n\n\n<p><strong>Participe do registo <\/strong>dos paroquianos, que faz parte da organiza\u00e7\u00e3o da Par\u00f3quia.&nbsp; Colabore, por favor, preencha a ficha e devolva \u00e0 Secretaria da Par\u00f3quia.<\/p>\n\n\n\n<p>Pretendemos concluir as <strong>obras no Centro Pastoral<\/strong> at\u00e9 o final do m\u00eas de abril, com a reabertura do \u201cPiso 1\u201d prevista para o 3\u00ba domingo de maio. Esta semana ser\u00e3o colocadas novas portas. Ajude-nos a pagar os nossos compromissos ligados com esta obra.&nbsp;&nbsp;<\/p>\n\n\n\n<p><strong>Censos 2021. <\/strong>A partir do&nbsp;dia <strong>19 de abril<\/strong>, inicia-se a resposta aos Censos 2021 pela Internet que vai at\u00e9 o dia 03 de maio. Outras alternativas: pelo <strong>telefone<\/strong>; no <strong>e-balc\u00e3o<\/strong> nas Juntas de Freguesia; e pelo <strong>autopreenchimento dos question\u00e1rios<\/strong> em papel, entregues pelos recenseadores. Pedimos o empenho e colabora\u00e7\u00e3o de todos.<\/p>\n\n\n\n<p>Convidamos todos os <strong>membros do Conselho Pastoral Paroquial<\/strong> para a primeira <strong>reuni\u00e3o do Conselho<\/strong> a ser realizada, no dia 22 de abril, \u00e0s 21h, no Audit\u00f3rio da Par\u00f3quia.&nbsp;&nbsp;<\/p>\n\n\n\n<p>Pe. Crist\u00f3v\u00e3o Dworak, CSsR \u2013 P\u00e1roco&nbsp;&nbsp;&nbsp;&nbsp;&nbsp;&nbsp;&nbsp;&nbsp;&nbsp;&nbsp;&nbsp;&nbsp;&nbsp;&nbsp;&nbsp;&nbsp;&nbsp;&nbsp;&nbsp;&nbsp;&nbsp;&nbsp;&nbsp;&nbsp;&nbsp;&nbsp;&nbsp;&nbsp;&nbsp;&nbsp;&nbsp;&nbsp;&nbsp;&nbsp;&nbsp;&nbsp;&nbsp;&nbsp;&nbsp;&nbsp;&nbsp;&nbsp;&nbsp;&nbsp;&nbsp;&nbsp;<\/p>\n\n\n\n<p>Damaia, 11 de Abril de 2021<\/p>\n","protected":false},"excerpt":{"rendered":"<p>Ano Jubilar da Igreja Paroquial Domingo | 11\/04 \u2013 2\u00ba Domingo de P\u00e1scoa &#8211; Divina Miseric\u00f3rdia. Missas \u00e0s 09h; 11h; 17h; 19h. Reuni\u00e3o da Equipa Coordenadora das JMJ 2023, \u00e0s 16h. 2\u00aa Feira | 12\/04 \u2013 Missa somente pela manh\u00e3, \u00e0s 09h. Reuni\u00e3o do Conselho Econ\u00f4mico Paroquial, \u00e0s 19h. 3\u00aa Feira | 13\/04 \u2013 Mem\u00f3ria<a class=\"more-link\" href=\"https:\/\/www.paroquia-damaia.pt\/old\/comunicacoes-paroquiais-11-04-2021\/\">Continuar lendo <span class=\"screen-reader-text\">&#8220;Comunica\u00e7\u00f5es Paroquiais &#8211; 11\/04\/2021&#8221;<\/span><\/a><\/p>\n","protected":false},"author":5,"featured_media":1498,"comment_status":"closed","ping_status":"open","sticky":false,"template":"","format":"standard","meta":{"footnotes":""},"categories":[4],"tags":[],"class_list":["post-1497","post","type-post","status-publish","format-standard","has-post-thumbnail","hentry","category-avisos-paroquiais","entry"],"_links":{"self":[{"href":"https:\/\/www.paroquia-damaia.pt\/old\/wp-json\/wp\/v2\/posts\/1497","targetHints":{"allow":["GET"]}}],"collection":[{"href":"https:\/\/www.paroquia-damaia.pt\/old\/wp-json\/wp\/v2\/posts"}],"about":[{"href":"https:\/\/www.paroquia-damaia.pt\/old\/wp-json\/wp\/v2\/types\/post"}],"author":[{"embeddable":true,"href":"https:\/\/www.paroquia-damaia.pt\/old\/wp-json\/wp\/v2\/users\/5"}],"replies":[{"embeddable":true,"href":"https:\/\/www.paroquia-damaia.pt\/old\/wp-json\/wp\/v2\/comments?post=1497"}],"version-history":[{"count":1,"href":"https:\/\/www.paroquia-damaia.pt\/old\/wp-json\/wp\/v2\/posts\/1497\/revisions"}],"predecessor-version":[{"id":1499,"href":"https:\/\/www.paroquia-damaia.pt\/old\/wp-json\/wp\/v2\/posts\/1497\/revisions\/1499"}],"wp:featuredmedia":[{"embeddable":true,"href":"https:\/\/www.paroquia-damaia.pt\/old\/wp-json\/wp\/v2\/media\/1498"}],"wp:attachment":[{"href":"https:\/\/www.paroquia-damaia.pt\/old\/wp-json\/wp\/v2\/media?parent=1497"}],"wp:term":[{"taxonomy":"category","embeddable":true,"href":"https:\/\/www.paroquia-damaia.pt\/old\/wp-json\/wp\/v2\/categories?post=1497"},{"taxonomy":"post_tag","embeddable":true,"href":"https:\/\/www.paroquia-damaia.pt\/old\/wp-json\/wp\/v2\/tags?post=1497"}],"curies":[{"name":"wp","href":"https:\/\/api.w.org\/{rel}","templated":true}]}}