{"id":1621,"date":"2021-04-24T13:15:41","date_gmt":"2021-04-24T13:15:41","guid":{"rendered":"https:\/\/www.paroquia-damaia.pt\/old\/?p=1621"},"modified":"2021-04-24T13:36:05","modified_gmt":"2021-04-24T13:36:05","slug":"comunicacoes-paroquiais-18-04-2021","status":"publish","type":"post","link":"https:\/\/www.paroquia-damaia.pt\/old\/comunicacoes-paroquiais-18-04-2021\/","title":{"rendered":"Comunica\u00e7\u00f5es Paroquiais &#8211; 18\/04\/2021"},"content":{"rendered":"\n<p class=\"has-text-align-center\"><strong>Ano Jubilar da Igreja Paroquial<\/strong><\/p>\n\n\n\n\n\n<p><strong><u>Domingo | 18\/04<\/u> \u2013 3\u00ba Domingo de P\u00e1scoa. <\/strong>In\u00edcio de<strong> <\/strong>Semana de <strong>Ora\u00e7\u00e3o pelas Voca\u00e7\u00f5es<\/strong> Consagradas.<strong> <\/strong>Missas: \u00e0s 09h; 11h; 17h; 19h. Reuni\u00e3o de <strong>MEC (<\/strong>15h30). Ofert\u00f3rio para as <strong><em>Novas Igreja<\/em><\/strong><em>s<\/em>.<\/p>\n\n\n\n<p><strong><u>2\u00aa Feira | 19\/04 <\/u><\/strong>\u2013 Missa somente de manh\u00e3, \u00e0s 09h.&nbsp;<\/p>\n\n\n\n<p><strong><u>4\u00aa Feira | 21\/04 <\/u><\/strong>\u2013 Mem\u00f3ria de <strong>S. Anselmo<\/strong>, bispo e doutor da Igreja. Missas com a <strong>Novena Perp\u00e9tua<\/strong>, \u00e0s 09h e \u00e0s 19h.<strong><u><\/u><\/strong><\/p>\n\n\n\n<p><strong><u>5\u00aa Feira | 22\/04<\/u><\/strong><strong> <\/strong>&nbsp;&#8211; <strong>Adora\u00e7\u00e3o<\/strong> ao Sant\u00edssimo Sacramento, \u00e0s 18h15. Reuni\u00e3o do <strong>Conselho Pastoral&nbsp; Paroquial, <\/strong>\u00e0s 21h.&nbsp;&nbsp;&nbsp;&nbsp;<\/p>\n\n\n\n<p><strong><u>6\u00aa Feira&nbsp; | 23\/04<\/u><\/strong><strong> \u2013 <\/strong>&nbsp;&nbsp;Mem\u00f3ria de <strong>S. Jorge<\/strong>, m\u00e1rtir e de <strong>S. Adalberto<\/strong>, bispo e m\u00e1rtir.&nbsp;<\/p>\n\n\n\n<p><strong><u>Domingo | 25\/04<\/u><\/strong><strong> <\/strong>\u2013 <strong>4\u00ba<\/strong> <strong>Domingo de P\u00e1scoa &#8211; <\/strong>Domingo do Bom Pastor.<strong> <\/strong>Dia mundial de ora\u00e7\u00e3o pelas voca\u00e7\u00f5es.<strong>&nbsp; <\/strong>Missas: \u00e0s 09h; \u00e0s 11h; \u00e0s 17h; \u00e0s 19h<strong>.<\/strong>&nbsp;&nbsp;&nbsp;&nbsp;&nbsp;&nbsp;&nbsp;&nbsp;&nbsp;&nbsp;<\/p>\n\n\n\n<p>Participe do<strong> Registo dos Paroquianos<\/strong>, que faz parte da organiza\u00e7\u00e3o da Par\u00f3quia.&nbsp; Colabore, por favor, preencha a ficha e devolva \u00e0 Secretaria da Par\u00f3quia.<\/p>\n\n\n\n<p>Colabore com as <strong>obras no Centro Pastoral. <\/strong>Leve um envelope ou deposite a sua colabora\u00e7\u00e3o na conta da Par\u00f3quia e ajude-nos a pagar os nossos compromissos ligados com esta obra.&nbsp;&nbsp;<\/p>\n\n\n\n<p><strong>Censos 2021. <\/strong>A partir do&nbsp;dia <strong>19 de abril<\/strong>, inicia-se a resposta aos Censos 2021 pela Internet que vai at\u00e9 o dia 03 de maio. Outras alternativas: pelo <strong>telefone<\/strong>; no <strong>e-balc\u00e3o<\/strong> nas Juntas de Freguesia; e pelo <strong>autopreenchimento dos question\u00e1rios<\/strong> em papel, entregues pelos recenseadores. Pedimos o empenho e colabora\u00e7\u00e3o de todos.<\/p>\n\n\n\n<p>Agradecemos ao <strong>Fr. Alisson Matos Gon\u00e7alves<\/strong>, CSsR pela presen\u00e7a entre n\u00f3s e pelo empenho e colabora\u00e7\u00e3o pastoral. Depois de completar seu ano pastoral, o Fr. Alisson retornar\u00e1 dentro de dias ao Brasil. Infelizmente, devido ao Covid 19, n\u00e3o foi poss\u00edvel realizar todo o projeto previsto. Desejamos ao Fr. Alisson um bom retorno e \u00eaxitos nos seus trabalhos mission\u00e1rios no Brasil, e quem sabe, um dia, tamb\u00e9m aqui em Portugal. Bem-haja.<\/p>\n\n\n\n<p>Os bispos de Portugal pedem que rezemos pela <strong>popula\u00e7\u00e3o de Mo\u00e7ambique<\/strong>, especialmente da Prov\u00edncia de Cabo Delgado, marcada pelos atos de viol\u00eancia e de barb\u00e1rie. &nbsp;<\/p>\n\n\n\n<p>Pe. Crist\u00f3v\u00e3o Dworak, CSsR \u2013 P\u00e1roco&nbsp;&nbsp;&nbsp;&nbsp;&nbsp;&nbsp;&nbsp;&nbsp;&nbsp;&nbsp;&nbsp;&nbsp;&nbsp;&nbsp;&nbsp;&nbsp;&nbsp;&nbsp;&nbsp;&nbsp;&nbsp;&nbsp;&nbsp;&nbsp;&nbsp;&nbsp;&nbsp;&nbsp;&nbsp;&nbsp;&nbsp;&nbsp;&nbsp;&nbsp;&nbsp;&nbsp;&nbsp;&nbsp;&nbsp;&nbsp;&nbsp;&nbsp;&nbsp;&nbsp;&nbsp;&nbsp;<\/p>\n\n\n\n<p>Damaia, 18 de Abril de 2021<\/p>\n","protected":false},"excerpt":{"rendered":"<p>Ano Jubilar da Igreja Paroquial Domingo | 18\/04 \u2013 3\u00ba Domingo de P\u00e1scoa. In\u00edcio de Semana de Ora\u00e7\u00e3o pelas Voca\u00e7\u00f5es Consagradas. Missas: \u00e0s 09h; 11h; 17h; 19h. Reuni\u00e3o de MEC (15h30). Ofert\u00f3rio para as Novas Igrejas. 2\u00aa Feira | 19\/04 \u2013 Missa somente de manh\u00e3, \u00e0s 09h.&nbsp; 4\u00aa Feira | 21\/04 \u2013 Mem\u00f3ria de S.<a class=\"more-link\" href=\"https:\/\/www.paroquia-damaia.pt\/old\/comunicacoes-paroquiais-18-04-2021\/\">Continuar lendo <span class=\"screen-reader-text\">&#8220;Comunica\u00e7\u00f5es Paroquiais &#8211; 18\/04\/2021&#8221;<\/span><\/a><\/p>\n","protected":false},"author":5,"featured_media":1625,"comment_status":"closed","ping_status":"open","sticky":false,"template":"","format":"standard","meta":{"footnotes":""},"categories":[4],"tags":[],"class_list":["post-1621","post","type-post","status-publish","format-standard","has-post-thumbnail","hentry","category-avisos-paroquiais","entry"],"_links":{"self":[{"href":"https:\/\/www.paroquia-damaia.pt\/old\/wp-json\/wp\/v2\/posts\/1621","targetHints":{"allow":["GET"]}}],"collection":[{"href":"https:\/\/www.paroquia-damaia.pt\/old\/wp-json\/wp\/v2\/posts"}],"about":[{"href":"https:\/\/www.paroquia-damaia.pt\/old\/wp-json\/wp\/v2\/types\/post"}],"author":[{"embeddable":true,"href":"https:\/\/www.paroquia-damaia.pt\/old\/wp-json\/wp\/v2\/users\/5"}],"replies":[{"embeddable":true,"href":"https:\/\/www.paroquia-damaia.pt\/old\/wp-json\/wp\/v2\/comments?post=1621"}],"version-history":[{"count":7,"href":"https:\/\/www.paroquia-damaia.pt\/old\/wp-json\/wp\/v2\/posts\/1621\/revisions"}],"predecessor-version":[{"id":1636,"href":"https:\/\/www.paroquia-damaia.pt\/old\/wp-json\/wp\/v2\/posts\/1621\/revisions\/1636"}],"wp:featuredmedia":[{"embeddable":true,"href":"https:\/\/www.paroquia-damaia.pt\/old\/wp-json\/wp\/v2\/media\/1625"}],"wp:attachment":[{"href":"https:\/\/www.paroquia-damaia.pt\/old\/wp-json\/wp\/v2\/media?parent=1621"}],"wp:term":[{"taxonomy":"category","embeddable":true,"href":"https:\/\/www.paroquia-damaia.pt\/old\/wp-json\/wp\/v2\/categories?post=1621"},{"taxonomy":"post_tag","embeddable":true,"href":"https:\/\/www.paroquia-damaia.pt\/old\/wp-json\/wp\/v2\/tags?post=1621"}],"curies":[{"name":"wp","href":"https:\/\/api.w.org\/{rel}","templated":true}]}}