{"id":1637,"date":"2021-04-25T09:00:00","date_gmt":"2021-04-25T09:00:00","guid":{"rendered":"https:\/\/www.paroquia-damaia.pt\/old\/?p=1637"},"modified":"2021-04-26T10:01:50","modified_gmt":"2021-04-26T10:01:50","slug":"comunicacoes-paroquiais-25-04-2021","status":"publish","type":"post","link":"https:\/\/www.paroquia-damaia.pt\/old\/comunicacoes-paroquiais-25-04-2021\/","title":{"rendered":"Comunica\u00e7\u00f5es Paroquiais &#8211; 25\/04\/2021"},"content":{"rendered":"\n<p class=\"has-text-align-center\"><strong>Ano Jubilar da Igreja Paroquial<\/strong><\/p>\n\n\n\n\n\n<p><\/p>\n\n\n\n<p><strong><u>Domingo | 25\/04<\/u><\/strong><strong> \u2013 4\u00ba Domingo de P\u00e1scoa. <\/strong>Dia de <strong>Ora\u00e7\u00e3o pelas Voca\u00e7\u00f5es<\/strong> Consagradas.<strong> <\/strong>Missas: \u00e0s 09h; 11h; 17h; 19h. Reuni\u00e3o de <strong>EPM<\/strong>, \u00e0s 16h30. Reuni\u00e3o da <strong>Equipa de Comunica\u00e7\u00e3o<\/strong>.&nbsp;<\/p>\n\n\n\n<p><strong><u>2\u00aa Feira | 26\/04 <\/u><\/strong>\u2013 Festa de N. Senhora do <strong>Bom Conselho<\/strong>. Missa somente de manh\u00e3, \u00e0s 09h.\u00a0<\/p>\n\n\n\n<p><strong><u>4\u00aa Feira | 28\/04 <\/u><\/strong>\u2013 Mem\u00f3ria de <strong>S. Pedro Chanel, <\/strong>presb\u00edtero e m\u00e1rtir e de<strong> S. Lu\u00eds Maria Montfort, <\/strong>presb\u00edtero.<strong> <\/strong>Missas com a <strong>Novena Perp\u00e9tua<\/strong>, \u00e0s 09h e \u00e0s 19h.<strong><u><\/u><\/strong><\/p>\n\n\n\n<p><strong><u>5\u00aa Feira | 29\/04<\/u><\/strong><strong> <\/strong>&#8211; Mem\u00f3ria de <strong>S. Catarina de Sena<\/strong>, Virgem e doutora da Igreja, Padroeira da Europa. <strong>Adora\u00e7\u00e3o<\/strong> ao Sant\u00edssimo Sacramento, \u00e0s 18h15.<\/p>\n\n\n\n<p><strong><u>6\u00aa Feira | 30\/04<\/u><\/strong><strong> <\/strong>&#8211; Mem\u00f3ria de <strong>S. Pio V<\/strong>, Papa.<\/p>\n\n\n\n<p><strong><u>S\u00e1bado | 01\/05<\/u><\/strong><strong> <\/strong>&#8211; Mem\u00f3ria de <strong>S. Jos\u00e9 Oper\u00e1rio<\/strong>.&nbsp;&nbsp;<\/p>\n\n\n\n<p><strong><u>Domingo | 02\/05<\/u><\/strong><strong> <\/strong>\u2013 <strong>5\u00ba<\/strong> <strong>Domingo de P\u00e1scoa. <\/strong>Dia da M\u00e3e<strong>. <\/strong>Missas: \u00e0s 09h; \u00e0s 11h; \u00e0s 17h; \u00e0s 19h<strong>.<\/strong>&nbsp;&nbsp;&nbsp;&nbsp;&nbsp;&nbsp;&nbsp;&nbsp;&nbsp;&nbsp;<\/p>\n\n\n\n<p>Participe do<strong> Registo dos Paroquianos<\/strong>, que faz parte da organiza\u00e7\u00e3o da Par\u00f3quia.&nbsp; Colabore, por favor, preencha a ficha e devolva \u00e0 Secretaria da Par\u00f3quia.<\/p>\n\n\n\n<p>Colabore com as <strong>obras no Centro Pastoral. <\/strong>Leve um envelope ou deposite a sua colabora\u00e7\u00e3o na conta da Par\u00f3quia e ajude-nos a pagar os nossos compromissos ligados com esta obra. &nbsp;&nbsp;<\/p>\n\n\n\n<p><strong>Participe do Censos 2021 <\/strong>e envie suas respostas pela Internet at\u00e9 o dia 03 de maio. Outras alternativas: pelo <strong>telefone<\/strong>; no <strong>e-balc\u00e3o<\/strong> nas Juntas de Freguesia; e pelo <strong>autopreenchimento dos question\u00e1rios<\/strong> em papel, entregues pelos recenseadores. Pedimos o empenho e colabora\u00e7\u00e3o de todos.<\/p>\n\n\n\n<p>Por ocasi\u00e3o do <strong>Ano Jubilar<\/strong> da nossa igreja paroquial, estamos organizando o <strong>arquivo hist\u00f3rico de fotos<\/strong> da nossa igreja. Se algu\u00e9m possuir algumas, se poss\u00edvel, gostar\u00edamos de fazer uma digitaliza\u00e7\u00e3o delas. Obrigado.&nbsp;<\/p>\n\n\n\n<p>Pe. Crist\u00f3v\u00e3o Dworak, CSsR \u2013 P\u00e1roco&nbsp;&nbsp;&nbsp;&nbsp;&nbsp;&nbsp;&nbsp;&nbsp;&nbsp;&nbsp;&nbsp;&nbsp;&nbsp;&nbsp;&nbsp;&nbsp;&nbsp;&nbsp;&nbsp;&nbsp;&nbsp;&nbsp;&nbsp;&nbsp;&nbsp;&nbsp;&nbsp;&nbsp;&nbsp;&nbsp;&nbsp;&nbsp;&nbsp;&nbsp;&nbsp;&nbsp;&nbsp;&nbsp;&nbsp;&nbsp;&nbsp;&nbsp;&nbsp;&nbsp;&nbsp;&nbsp;<\/p>\n\n\n\n<p>Damaia, 25 de Abril de 2021<\/p>\n","protected":false},"excerpt":{"rendered":"<p>Ano Jubilar da Igreja Paroquial Domingo | 25\/04 \u2013 4\u00ba Domingo de P\u00e1scoa. Dia de Ora\u00e7\u00e3o pelas Voca\u00e7\u00f5es Consagradas. Missas: \u00e0s 09h; 11h; 17h; 19h. Reuni\u00e3o de EPM, \u00e0s 16h30. Reuni\u00e3o da Equipa de Comunica\u00e7\u00e3o.&nbsp; 2\u00aa Feira | 26\/04 \u2013 Festa de N. Senhora do Bom Conselho. Missa somente de manh\u00e3, \u00e0s 09h.\u00a0 4\u00aa Feira<a class=\"more-link\" href=\"https:\/\/www.paroquia-damaia.pt\/old\/comunicacoes-paroquiais-25-04-2021\/\">Continuar lendo <span class=\"screen-reader-text\">&#8220;Comunica\u00e7\u00f5es Paroquiais &#8211; 25\/04\/2021&#8221;<\/span><\/a><\/p>\n","protected":false},"author":5,"featured_media":1638,"comment_status":"closed","ping_status":"open","sticky":false,"template":"","format":"standard","meta":{"footnotes":""},"categories":[4],"tags":[],"class_list":["post-1637","post","type-post","status-publish","format-standard","has-post-thumbnail","hentry","category-avisos-paroquiais","entry"],"_links":{"self":[{"href":"https:\/\/www.paroquia-damaia.pt\/old\/wp-json\/wp\/v2\/posts\/1637","targetHints":{"allow":["GET"]}}],"collection":[{"href":"https:\/\/www.paroquia-damaia.pt\/old\/wp-json\/wp\/v2\/posts"}],"about":[{"href":"https:\/\/www.paroquia-damaia.pt\/old\/wp-json\/wp\/v2\/types\/post"}],"author":[{"embeddable":true,"href":"https:\/\/www.paroquia-damaia.pt\/old\/wp-json\/wp\/v2\/users\/5"}],"replies":[{"embeddable":true,"href":"https:\/\/www.paroquia-damaia.pt\/old\/wp-json\/wp\/v2\/comments?post=1637"}],"version-history":[{"count":2,"href":"https:\/\/www.paroquia-damaia.pt\/old\/wp-json\/wp\/v2\/posts\/1637\/revisions"}],"predecessor-version":[{"id":1642,"href":"https:\/\/www.paroquia-damaia.pt\/old\/wp-json\/wp\/v2\/posts\/1637\/revisions\/1642"}],"wp:featuredmedia":[{"embeddable":true,"href":"https:\/\/www.paroquia-damaia.pt\/old\/wp-json\/wp\/v2\/media\/1638"}],"wp:attachment":[{"href":"https:\/\/www.paroquia-damaia.pt\/old\/wp-json\/wp\/v2\/media?parent=1637"}],"wp:term":[{"taxonomy":"category","embeddable":true,"href":"https:\/\/www.paroquia-damaia.pt\/old\/wp-json\/wp\/v2\/categories?post=1637"},{"taxonomy":"post_tag","embeddable":true,"href":"https:\/\/www.paroquia-damaia.pt\/old\/wp-json\/wp\/v2\/tags?post=1637"}],"curies":[{"name":"wp","href":"https:\/\/api.w.org\/{rel}","templated":true}]}}