{"id":1753,"date":"2021-05-02T17:36:55","date_gmt":"2021-05-02T17:36:55","guid":{"rendered":"https:\/\/www.paroquia-damaia.pt\/old\/?p=1753"},"modified":"2021-05-02T17:36:55","modified_gmt":"2021-05-02T17:36:55","slug":"comunicacoes-paroquiais-02-05-2021","status":"publish","type":"post","link":"https:\/\/www.paroquia-damaia.pt\/old\/comunicacoes-paroquiais-02-05-2021\/","title":{"rendered":"Comunica\u00e7\u00f5es Paroquiais &#8211; 02\/05\/2021"},"content":{"rendered":"\n<p class=\"has-text-align-center\">Ano Jubilar da Igreja Paroquial<\/p>\n\n\n\n\n\n<p><\/p>\n\n\n\n<p><strong><u>Domingo | 02\/05<\/u><\/strong><strong> \u2013 <\/strong>5\u00ba Domingo de P\u00e1scoa. <strong>Dia da M\u00e3e<\/strong>.<strong> <\/strong>Missas \u00e0s 09h; 11h; 17h; 19h.<\/p>\n\n\n\n<p><strong><u>2\u00aa Feira | 03\/05 <\/u><\/strong>\u2013 Festa de <strong>S. Filipe<\/strong> e <strong>S. Tiago<\/strong>, Ap\u00f3stolos. Missa, \u00e0s 09h.<\/p>\n\n\n\n<p><strong><u>4\u00aa Feira | 05\/05 <\/u><\/strong>\u2013 Missas com a <strong>Novena Perp\u00e9tua<\/strong>, \u00e0s 09h e \u00e0s 19h.<strong><u><\/u><\/strong><\/p>\n\n\n\n<p><strong><u>5\u00aa Feira | 06\/05<\/u><\/strong><strong> <\/strong>&#8211; Mem\u00f3ria de <strong>S. Domingos S\u00e1vio<\/strong>, padroeiro dos Ac\u00f3litos. <strong>Adora\u00e7\u00e3o<\/strong> ao Sant\u00edssimo Sacramento, \u00e0s 18h15. Reuni\u00e3o da Equipa da Novena Perp\u00e9tua, \u00e0s 19h30. Reuni\u00e3o do <strong>Conselho Econ\u00f3mico, <\/strong>\u00e0s 21h.&nbsp;&nbsp;&nbsp;&nbsp;<\/p>\n\n\n\n<p><strong><u>6\u00aa Feira | 07\/05<\/u><\/strong><strong> \u2013 1\u00aa Sexta-Feira do m\u00eas<\/strong>. Missas com a b\u00ean\u00e7\u00e3o do Sant\u00edssimo Sacramento.<\/p>\n\n\n\n<p><strong><u>S\u00e1bado | 08\/<\/u><\/strong><strong>05 \u2013 <\/strong>Reuni\u00e3o com pais da <strong>Profiss\u00e3o de F\u00e9<\/strong>, \u00e0s 15h.<strong><\/strong><\/p>\n\n\n\n<p><strong><u>Domingo | 09\/05<\/u><\/strong><strong> <\/strong>\u2013 6\u00ba Domingo da P\u00e1scoa. Missas: \u00e0s 09h; \u00e0s 11h; \u00e0s 17h; \u00e0s 19h<strong>.<\/strong>&nbsp;&nbsp;&nbsp;&nbsp;&nbsp;&nbsp; &nbsp;&nbsp;&nbsp;&nbsp;<\/p>\n\n\n\n<p>No Domingo, 30 de maio, celebraremos a <strong>Festa da Fam\u00edlia<\/strong> com B\u00ean\u00e7\u00e3o para as fam\u00edlias, e em especial para <strong>casais jubilares<\/strong>. Convidamos os casais que celebram seus jubileus de 10, 25, 50 ou 60 anos de casamento a inscrever-se no site da Pastoral da fam\u00edlia do Patriarcado para receber o Diploma do Sr. Patriarca.<\/p>\n\n\n\n<p>Leia a nova edi\u00e7\u00e3o do <strong>Apelo do Redentor<\/strong>, dispon\u00edvel na p\u00e1gina da Par\u00f3quia.<\/p>\n\n\n\n<p>Participe do<strong> Registo dos Paroquianos<\/strong>, que faz parte da organiza\u00e7\u00e3o da Par\u00f3quia.&nbsp; Colabore, por favor, preencha a ficha e devolva \u00e0 Secretaria da Par\u00f3quia.<\/p>\n\n\n\n<p>Por ocasi\u00e3o do <strong>Ano Jubilar<\/strong> da nossa igreja paroquial, estamos organizando o <strong>arquivo hist\u00f3rico de fotos<\/strong> da nossa igreja. Se algu\u00e9m possuir algumas, se poss\u00edvel, gostar\u00edamos de fazer uma digitaliza\u00e7\u00e3o delas. Obrigado.&nbsp;<\/p>\n\n\n\n<p><\/p>\n\n\n\n<p>Pe. Crist\u00f3v\u00e3o Dworak, CSsR \u2013 P\u00e1roco\u00a0\u00a0\u00a0\u00a0\u00a0\u00a0\u00a0\u00a0\u00a0\u00a0\u00a0\u00a0\u00a0\u00a0\u00a0\u00a0\u00a0\u00a0\u00a0\u00a0\u00a0\u00a0\u00a0\u00a0\u00a0\u00a0\u00a0\u00a0\u00a0\u00a0\u00a0\u00a0\u00a0\u00a0\u00a0\u00a0\u00a0\u00a0\u00a0\u00a0\u00a0\u00a0\u00a0\u00a0\u00a0\u00a0<\/p>\n\n\n\n<p>Damaia, 02 de Maio de 2021<\/p>\n","protected":false},"excerpt":{"rendered":"<p>Ano Jubilar da Igreja Paroquial Domingo | 02\/05 \u2013 5\u00ba Domingo de P\u00e1scoa. Dia da M\u00e3e. Missas \u00e0s 09h; 11h; 17h; 19h. 2\u00aa Feira | 03\/05 \u2013 Festa de S. Filipe e S. Tiago, Ap\u00f3stolos. Missa, \u00e0s 09h. 4\u00aa Feira | 05\/05 \u2013 Missas com a Novena Perp\u00e9tua, \u00e0s 09h e \u00e0s 19h. 5\u00aa Feira<a class=\"more-link\" href=\"https:\/\/www.paroquia-damaia.pt\/old\/comunicacoes-paroquiais-02-05-2021\/\">Continuar lendo <span class=\"screen-reader-text\">&#8220;Comunica\u00e7\u00f5es Paroquiais &#8211; 02\/05\/2021&#8221;<\/span><\/a><\/p>\n","protected":false},"author":5,"featured_media":1754,"comment_status":"closed","ping_status":"open","sticky":false,"template":"","format":"standard","meta":{"footnotes":""},"categories":[4],"tags":[],"class_list":["post-1753","post","type-post","status-publish","format-standard","has-post-thumbnail","hentry","category-avisos-paroquiais","entry"],"_links":{"self":[{"href":"https:\/\/www.paroquia-damaia.pt\/old\/wp-json\/wp\/v2\/posts\/1753","targetHints":{"allow":["GET"]}}],"collection":[{"href":"https:\/\/www.paroquia-damaia.pt\/old\/wp-json\/wp\/v2\/posts"}],"about":[{"href":"https:\/\/www.paroquia-damaia.pt\/old\/wp-json\/wp\/v2\/types\/post"}],"author":[{"embeddable":true,"href":"https:\/\/www.paroquia-damaia.pt\/old\/wp-json\/wp\/v2\/users\/5"}],"replies":[{"embeddable":true,"href":"https:\/\/www.paroquia-damaia.pt\/old\/wp-json\/wp\/v2\/comments?post=1753"}],"version-history":[{"count":1,"href":"https:\/\/www.paroquia-damaia.pt\/old\/wp-json\/wp\/v2\/posts\/1753\/revisions"}],"predecessor-version":[{"id":1755,"href":"https:\/\/www.paroquia-damaia.pt\/old\/wp-json\/wp\/v2\/posts\/1753\/revisions\/1755"}],"wp:featuredmedia":[{"embeddable":true,"href":"https:\/\/www.paroquia-damaia.pt\/old\/wp-json\/wp\/v2\/media\/1754"}],"wp:attachment":[{"href":"https:\/\/www.paroquia-damaia.pt\/old\/wp-json\/wp\/v2\/media?parent=1753"}],"wp:term":[{"taxonomy":"category","embeddable":true,"href":"https:\/\/www.paroquia-damaia.pt\/old\/wp-json\/wp\/v2\/categories?post=1753"},{"taxonomy":"post_tag","embeddable":true,"href":"https:\/\/www.paroquia-damaia.pt\/old\/wp-json\/wp\/v2\/tags?post=1753"}],"curies":[{"name":"wp","href":"https:\/\/api.w.org\/{rel}","templated":true}]}}