{"id":1863,"date":"2021-05-09T11:20:11","date_gmt":"2021-05-09T11:20:11","guid":{"rendered":"https:\/\/www.paroquia-damaia.pt\/old\/?p=1863"},"modified":"2021-05-09T11:52:50","modified_gmt":"2021-05-09T11:52:50","slug":"comunicacoes-paroquiais-09-05-2021","status":"publish","type":"post","link":"https:\/\/www.paroquia-damaia.pt\/old\/comunicacoes-paroquiais-09-05-2021\/","title":{"rendered":"Comunica\u00e7\u00f5es Paroquiais &#8211; 09\/05\/2021"},"content":{"rendered":"\n<p class=\"has-text-align-center\"><strong>Ano Jubilar da Igreja Paroquial<\/strong><\/p>\n\n\n\n\n\n<div class=\"wp-block-group\"><div class=\"wp-block-group__inner-container is-layout-flow wp-block-group-is-layout-flow\">\n<hr class=\"wp-block-separator is-style-default\"\/>\n\n\n\n<blockquote class=\"wp-block-quote has-text-align-center is-style-large is-layout-flow wp-block-quote-is-layout-flow\"><p>&#8220;<strong><em>Permanecei no meu amor (\u2026) O que vos mando \u00e9 que vos ameis uns aos outros<\/em><\/strong>&#8220;<\/p><cite>(JO 15, 9.17)<\/cite><\/blockquote>\n\n\n\n<hr class=\"wp-block-separator is-style-default\"\/>\n<\/div><\/div>\n\n\n\n<p><strong><u>Domingo | 09\/05<\/u><\/strong><strong> \u2013 6\u00ba Domingo de P\u00e1scoa<\/strong>. Missas \u00e0s 09h; 11h; 17h; 19h. Celebra\u00e7\u00e3o: \u201c<em>Ave Maria\u201d<\/em> do 1\u00ba Catecismo na Missa das 17h. Come\u00e7a hoje a <strong><em>Semana da Vida<\/em><\/strong>.&nbsp;<\/p>\n\n\n\n<p><strong><u>3\u00aa Feira | 11\/05 <\/u><\/strong>\u2013 <strong>Reuni\u00e3o da Vigararia<\/strong>, \u00e0s 10h30.&nbsp;<\/p>\n\n\n\n<p><strong><u>4\u00aa Feira | 12\/05 <\/u><\/strong>\u2013 Mem\u00f3rias de B. <strong>Joana de Portugal<\/strong>, Virgem; <strong>S. Nereu<\/strong> e <strong>S. Aquileu<\/strong>, M\u00e1rtires; <strong>S. Pancr\u00e1cio<\/strong>, M\u00e1rtir. Missas com a <strong>Novena Perp\u00e9tua<\/strong>, \u00e0s 09h e \u00e0s 19h. <strong>Ter\u00e7o pelas Ruas<\/strong> da Damaia, a partir das 21h.<\/p>\n\n\n\n<p><strong><u>5\u00aa Feira | 13\/05<\/u><\/strong><strong> <\/strong>\u2013 Festa da <strong>Virgem Santa Maria do Ros\u00e1rio de F\u00e1tima<\/strong>. <strong>Adora\u00e7\u00e3o<\/strong> ao Sant\u00edssimo Sacramento, \u00e0s 18h15.&nbsp;&nbsp;&nbsp;&nbsp;&nbsp;&nbsp;<\/p>\n\n\n\n<p><strong><u>S\u00e1bado | 15\/<\/u><\/strong><strong>05 \u2013 Congresso Diocesano<\/strong> da Pastoral Socio-Caritativa, em Torres Vedras.&nbsp; Prepara\u00e7\u00e3o para <strong>Pais e Padrinhos<\/strong>, \u00e0s 10h.&nbsp; <strong>&nbsp;<\/strong><\/p>\n\n\n\n<p><strong><u>Domingo | 16\/05<\/u><\/strong><strong> <\/strong>\u2013 Solenidade da <strong>Ascens\u00e3o do Senhor<\/strong>. Missas: \u00e0s 09h; \u00e0s 11h; \u00e0s 17h; \u00e0s 19h<strong>.<\/strong> Ofert\u00f3rio anual para os <em>Meios de Comunica\u00e7\u00e3o Social Cat\u00f3licos<\/em>.&nbsp; Celebra\u00e7\u00e3o do <em>\u201cPai nosso\u201d<\/em> do 2\u00ba Ano da Catequese na missa das 17h.&nbsp;&nbsp;&nbsp;&nbsp; &nbsp;&nbsp;&nbsp;&nbsp;<\/p>\n\n\n\n<p>No Domingo, 30 de maio, celebraremos a <strong>Festa da Fam\u00edlia<\/strong> com B\u00ean\u00e7\u00e3o para as fam\u00edlias, e em especial para <strong>casais jubilares<\/strong>. Convidamos os casais que celebram seus jubileus de 10, 25, 50 ou 60 anos de casamento a inscrever-se no site da Pastoral da fam\u00edlia do Patriarcado para receber o Diploma do Sr. Patriarca.<\/p>\n\n\n\n<p>Participe do<strong> Registo dos Paroquianos<\/strong>, que faz parte da organiza\u00e7\u00e3o da Par\u00f3quia.&nbsp; Colabore, por favor, preencha a ficha e devolva \u00e0 Secretaria da Par\u00f3quia.<\/p>\n\n\n\n<p>Por ocasi\u00e3o do <strong>Ano Jubilar<\/strong> da nossa igreja paroquial, estamos organizando o <strong>arquivo hist\u00f3rico de fotos<\/strong> da nossa igreja. Se algu\u00e9m possuir algumas, se poss\u00edvel, gostar\u00edamos de fazer uma digitaliza\u00e7\u00e3o delas. Obrigado.&nbsp;<\/p>\n\n\n\n<p>Pe. Crist\u00f3v\u00e3o Dworak, CSsR \u2013 P\u00e1roco&nbsp;&nbsp;&nbsp;&nbsp;&nbsp;&nbsp;&nbsp;&nbsp;&nbsp;&nbsp;&nbsp;&nbsp;&nbsp;&nbsp;&nbsp;&nbsp;&nbsp;&nbsp;&nbsp;&nbsp;&nbsp;&nbsp;&nbsp;&nbsp;&nbsp;&nbsp;&nbsp;&nbsp;&nbsp;&nbsp;&nbsp;&nbsp;&nbsp;&nbsp;&nbsp;&nbsp;&nbsp;&nbsp;&nbsp;&nbsp;&nbsp;&nbsp;&nbsp;&nbsp;&nbsp;&nbsp;<\/p>\n\n\n\n<p>Damaia, 09 de Maio de 2021<\/p>\n","protected":false},"excerpt":{"rendered":"<p>Ano Jubilar da Igreja Paroquial &#8220;Permanecei no meu amor (\u2026) O que vos mando \u00e9 que vos ameis uns aos outros&#8220; (JO 15, 9.17) Domingo | 09\/05 \u2013 6\u00ba Domingo de P\u00e1scoa. Missas \u00e0s 09h; 11h; 17h; 19h. Celebra\u00e7\u00e3o: \u201cAve Maria\u201d do 1\u00ba Catecismo na Missa das 17h. Come\u00e7a hoje a Semana da Vida.&nbsp; 3\u00aa<a class=\"more-link\" href=\"https:\/\/www.paroquia-damaia.pt\/old\/comunicacoes-paroquiais-09-05-2021\/\">Continuar lendo <span class=\"screen-reader-text\">&#8220;Comunica\u00e7\u00f5es Paroquiais &#8211; 09\/05\/2021&#8221;<\/span><\/a><\/p>\n","protected":false},"author":5,"featured_media":1864,"comment_status":"closed","ping_status":"open","sticky":false,"template":"","format":"standard","meta":{"footnotes":""},"categories":[4],"tags":[],"class_list":["post-1863","post","type-post","status-publish","format-standard","has-post-thumbnail","hentry","category-avisos-paroquiais","entry"],"_links":{"self":[{"href":"https:\/\/www.paroquia-damaia.pt\/old\/wp-json\/wp\/v2\/posts\/1863","targetHints":{"allow":["GET"]}}],"collection":[{"href":"https:\/\/www.paroquia-damaia.pt\/old\/wp-json\/wp\/v2\/posts"}],"about":[{"href":"https:\/\/www.paroquia-damaia.pt\/old\/wp-json\/wp\/v2\/types\/post"}],"author":[{"embeddable":true,"href":"https:\/\/www.paroquia-damaia.pt\/old\/wp-json\/wp\/v2\/users\/5"}],"replies":[{"embeddable":true,"href":"https:\/\/www.paroquia-damaia.pt\/old\/wp-json\/wp\/v2\/comments?post=1863"}],"version-history":[{"count":3,"href":"https:\/\/www.paroquia-damaia.pt\/old\/wp-json\/wp\/v2\/posts\/1863\/revisions"}],"predecessor-version":[{"id":1878,"href":"https:\/\/www.paroquia-damaia.pt\/old\/wp-json\/wp\/v2\/posts\/1863\/revisions\/1878"}],"wp:featuredmedia":[{"embeddable":true,"href":"https:\/\/www.paroquia-damaia.pt\/old\/wp-json\/wp\/v2\/media\/1864"}],"wp:attachment":[{"href":"https:\/\/www.paroquia-damaia.pt\/old\/wp-json\/wp\/v2\/media?parent=1863"}],"wp:term":[{"taxonomy":"category","embeddable":true,"href":"https:\/\/www.paroquia-damaia.pt\/old\/wp-json\/wp\/v2\/categories?post=1863"},{"taxonomy":"post_tag","embeddable":true,"href":"https:\/\/www.paroquia-damaia.pt\/old\/wp-json\/wp\/v2\/tags?post=1863"}],"curies":[{"name":"wp","href":"https:\/\/api.w.org\/{rel}","templated":true}]}}