{"id":1902,"date":"2021-05-11T16:36:19","date_gmt":"2021-05-11T16:36:19","guid":{"rendered":"https:\/\/www.paroquia-damaia.pt\/old\/?p=1902"},"modified":"2021-05-11T16:36:19","modified_gmt":"2021-05-11T16:36:19","slug":"festa-da-virgem-santa-maria-do-rosario-de-fatima-13-de-maio-de-2021","status":"publish","type":"post","link":"https:\/\/www.paroquia-damaia.pt\/old\/festa-da-virgem-santa-maria-do-rosario-de-fatima-13-de-maio-de-2021\/","title":{"rendered":"Festa da Virgem Santa Maria do Ros\u00e1rio de F\u00e1tima &#8211; 13 de Maio de 2021"},"content":{"rendered":"\n\n\n<ul class=\"wp-block-list\"><li><strong><u>Quarta-feira<\/u><\/strong><strong> <\/strong><strong>(12\/05),<\/strong><strong> \u00e0s 21h &#8211; Prociss\u00e3o<\/strong><strong> com a Imagem de Nossa Senhora do Ros\u00e1rio de F\u00e1tima pelas ruas da Damaia<\/strong><\/li><li><strong><u>Quinta -Feira<\/u><\/strong><strong> <\/strong><strong>(13\/05):<\/strong><strong><\/strong><ul><li><strong>Missas: \u00e0s 09h e \u00e0s 19h<\/strong><\/li><\/ul><ul><li><strong>Santo Ros\u00e1rio: 09h30<\/strong><\/li><\/ul><ul><li><strong>Adora\u00e7\u00e3o com Ter\u00e7o: 18h15<\/strong><\/li><\/ul><\/li><\/ul>\n\n\n\n<p><strong><em>Nossa Senhora do Ros\u00e1rio de F\u00e1tima, rogai por n\u00f3s!<\/em><\/strong><\/p>\n\n\n\n<p><strong><em>Santa Jacinta e S\u00e3o Francisco Marto, rogai por n\u00f3s.<\/em><\/strong><\/p>\n","protected":false},"excerpt":{"rendered":"<p>Quarta-feira (12\/05), \u00e0s 21h &#8211; Prociss\u00e3o com a Imagem de Nossa Senhora do Ros\u00e1rio de F\u00e1tima pelas ruas da Damaia Quinta -Feira (13\/05): Missas: \u00e0s 09h e \u00e0s 19h Santo Ros\u00e1rio: 09h30 Adora\u00e7\u00e3o com Ter\u00e7o: 18h15 Nossa Senhora do Ros\u00e1rio de F\u00e1tima, rogai por n\u00f3s! Santa Jacinta e S\u00e3o Francisco Marto, rogai por n\u00f3s.<\/p>\n","protected":false},"author":5,"featured_media":1072,"comment_status":"closed","ping_status":"open","sticky":false,"template":"","format":"standard","meta":{"footnotes":""},"categories":[4],"tags":[],"class_list":["post-1902","post","type-post","status-publish","format-standard","has-post-thumbnail","hentry","category-avisos-paroquiais","entry"],"_links":{"self":[{"href":"https:\/\/www.paroquia-damaia.pt\/old\/wp-json\/wp\/v2\/posts\/1902","targetHints":{"allow":["GET"]}}],"collection":[{"href":"https:\/\/www.paroquia-damaia.pt\/old\/wp-json\/wp\/v2\/posts"}],"about":[{"href":"https:\/\/www.paroquia-damaia.pt\/old\/wp-json\/wp\/v2\/types\/post"}],"author":[{"embeddable":true,"href":"https:\/\/www.paroquia-damaia.pt\/old\/wp-json\/wp\/v2\/users\/5"}],"replies":[{"embeddable":true,"href":"https:\/\/www.paroquia-damaia.pt\/old\/wp-json\/wp\/v2\/comments?post=1902"}],"version-history":[{"count":1,"href":"https:\/\/www.paroquia-damaia.pt\/old\/wp-json\/wp\/v2\/posts\/1902\/revisions"}],"predecessor-version":[{"id":1903,"href":"https:\/\/www.paroquia-damaia.pt\/old\/wp-json\/wp\/v2\/posts\/1902\/revisions\/1903"}],"wp:featuredmedia":[{"embeddable":true,"href":"https:\/\/www.paroquia-damaia.pt\/old\/wp-json\/wp\/v2\/media\/1072"}],"wp:attachment":[{"href":"https:\/\/www.paroquia-damaia.pt\/old\/wp-json\/wp\/v2\/media?parent=1902"}],"wp:term":[{"taxonomy":"category","embeddable":true,"href":"https:\/\/www.paroquia-damaia.pt\/old\/wp-json\/wp\/v2\/categories?post=1902"},{"taxonomy":"post_tag","embeddable":true,"href":"https:\/\/www.paroquia-damaia.pt\/old\/wp-json\/wp\/v2\/tags?post=1902"}],"curies":[{"name":"wp","href":"https:\/\/api.w.org\/{rel}","templated":true}]}}