{"id":2013,"date":"2021-05-16T11:09:12","date_gmt":"2021-05-16T11:09:12","guid":{"rendered":"https:\/\/www.paroquia-damaia.pt\/old\/?p=2013"},"modified":"2021-05-16T11:09:12","modified_gmt":"2021-05-16T11:09:12","slug":"comunicacoes-paroquiais-16-05-2021","status":"publish","type":"post","link":"https:\/\/www.paroquia-damaia.pt\/old\/comunicacoes-paroquiais-16-05-2021\/","title":{"rendered":"Comunica\u00e7\u00f5es Paroquiais &#8211; 16\/05\/2021"},"content":{"rendered":"\n\n\n<div class=\"wp-block-group\"><div class=\"wp-block-group__inner-container is-layout-flow wp-block-group-is-layout-flow\">\n<hr class=\"wp-block-separator is-style-default\"\/>\n\n\n\n<blockquote class=\"wp-block-quote has-text-align-center is-style-large is-layout-flow wp-block-quote-is-layout-flow\"><p>&#8220;<strong><em>Ide por todo o mundo e pregai o Evangelho a toda a criatura<\/em><\/strong>&#8220;<\/p><cite>(Jo 16,15)<\/cite><\/blockquote>\n\n\n\n<hr class=\"wp-block-separator is-style-default\"\/>\n<\/div><\/div>\n\n\n\n<p><strong><u>Domingo | 16\/05<\/u><\/strong><strong> \u2013 Solenidade da Ascens\u00e3o do Senhor<\/strong>. Dia Mundial dos Meios de Comunica\u00e7\u00e3o Social. Missas \u00e0s 09h; 11h; 17h; 19h. Celebra\u00e7\u00e3o: \u201c<em>Pai nosso\u201d<\/em> do 2\u00ba Catecismo na Missa das 17h. Ofert\u00f3rio anual para os <em>Meios de Comunica\u00e7\u00e3o Social Cat\u00f3licos<\/em>.&nbsp;&nbsp;<\/p>\n\n\n\n<p><strong><u>3\u00aa Feira | 18\/05 <\/u><\/strong>\u2013 Mem\u00f3ria de <strong>S. Jo\u00e3o I,<\/strong> Papa e m\u00e1rtir.&nbsp;&nbsp;<\/p>\n\n\n\n<p><strong><u>4\u00aa Feira | 19\/05 <\/u><\/strong>\u2013 Missas com a <strong>Novena Perp\u00e9tua<\/strong>, \u00e0s 09h e \u00e0s 19h. <strong>Novena a S\u00e3o Jos\u00e9<\/strong>, \u00e0s 18h.&nbsp;<\/p>\n\n\n\n<p><strong><u>5\u00aa Feira | 20\/05<\/u><\/strong><strong> <\/strong>\u2013 Mem\u00f3ria de <strong>S. Bernardino de Sena<\/strong>, presb\u00edtero. <strong>Adora\u00e7\u00e3o<\/strong> ao Sant\u00edssimo Sacramento, \u00e0s 18h15.<\/p>\n\n\n\n<p><strong><u>6\u00aa Feira | 21\/05<\/u><\/strong><strong> <\/strong>&#8211; Mem\u00f3ria de <strong>SS. Crist\u00f3v\u00e3o Magallones<\/strong> e <strong>Companheiros<\/strong>, m\u00e1rtires. Reuni\u00e3o da <strong>Comiss\u00e3o Permanente<\/strong>, \u00e0s 21h.&nbsp;&nbsp;&nbsp;&nbsp;&nbsp;&nbsp;<\/p>\n\n\n\n<p><strong><u>S\u00e1bado | 22\/<\/u><\/strong><strong>05 \u2013 <\/strong>Mem\u00f3ria de<strong> S. Rita de C\u00e1ssia. <\/strong>Missa da<strong> Vig\u00edlia de Pentecostes<\/strong>, \u00e0s 19h.<strong> Vig\u00edlia de Ora\u00e7\u00e3o, <\/strong>\u00e0s 21h.<strong> <\/strong>&nbsp;&nbsp;&nbsp;<\/p>\n\n\n\n<p><strong><u>Domingo | 23\/05<\/u><\/strong><strong> <\/strong>\u2013 <strong>Solenidade de Pentecostes<\/strong>. Missas: \u00e0s 09h; \u00e0s 11h; \u00e0s 17h; \u00e0s 19h<strong>.<\/strong> Celebra\u00e7\u00e3o das <strong>Promessas dos Escuteiros<\/strong>, \u00e0s 15h.&nbsp;&nbsp;&nbsp;&nbsp;&nbsp;&nbsp; &nbsp;&nbsp;&nbsp;&nbsp;<\/p>\n\n\n\n<p>No Domingo, 30 de maio, celebraremos a <strong>Festa da Fam\u00edlia<\/strong> com B\u00ean\u00e7\u00e3o para as fam\u00edlias, e em especial para <strong>casais jubilares<\/strong>. Convidamos os casais que celebram seus jubileus de 10, 25, 50 ou 60 anos de casamento a inscrever-se no site da Pastoral da fam\u00edlia do Patriarcado para receber o Diploma do Sr. Patriarca.<\/p>\n\n\n\n<p>Participe do<strong> Registo dos Paroquianos<\/strong>, que faz parte da organiza\u00e7\u00e3o da Par\u00f3quia.&nbsp; Colabore, por favor, preencha a ficha e devolva \u00e0 Secretaria da Par\u00f3quia.<\/p>\n\n\n\n<p>Colabore com as <strong>obras no Centro Pastoral Paroquial<\/strong> que est\u00e3o a ser conclu\u00eddas, mas temos ainda os pagamentos a serem efetuados pelos servi\u00e7os realizados. Obrigado pela vossa compreens\u00e3o e ajuda.&nbsp;&nbsp;<\/p>\n\n\n\n<p>Pe. Crist\u00f3v\u00e3o Dworak, CSsR \u2013 P\u00e1roco&nbsp;&nbsp;&nbsp;&nbsp;&nbsp;&nbsp;&nbsp;&nbsp;&nbsp;&nbsp;&nbsp;&nbsp;&nbsp;&nbsp;&nbsp;&nbsp;&nbsp;&nbsp;&nbsp;&nbsp;&nbsp;&nbsp;&nbsp;&nbsp;&nbsp;&nbsp;&nbsp;&nbsp;&nbsp;&nbsp;&nbsp;&nbsp;&nbsp;&nbsp;&nbsp;&nbsp;&nbsp;&nbsp;&nbsp;&nbsp;&nbsp;&nbsp;&nbsp;&nbsp;&nbsp;&nbsp;<\/p>\n\n\n\n<p>Damaia, 16 de Maio de 2021<\/p>\n","protected":false},"excerpt":{"rendered":"<p>&#8220;Ide por todo o mundo e pregai o Evangelho a toda a criatura&#8220; (Jo 16,15) Domingo | 16\/05 \u2013 Solenidade da Ascens\u00e3o do Senhor. Dia Mundial dos Meios de Comunica\u00e7\u00e3o Social. Missas \u00e0s 09h; 11h; 17h; 19h. Celebra\u00e7\u00e3o: \u201cPai nosso\u201d do 2\u00ba Catecismo na Missa das 17h. Ofert\u00f3rio anual para os Meios de Comunica\u00e7\u00e3o Social<a class=\"more-link\" href=\"https:\/\/www.paroquia-damaia.pt\/old\/comunicacoes-paroquiais-16-05-2021\/\">Continuar lendo <span class=\"screen-reader-text\">&#8220;Comunica\u00e7\u00f5es Paroquiais &#8211; 16\/05\/2021&#8221;<\/span><\/a><\/p>\n","protected":false},"author":5,"featured_media":2014,"comment_status":"closed","ping_status":"open","sticky":false,"template":"","format":"standard","meta":{"footnotes":""},"categories":[4],"tags":[],"class_list":["post-2013","post","type-post","status-publish","format-standard","has-post-thumbnail","hentry","category-avisos-paroquiais","entry"],"_links":{"self":[{"href":"https:\/\/www.paroquia-damaia.pt\/old\/wp-json\/wp\/v2\/posts\/2013","targetHints":{"allow":["GET"]}}],"collection":[{"href":"https:\/\/www.paroquia-damaia.pt\/old\/wp-json\/wp\/v2\/posts"}],"about":[{"href":"https:\/\/www.paroquia-damaia.pt\/old\/wp-json\/wp\/v2\/types\/post"}],"author":[{"embeddable":true,"href":"https:\/\/www.paroquia-damaia.pt\/old\/wp-json\/wp\/v2\/users\/5"}],"replies":[{"embeddable":true,"href":"https:\/\/www.paroquia-damaia.pt\/old\/wp-json\/wp\/v2\/comments?post=2013"}],"version-history":[{"count":1,"href":"https:\/\/www.paroquia-damaia.pt\/old\/wp-json\/wp\/v2\/posts\/2013\/revisions"}],"predecessor-version":[{"id":2015,"href":"https:\/\/www.paroquia-damaia.pt\/old\/wp-json\/wp\/v2\/posts\/2013\/revisions\/2015"}],"wp:featuredmedia":[{"embeddable":true,"href":"https:\/\/www.paroquia-damaia.pt\/old\/wp-json\/wp\/v2\/media\/2014"}],"wp:attachment":[{"href":"https:\/\/www.paroquia-damaia.pt\/old\/wp-json\/wp\/v2\/media?parent=2013"}],"wp:term":[{"taxonomy":"category","embeddable":true,"href":"https:\/\/www.paroquia-damaia.pt\/old\/wp-json\/wp\/v2\/categories?post=2013"},{"taxonomy":"post_tag","embeddable":true,"href":"https:\/\/www.paroquia-damaia.pt\/old\/wp-json\/wp\/v2\/tags?post=2013"}],"curies":[{"name":"wp","href":"https:\/\/api.w.org\/{rel}","templated":true}]}}