{"id":2213,"date":"2021-05-24T12:09:25","date_gmt":"2021-05-24T12:09:25","guid":{"rendered":"https:\/\/www.paroquia-damaia.pt\/old\/?p=2213"},"modified":"2021-05-24T12:09:25","modified_gmt":"2021-05-24T12:09:25","slug":"comunicacoes-paroquiais-23-05-2021","status":"publish","type":"post","link":"https:\/\/www.paroquia-damaia.pt\/old\/comunicacoes-paroquiais-23-05-2021\/","title":{"rendered":"Comunica\u00e7\u00f5es Paroquiais &#8211; 23\/05\/2021"},"content":{"rendered":"\n<p class=\"has-text-align-center\"><strong>Ano Jubilar da Igreja Paroquial<\/strong><\/p>\n\n\n\n\n\n<p class=\"has-text-align-center\"> <strong>SOLENIDADE DE PENTECOSTES<\/strong> <\/p>\n\n\n\n<div class=\"wp-block-group\"><div class=\"wp-block-group__inner-container is-layout-flow wp-block-group-is-layout-flow\">\n<hr class=\"wp-block-separator is-style-default\"\/>\n\n\n\n<blockquote class=\"wp-block-quote has-text-align-center is-style-large is-layout-flow wp-block-quote-is-layout-flow\"><p>&#8220;<strong><em>A paz esteja convosco \u2026 Recebei o Esp\u00edrito Santo<\/em><\/strong>&#8220;<\/p><cite>(Jo 20, 21.22)<\/cite><\/blockquote>\n\n\n\n<hr class=\"wp-block-separator is-style-default\"\/>\n<\/div><\/div>\n\n\n\n<p><\/p>\n\n\n\n<p><strong><u>Domingo | 23\/05<\/u><\/strong><strong> \u2013 Solenidade de Pentecostes<\/strong>. Missas \u00e0s 09h; 11h; 17h; 19h. Celebra\u00e7\u00e3o: das <strong>Promessas<\/strong> dos Escuteiros, \u00e0s 15h.&nbsp;<\/p>\n\n\n\n<p><strong><u>2\u00aa Feira | 24\/05 <\/u><\/strong>&nbsp;&nbsp;&#8211; Festa de <strong>Santa Maria, M\u00e3e da Igreja<\/strong>.<\/p>\n\n\n\n<p><strong><u>3\u00aa Feira | 25\/05 <\/u><\/strong>\u2013 Mem\u00f3ria de <strong>S. Beda Vener\u00e1vel, <\/strong>presb\u00edtero;<strong> S. Greg\u00f3rio VII, <\/strong>Papa;<strong> S. Maria Madalena de Pazzi, <\/strong>virgem.&nbsp; <strong>Novena a S\u00e3o Jos\u00e9<\/strong>, \u00e0s 18h. &nbsp;<\/p>\n\n\n\n<p><strong><u>4\u00aa Feira | 26\/05 <\/u><\/strong>\u2013 Mem\u00f3ria de <strong>S. Filipe N\u00e9ri<\/strong>, presb\u00edtero; Missas com a <strong>Novena Perp\u00e9tua<\/strong>, \u00e0s 09h e \u00e0s 19h.<\/p>\n\n\n\n<p><strong><u>5\u00aa Feira | 27\/05<\/u><\/strong><strong> <\/strong>\u2013 Mem\u00f3ria de <strong>S. Agostinho de Cantu\u00e1ria, <\/strong>bispo.<strong> Adora\u00e7\u00e3o<\/strong> ao Sant\u00edssimo Sacramento, \u00e0s 18h15.<\/p>\n\n\n\n<p><strong><u>S\u00e1bado | 29\/<\/u><\/strong><strong>05 \u2013 <\/strong>Mem\u00f3ria de<strong> S. Paulo VI, <\/strong>papa.<strong> Mil Ave Marias, <\/strong>a partir das 09h30, na igreja. <strong>Encontro de catequese. 33\u00ba anivers\u00e1rio da ordena\u00e7\u00e3o sacerdotal <\/strong>do P\u00e1roco, Pe. Crist\u00f3v\u00e3o.<strong> <\/strong>&nbsp;&nbsp;&nbsp;&nbsp;<\/p>\n\n\n\n<p><strong><u>Domingo | 30\/05<\/u><\/strong><strong> <\/strong>\u2013 <strong>Solenidade da Sant\u00edssima Trindade<\/strong>. Missas: \u00e0s 09h; \u00e0s 11h; \u00e0s 17h; \u00e0s 19h<strong>.<\/strong>&nbsp;&nbsp;&nbsp;&nbsp;&nbsp;&nbsp; &nbsp;&nbsp;&nbsp;&nbsp;<\/p>\n\n\n\n<p>Participe do<strong> Registo dos Paroquianos<\/strong>, que faz parte da organiza\u00e7\u00e3o da Par\u00f3quia.&nbsp; Colabore, por favor, preencha a ficha e devolva \u00e0 Secretaria da Par\u00f3quia.<\/p>\n\n\n\n<p>Colabore com as <strong>obras no Centro Pastoral Paroquial<\/strong> que est\u00e3o a ser conclu\u00eddas, mas temos ainda os pagamentos a serem efetuados pelos servi\u00e7os realizados. Obrigado pela vossa compreens\u00e3o e ajuda.&nbsp;&nbsp;<\/p>\n\n\n\n<p>H\u00e1 possibilidade para as <strong>Confiss\u00f5es<\/strong>, todos os dias pela manh\u00e3, depois da missa das 09h e \u00e0 tarde a partir das 17h.&nbsp;<\/p>\n\n\n\n<p>Aos aniversariantes da semana: <strong>Gabriel<\/strong> Monteiro, <strong>Terezinha<\/strong> de F\u00e1tima, <strong>Al\u00edcia<\/strong> Sofia, <strong>Catarina<\/strong> Henriques; <strong>Nuno<\/strong> Filipe e <strong>Pedro<\/strong> Miguel Feliciano, <strong>Leandro<\/strong> Ramos, desejamos muitas copiosas b\u00ean\u00e7\u00e3o de Senhor e prote\u00e7\u00e3o da M\u00e3e de Deus.&nbsp;&nbsp;<\/p>\n\n\n\n<p>Pretendemos dar continuidade ao projeto de <strong>Peregrina\u00e7\u00e3o \u00e0 Pol\u00f3nia<\/strong>, de 19 a 23 de setembro de 2021, com m\u00ednimo de 15 participantes. Para podermos avan\u00e7ar com a proposta precisamos saber se h\u00e1 interessados. Por favor, falar com o Pe. Crist\u00f3v\u00e3o.&nbsp;&nbsp;<\/p>\n\n\n\n<p>Pe. Crist\u00f3v\u00e3o Dworak, CSsR \u2013 P\u00e1roco&nbsp;&nbsp;&nbsp;&nbsp;&nbsp;&nbsp;&nbsp;&nbsp;&nbsp;&nbsp;&nbsp;&nbsp;&nbsp;&nbsp;&nbsp;&nbsp;&nbsp;&nbsp;&nbsp;&nbsp;&nbsp;&nbsp;&nbsp;&nbsp;&nbsp;&nbsp;&nbsp;&nbsp;&nbsp;&nbsp;&nbsp;&nbsp;&nbsp;&nbsp;&nbsp;&nbsp;&nbsp;&nbsp;&nbsp;&nbsp;&nbsp;&nbsp;&nbsp;&nbsp;&nbsp;&nbsp;<\/p>\n\n\n\n<p>Damaia, 23 de Maio de 2021<\/p>\n","protected":false},"excerpt":{"rendered":"<p>Ano Jubilar da Igreja Paroquial SOLENIDADE DE PENTECOSTES &#8220;A paz esteja convosco \u2026 Recebei o Esp\u00edrito Santo&#8220; (Jo 20, 21.22) Domingo | 23\/05 \u2013 Solenidade de Pentecostes. Missas \u00e0s 09h; 11h; 17h; 19h. Celebra\u00e7\u00e3o: das Promessas dos Escuteiros, \u00e0s 15h.&nbsp; 2\u00aa Feira | 24\/05 &nbsp;&nbsp;&#8211; Festa de Santa Maria, M\u00e3e da Igreja. 3\u00aa Feira |<a class=\"more-link\" href=\"https:\/\/www.paroquia-damaia.pt\/old\/comunicacoes-paroquiais-23-05-2021\/\">Continuar lendo <span class=\"screen-reader-text\">&#8220;Comunica\u00e7\u00f5es Paroquiais &#8211; 23\/05\/2021&#8221;<\/span><\/a><\/p>\n","protected":false},"author":5,"featured_media":2214,"comment_status":"closed","ping_status":"open","sticky":false,"template":"","format":"standard","meta":{"footnotes":""},"categories":[4],"tags":[],"class_list":["post-2213","post","type-post","status-publish","format-standard","has-post-thumbnail","hentry","category-avisos-paroquiais","entry"],"_links":{"self":[{"href":"https:\/\/www.paroquia-damaia.pt\/old\/wp-json\/wp\/v2\/posts\/2213","targetHints":{"allow":["GET"]}}],"collection":[{"href":"https:\/\/www.paroquia-damaia.pt\/old\/wp-json\/wp\/v2\/posts"}],"about":[{"href":"https:\/\/www.paroquia-damaia.pt\/old\/wp-json\/wp\/v2\/types\/post"}],"author":[{"embeddable":true,"href":"https:\/\/www.paroquia-damaia.pt\/old\/wp-json\/wp\/v2\/users\/5"}],"replies":[{"embeddable":true,"href":"https:\/\/www.paroquia-damaia.pt\/old\/wp-json\/wp\/v2\/comments?post=2213"}],"version-history":[{"count":1,"href":"https:\/\/www.paroquia-damaia.pt\/old\/wp-json\/wp\/v2\/posts\/2213\/revisions"}],"predecessor-version":[{"id":2215,"href":"https:\/\/www.paroquia-damaia.pt\/old\/wp-json\/wp\/v2\/posts\/2213\/revisions\/2215"}],"wp:featuredmedia":[{"embeddable":true,"href":"https:\/\/www.paroquia-damaia.pt\/old\/wp-json\/wp\/v2\/media\/2214"}],"wp:attachment":[{"href":"https:\/\/www.paroquia-damaia.pt\/old\/wp-json\/wp\/v2\/media?parent=2213"}],"wp:term":[{"taxonomy":"category","embeddable":true,"href":"https:\/\/www.paroquia-damaia.pt\/old\/wp-json\/wp\/v2\/categories?post=2213"},{"taxonomy":"post_tag","embeddable":true,"href":"https:\/\/www.paroquia-damaia.pt\/old\/wp-json\/wp\/v2\/tags?post=2213"}],"curies":[{"name":"wp","href":"https:\/\/api.w.org\/{rel}","templated":true}]}}