{"id":22657,"date":"2021-07-25T21:31:00","date_gmt":"2021-07-25T21:31:00","guid":{"rendered":"https:\/\/www.paroquia-damaia.pt\/old\/?p=22657"},"modified":"2021-07-27T21:36:11","modified_gmt":"2021-07-27T21:36:11","slug":"comunicacoes-paroquiais-25-07-2021","status":"publish","type":"post","link":"https:\/\/www.paroquia-damaia.pt\/old\/comunicacoes-paroquiais-25-07-2021\/","title":{"rendered":"Comunica\u00e7\u00f5es Paroquiais &#8211; 25\/07\/2021"},"content":{"rendered":"\n<p class=\"has-text-align-center\"><strong><em>Comemora\u00e7\u00e3o dos 50 anos da B\u00ean\u00e7\u00e3o da 1\u00aa Pedra da Igreja Paroquial do Sant\u00edssimo Redentor da Damaia<\/em><\/strong><\/p>\n\n\n\n\n\n<blockquote class=\"wp-block-quote has-text-align-center is-style-large is-layout-flow wp-block-quote-is-layout-flow\"><p><strong><em>\u201c[Ele].\u00a0 tornou-se a pedra angular. Isto foi obra do Senhor e \u00e9 um prod\u00edgio aos nossos olhos.&#8221;<\/em><\/strong><\/p><cite>(Sl 117,22-23)<\/cite><\/blockquote>\n\n\n\n<p><strong><u>Domingo | 25\/07<\/u><\/strong><strong> \u2013 <\/strong>17\u00ba Domingo TC. Comemora\u00e7\u00e3o dos <strong>50 anos da b\u00ean\u00e7\u00e3o da 1\u00aa Pedra<\/strong> da nossa Igreja Paroquial. <strong>B\u00ean\u00e7\u00e3o de condutores<\/strong> e ve\u00edculos em todas as missas, pela intercess\u00e3o de <strong>S. Crist\u00f3v\u00e3o,<\/strong> padroeiro de condutores e viajantes. B\u00ean\u00e7\u00e3o especial para <strong>vov\u00f4s<\/strong>. Batizado, \u00e0s 12h15. Missas \u00e0s 09h; 11h; 17h; 19h.<\/p>\n\n\n\n<p><strong><u>2\u00aa Feira | 26\/07<\/u><\/strong> \u2013 <strong>S. Joaquim e S. Ana<\/strong>, pais da Virgem Santa Maria, mem\u00f3ria. <strong>Reuni\u00e3o<\/strong> dos Padres Redentoristas em F\u00e1tima.&nbsp;&nbsp;<\/p>\n\n\n\n<p><strong><u>3\u00aa Feira | 26\/07<\/u><\/strong> &#8211; <strong>Reuni\u00e3o<\/strong> dos Padres Redentoristas em F\u00e1tima.&nbsp;&nbsp; &nbsp;&nbsp;&nbsp;&nbsp;<\/p>\n\n\n\n<p><strong><u>4\u00aa Feira | 28\/07 <\/u><\/strong>\u2013 Missas com a <strong>Novena Perp\u00e9tua <\/strong>e b\u00ean\u00e7\u00e3o da sa\u00fade. <strong>Novena a S. Jos\u00e9<\/strong>, \u00e0s 18h.&nbsp;<\/p>\n\n\n\n<p><strong><u>5\u00aa Feira | 29\/07<\/u><\/strong><strong> <\/strong>\u2013 <strong>S. Marta, <\/strong>mem\u00f3ria. <strong>Adora\u00e7\u00e3o<\/strong> \u00e0s 18h15. Mem\u00f3ria do <strong>in\u00edcio das celebra\u00e7\u00f5es de misas na nova igreja<\/strong>, ainda em constru\u00e7\u00e3o (1974).&nbsp;<\/p>\n\n\n\n<p><strong><u>6\u00aa Feira | 31\/07<\/u><\/strong><strong> <\/strong>&#8211; <strong>S. Pedro Cris\u00f3logo<\/strong>, mem\u00f3ria.&nbsp;&nbsp;<\/p>\n\n\n\n<p><strong><u>S\u00e1bado | 31\/07<\/u><\/strong><strong> <\/strong>\u2013 <strong>S. In\u00e1cio de Loiola<\/strong>, mem\u00f3ria. <strong>Batizados<\/strong>, \u00e0s 10h. <strong>Casamento<\/strong>, 11h30.&nbsp;<\/p>\n\n\n\n<p><strong><u>Domingo | 01\/08<\/u><\/strong><strong> \u2013<\/strong> 18\u00ba Domingo do Tempo Comum. Solenidade de <strong>Santo Afonso<\/strong> <strong>Maria de Lig\u00f3rio<\/strong>, fundador da Congrega\u00e7\u00e3o do Sant\u00edssimo Redentor.&nbsp;<\/p>\n\n\n\n<p><strong>No m\u00eas de agosto<\/strong> voltamos a celebras <strong>as missas dominicais<\/strong> em tr\u00eas hor\u00e1rios, isto \u00e9, \u00e0s 09h, \u00e0s 11h e \u00e0s 19h. N\u00e3o haver\u00e1, portanto, a missa \u00e0s 17h. As missas na semana: \u00e0s 09h e \u00e0s 19h.<\/p>\n\n\n\n<p><strong>A Secretaria da Par\u00f3quia<\/strong> no m\u00eas de agosto vai funcionar <strong>somente<\/strong> na parte da tarde, das <strong>16h30<\/strong> \u00e0s <strong>20h<\/strong>, e aos s\u00e1bados das <strong>09h30<\/strong> \u00e0s <strong>12h<\/strong>.<\/p>\n\n\n\n<p><strong>Visite o nosso site da Par\u00f3quia<\/strong> e leia mais uma edi\u00e7\u00e3o do <strong>Apelo do Redentor<\/strong> por ocasi\u00e3o dos 50 anos da B\u00ean\u00e7\u00e3o da 1\u00aa pedra. Leve tamb\u00e9m um exemplar para o seu vizinho.<\/p>\n\n\n\n<p>Continua a campanha do <strong>registo de paroquianos<\/strong>. Colabore com a sua par\u00f3quia, leve uma ficha e devolva-a preenchida na Secretaria da Par\u00f3quia. Bem-haja.<\/p>\n\n\n\n<p><strong>Aos aniversariantes desta semana<\/strong> que iniciamos: <strong>Francisco <\/strong>Jo\u00e3o Valentim Figueiras; <strong>David<\/strong> S\u00e3o Pedro Alves; <strong>Rodrigo<\/strong> Sim\u00f5es Amorim; <strong>Telmo<\/strong> Guilherme Lopes Correia Moreira; <strong>Maria<\/strong> Isabel Soares Corral<strong>, Filomena<\/strong> dos Anjos Vaz Barbosa, desejamos muitas e copiosas b\u00ean\u00e7\u00e3os do Senhor e prote\u00e7\u00e3o da M\u00e3e de Deus.&nbsp;&nbsp;<\/p>\n\n\n\n<p>Pe. Crist\u00f3v\u00e3o Dworak, CSsR \u2013 P\u00e1roco&nbsp;&nbsp;&nbsp;&nbsp;&nbsp;&nbsp;&nbsp;&nbsp;&nbsp;&nbsp;&nbsp;&nbsp;&nbsp;&nbsp;&nbsp;&nbsp;&nbsp;&nbsp;&nbsp;&nbsp;&nbsp;&nbsp;&nbsp;&nbsp;&nbsp;&nbsp;&nbsp;&nbsp;&nbsp;&nbsp;&nbsp;&nbsp;&nbsp;&nbsp;&nbsp;&nbsp;&nbsp;&nbsp;&nbsp;&nbsp;&nbsp;&nbsp;&nbsp;&nbsp;<\/p>\n\n\n\n<p>Damaia, 25 de Julho de 2021<\/p>\n","protected":false},"excerpt":{"rendered":"<p>Comemora\u00e7\u00e3o dos 50 anos da B\u00ean\u00e7\u00e3o da 1\u00aa Pedra da Igreja Paroquial do Sant\u00edssimo Redentor da Damaia \u201c[Ele].\u00a0 tornou-se a pedra angular. Isto foi obra do Senhor e \u00e9 um prod\u00edgio aos nossos olhos.&#8221; (Sl 117,22-23) Domingo | 25\/07 \u2013 17\u00ba Domingo TC. Comemora\u00e7\u00e3o dos 50 anos da b\u00ean\u00e7\u00e3o da 1\u00aa Pedra da nossa Igreja<a class=\"more-link\" href=\"https:\/\/www.paroquia-damaia.pt\/old\/comunicacoes-paroquiais-25-07-2021\/\">Continuar lendo <span class=\"screen-reader-text\">&#8220;Comunica\u00e7\u00f5es Paroquiais &#8211; 25\/07\/2021&#8221;<\/span><\/a><\/p>\n","protected":false},"author":5,"featured_media":22730,"comment_status":"closed","ping_status":"open","sticky":false,"template":"","format":"standard","meta":{"footnotes":""},"categories":[4],"tags":[],"class_list":["post-22657","post","type-post","status-publish","format-standard","has-post-thumbnail","hentry","category-avisos-paroquiais","entry"],"_links":{"self":[{"href":"https:\/\/www.paroquia-damaia.pt\/old\/wp-json\/wp\/v2\/posts\/22657","targetHints":{"allow":["GET"]}}],"collection":[{"href":"https:\/\/www.paroquia-damaia.pt\/old\/wp-json\/wp\/v2\/posts"}],"about":[{"href":"https:\/\/www.paroquia-damaia.pt\/old\/wp-json\/wp\/v2\/types\/post"}],"author":[{"embeddable":true,"href":"https:\/\/www.paroquia-damaia.pt\/old\/wp-json\/wp\/v2\/users\/5"}],"replies":[{"embeddable":true,"href":"https:\/\/www.paroquia-damaia.pt\/old\/wp-json\/wp\/v2\/comments?post=22657"}],"version-history":[{"count":2,"href":"https:\/\/www.paroquia-damaia.pt\/old\/wp-json\/wp\/v2\/posts\/22657\/revisions"}],"predecessor-version":[{"id":22733,"href":"https:\/\/www.paroquia-damaia.pt\/old\/wp-json\/wp\/v2\/posts\/22657\/revisions\/22733"}],"wp:featuredmedia":[{"embeddable":true,"href":"https:\/\/www.paroquia-damaia.pt\/old\/wp-json\/wp\/v2\/media\/22730"}],"wp:attachment":[{"href":"https:\/\/www.paroquia-damaia.pt\/old\/wp-json\/wp\/v2\/media?parent=22657"}],"wp:term":[{"taxonomy":"category","embeddable":true,"href":"https:\/\/www.paroquia-damaia.pt\/old\/wp-json\/wp\/v2\/categories?post=22657"},{"taxonomy":"post_tag","embeddable":true,"href":"https:\/\/www.paroquia-damaia.pt\/old\/wp-json\/wp\/v2\/tags?post=22657"}],"curies":[{"name":"wp","href":"https:\/\/api.w.org\/{rel}","templated":true}]}}