{"id":2348,"date":"2021-05-30T10:39:16","date_gmt":"2021-05-30T10:39:16","guid":{"rendered":"https:\/\/www.paroquia-damaia.pt\/old\/?p=2348"},"modified":"2021-05-30T10:39:16","modified_gmt":"2021-05-30T10:39:16","slug":"comunicacoes-paroquiais-30-05-2021","status":"publish","type":"post","link":"https:\/\/www.paroquia-damaia.pt\/old\/comunicacoes-paroquiais-30-05-2021\/","title":{"rendered":"Comunica\u00e7\u00f5es Paroquiais &#8211; 30\/05\/2021"},"content":{"rendered":"\n<p class=\"has-text-align-center\"><strong>SOLENIDADE DA SANT\u00cdSSIMA TRINDADE<\/strong><\/p>\n\n\n\n\n\n<blockquote class=\"wp-block-quote has-text-align-center is-style-large is-layout-flow wp-block-quote-is-layout-flow\"><p><strong><em>\u201cGl\u00f3ria ao Pai e ao Filho e ao Esp\u00edrito Santo, ao Deus que \u00e9, que era e que h\u00e1 de vir\u201d<\/em><\/strong><\/p><cite>(cf. Ap 1,8)<\/cite><\/blockquote>\n\n\n\n<p><\/p>\n\n\n\n<p><strong><u>Domingo | 30\/05<\/u><\/strong><strong> \u2013 Solenidade da Sant\u00edssima Trindade<\/strong>. Festa da Fam\u00edlia. Missas: \u00e0s 09h; \u00e0s 11h; \u00e0s 17h; \u00e0s 19h<strong>.<\/strong>&nbsp;<\/p>\n\n\n\n<p><strong><u>2\u00aa Feira | 31\/05 <\/u><\/strong>&nbsp;&nbsp;&#8211; Festa da <strong>Visita\u00e7\u00e3o de N. Senhora<\/strong>. Reuni\u00e3o do <strong>Conselho Econ\u00f4mico<\/strong>.&nbsp;<\/p>\n\n\n\n<p><strong><u>3\u00aa Feira | 01\/06 <\/u><\/strong>\u2013 Mem\u00f3ria de <strong>S. Justino, <\/strong>M\u00e1rtir.<strong> <\/strong>&nbsp;&nbsp;<\/p>\n\n\n\n<p><strong><u>4\u00aa Feira | 02\/06 <\/u><\/strong>\u2013 Missas com a <strong>Novena Perp\u00e9tua<\/strong>, \u00e0s 09h e \u00e0s 19h.<\/p>\n\n\n\n<p><strong><u>5\u00aa Feira | 03\/06<\/u><\/strong><strong> <\/strong>\u2013 Solenidade do <strong>Sant\u00edssimo Corpo e Sangue de Cristo<\/strong>. Missas \u00e0s 09h; \u00e0s 11h; \u00e0s 17h (com prociss\u00e3o no Largo da Igreja); e \u00e0s 19h. <strong>Adora\u00e7\u00e3o<\/strong> ao Sant\u00edssimo Sacramento, \u00e0s 16h.<\/p>\n\n\n\n<p><strong><u>6\u00aa Feira | 04\/06 <\/u><\/strong><strong>\u2013 1\u00aa Sexta-Feira <\/strong>do m\u00eas. Encontro para <strong>Pais e padrinhos<\/strong> (20h); Reuni\u00e3o da <strong>Comiss\u00e3o Permanente<\/strong> do CPP (\u00e0s 21h).<\/p>\n\n\n\n<p><strong><u>S\u00e1bado | 05\/<\/u><\/strong><strong>06 \u2013 D\u00e1diva de Sangue, <\/strong>no Audit\u00f3rio do Centro Pastoral Paroquial, das 08h30 \u00e0s 13h. Participe.&nbsp; &nbsp;&nbsp;&nbsp;&nbsp;<\/p>\n\n\n\n<p><strong><u>Domingo | 06\/06<\/u><\/strong><strong> <\/strong>\u2013 10\u00ba Domingo do Tempo Comum. Missas: \u00e0s 09h; \u00e0s 11h; \u00e0s 17h; \u00e0s 19h<strong>.<\/strong>&nbsp;&nbsp;&nbsp;&nbsp;&nbsp;&nbsp; &nbsp;&nbsp;&nbsp;&nbsp;<\/p>\n\n\n\n<p>Continua o <strong>Registo dos Paroquianos<\/strong>. Por favor, preencher a ficha e devolv\u00ea-la \u00e0 Secretaria.<\/p>\n\n\n\n<p>Colabore com as <strong>obras no nosso Centro <\/strong>que est\u00e3o a ser conclu\u00eddas. Obrigado pela vossa compreens\u00e3o e ajuda.&nbsp;&nbsp;<\/p>\n\n\n\n<p>H\u00e1 <strong>Confiss\u00f5es<\/strong>, todos os dias pela manh\u00e3, depois da missa das 09h e \u00e0 tarde a partir das 17h.&nbsp;<\/p>\n\n\n\n<p>Aos aniversariantes desta semana que iniciamos: <strong>Ana<\/strong> Rita Martins<strong>, Carlos<\/strong> Silva Cust\u00f3dio, <strong>Andreia<\/strong> Oliveira Rodrigues, <strong>Jo\u00e3o<\/strong> Filipe Rodrigues Geraldes; <strong>Maria<\/strong> Teresa C. Sala Pagou e <strong>Nayara<\/strong> Eliane dos Santos Marques, desejamos muitas e copiosas b\u00ean\u00e7\u00e3os do Senhor e prote\u00e7\u00e3o da M\u00e3e de Deus.&nbsp;&nbsp;<\/p>\n\n\n\n<p><strong>Peregrina\u00e7\u00e3o \u00e0 Pol\u00f3nia<\/strong>, de 19 a 23 de setembro de 2021. Informa\u00e7\u00f5es detalhadas na Secretaria e nos folhetos.&nbsp;&nbsp;&nbsp;<\/p>\n\n\n\n<p>Pe. Crist\u00f3v\u00e3o Dworak, CSsR \u2013 P\u00e1roco&nbsp;&nbsp;&nbsp;&nbsp;&nbsp;&nbsp;&nbsp;&nbsp;&nbsp;&nbsp;&nbsp;&nbsp;&nbsp;&nbsp;&nbsp;&nbsp;&nbsp;&nbsp;&nbsp;&nbsp;&nbsp;&nbsp;&nbsp;&nbsp;&nbsp;&nbsp;&nbsp;&nbsp;&nbsp;&nbsp;&nbsp;&nbsp;&nbsp;&nbsp;&nbsp;&nbsp;&nbsp;&nbsp;&nbsp;&nbsp;&nbsp;&nbsp;&nbsp;&nbsp;&nbsp;&nbsp;<\/p>\n\n\n\n<p>Damaia, 30 de Maio de 2021<\/p>\n","protected":false},"excerpt":{"rendered":"<p>SOLENIDADE DA SANT\u00cdSSIMA TRINDADE \u201cGl\u00f3ria ao Pai e ao Filho e ao Esp\u00edrito Santo, ao Deus que \u00e9, que era e que h\u00e1 de vir\u201d (cf. Ap 1,8) Domingo | 30\/05 \u2013 Solenidade da Sant\u00edssima Trindade. Festa da Fam\u00edlia. Missas: \u00e0s 09h; \u00e0s 11h; \u00e0s 17h; \u00e0s 19h.&nbsp; 2\u00aa Feira | 31\/05 &nbsp;&nbsp;&#8211; Festa da<a class=\"more-link\" href=\"https:\/\/www.paroquia-damaia.pt\/old\/comunicacoes-paroquiais-30-05-2021\/\">Continuar lendo <span class=\"screen-reader-text\">&#8220;Comunica\u00e7\u00f5es Paroquiais &#8211; 30\/05\/2021&#8221;<\/span><\/a><\/p>\n","protected":false},"author":5,"featured_media":2349,"comment_status":"closed","ping_status":"open","sticky":false,"template":"","format":"standard","meta":{"footnotes":""},"categories":[4],"tags":[],"class_list":["post-2348","post","type-post","status-publish","format-standard","has-post-thumbnail","hentry","category-avisos-paroquiais","entry"],"_links":{"self":[{"href":"https:\/\/www.paroquia-damaia.pt\/old\/wp-json\/wp\/v2\/posts\/2348","targetHints":{"allow":["GET"]}}],"collection":[{"href":"https:\/\/www.paroquia-damaia.pt\/old\/wp-json\/wp\/v2\/posts"}],"about":[{"href":"https:\/\/www.paroquia-damaia.pt\/old\/wp-json\/wp\/v2\/types\/post"}],"author":[{"embeddable":true,"href":"https:\/\/www.paroquia-damaia.pt\/old\/wp-json\/wp\/v2\/users\/5"}],"replies":[{"embeddable":true,"href":"https:\/\/www.paroquia-damaia.pt\/old\/wp-json\/wp\/v2\/comments?post=2348"}],"version-history":[{"count":1,"href":"https:\/\/www.paroquia-damaia.pt\/old\/wp-json\/wp\/v2\/posts\/2348\/revisions"}],"predecessor-version":[{"id":2350,"href":"https:\/\/www.paroquia-damaia.pt\/old\/wp-json\/wp\/v2\/posts\/2348\/revisions\/2350"}],"wp:featuredmedia":[{"embeddable":true,"href":"https:\/\/www.paroquia-damaia.pt\/old\/wp-json\/wp\/v2\/media\/2349"}],"wp:attachment":[{"href":"https:\/\/www.paroquia-damaia.pt\/old\/wp-json\/wp\/v2\/media?parent=2348"}],"wp:term":[{"taxonomy":"category","embeddable":true,"href":"https:\/\/www.paroquia-damaia.pt\/old\/wp-json\/wp\/v2\/categories?post=2348"},{"taxonomy":"post_tag","embeddable":true,"href":"https:\/\/www.paroquia-damaia.pt\/old\/wp-json\/wp\/v2\/tags?post=2348"}],"curies":[{"name":"wp","href":"https:\/\/api.w.org\/{rel}","templated":true}]}}