{"id":2504,"date":"2021-06-06T09:51:29","date_gmt":"2021-06-06T09:51:29","guid":{"rendered":"https:\/\/www.paroquia-damaia.pt\/old\/?p=2504"},"modified":"2021-06-06T09:51:29","modified_gmt":"2021-06-06T09:51:29","slug":"comunicacoes-paroquiais-06-06-2021","status":"publish","type":"post","link":"https:\/\/www.paroquia-damaia.pt\/old\/comunicacoes-paroquiais-06-06-2021\/","title":{"rendered":"Comunica\u00e7\u00f5es Paroquiais &#8211; 06\/06\/2021"},"content":{"rendered":"\n<p class=\"has-text-align-center\"><strong>Ano Jubilar da Igreja Paroquia<\/strong>l<\/p>\n\n\n\n\n\n<blockquote class=\"wp-block-quote has-text-align-center is-style-large is-layout-flow wp-block-quote-is-layout-flow\"><p><strong>\u00a0<em>\u201cQuem fizer a vontade de Deus esse \u00e9 meu irm\u00e3o, minha irm\u00e3 e minha M\u00e3e\u201d<\/em><\/strong><\/p><cite>(Mc 3,35)<\/cite><\/blockquote>\n\n\n\n<p><\/p>\n\n\n\n<p><strong><u>Domingo | 06\/06<\/u><\/strong><strong> \u2013 10\u00ba Domingo do Tempo Comum. <\/strong>Missas: \u00e0s 09h; \u00e0s 11h; \u00e0s 17h; \u00e0s 19h<strong>. <\/strong>Reuni\u00e3o do<strong> 7\u00ba Catecismo, <\/strong>\u00e0s 17h30.&nbsp;&nbsp;<\/p>\n\n\n\n<p><strong><u>2\u00aa Feira | 07\/06 <\/u><\/strong>&nbsp;&nbsp;&#8211; Encontro com Representantes da <strong>C\u00e1ritas Diocesana<\/strong> (Zoom, \u00e0s 21h).<\/p>\n\n\n\n<p><strong><u>3\u00aa Feira | 08\/06 <\/u><\/strong>&#8211; Novena a <strong>S\u00e3o Jos\u00e9<\/strong>, \u00e0s 18h.&nbsp;<\/p>\n\n\n\n<p><strong><u>4\u00aa Feira | 09\/06 <\/u><\/strong>\u2013 Mem\u00f3ria de <strong>S. Efr\u00e9m<\/strong>, di\u00e1cono e doutor da Igreja. Missas com a <strong>Novena Perp\u00e9tua <\/strong>e b\u00ean\u00e7\u00e3o da sa\u00fade, \u00e0s 09h e \u00e0s 19h.<\/p>\n\n\n\n<p><strong><u>5\u00aa Feira | 10\/06<\/u><\/strong><strong> <\/strong>\u2013 Mem\u00f3ria do <strong>S. Anjo da Guarda de Portugal<\/strong>. <strong>Feriado<\/strong>. Missas \u00e0s 09h; \u00e0s 19h. <strong>Adora\u00e7\u00e3o<\/strong> ao Sant\u00edssimo Sacramento, \u00e0s 18h15.<\/p>\n\n\n\n<p><strong><u>6\u00aa Feira | 11\/06 <\/u><\/strong><strong>\u2013 <\/strong>Solenidade do<strong> Sagado Cora\u00e7\u00e3o de Jesus.&nbsp; <\/strong>Missas \u00e0s 09h e \u00e0s 19h.<strong> <\/strong>&nbsp;<\/p>\n\n\n\n<p><strong><u>S\u00e1bado | 12\/<\/u><\/strong><strong>06 \u2013 <\/strong>Festa do<strong> Imaculado Cora\u00e7\u00e3o da Virgem Santa Maria. <\/strong>Missas \u00e0s 09 e \u00e0s 19h e<strong> Santo Ter\u00e7o, <\/strong>\u00e0s 21h.<strong> <\/strong>Encontro para<strong> Pais e Padrinhos, <\/strong>\u00e0s 10h.<strong> Baptizados, \u00e0s<\/strong> 11h.<strong> <\/strong>&nbsp;&nbsp;&nbsp;&nbsp;&nbsp;<\/p>\n\n\n\n<p><strong><u>Domingo | 13\/06<\/u><\/strong><strong> <\/strong>\u2013 <strong>11\u00ba Domingo do Tempo Comum<\/strong>. Missas: \u00e0s 09h; \u00e0s 11h; \u00e0s 17h; \u00e0s 19h<strong>.<\/strong> Celebra\u00e7\u00e3o da <strong>entrega do <em>Pai nosso,<\/em><\/strong> na missa \u00e0s 17h. Festa de <strong>Santo Ant\u00f3nio<\/strong> de Lisboa. &nbsp;&nbsp;&nbsp;&nbsp;&nbsp;&nbsp;&nbsp;&nbsp;&nbsp;&nbsp;<\/p>\n\n\n\n<p>Continua o <strong>Registo dos Paroquianos<\/strong>. Por favor, preencher a ficha e devolv\u00ea-la \u00e0 Secretaria.<\/p>\n\n\n\n<p>Colabore com as <strong>obras no nosso Centro <\/strong>que est\u00e3o a ser conclu\u00eddas. Obrigado pela vossa compreens\u00e3o e ajuda.&nbsp;&nbsp;<\/p>\n\n\n\n<p>H\u00e1 <strong>Confiss\u00f5es<\/strong>, todos os dias pela manh\u00e3, depois da missa das 09h e \u00e0 tarde a partir das 17h.&nbsp;<\/p>\n\n\n\n<p>Aos aniversariantes desta semana que iniciamos: <strong>Nayara<\/strong> Eliane dos Santos Marques, <strong>Filipe<\/strong> Zego Tavares, <strong>Maria Teresa<\/strong> Pereira Pina Gon\u00e7alves, desejamos muitas e copiosas b\u00ean\u00e7\u00e3os do Senhor e prote\u00e7\u00e3o da M\u00e3e de Deus.&nbsp;&nbsp;<\/p>\n\n\n\n<p><strong>Peregrina\u00e7\u00e3o \u00e0 Pol\u00f3nia<\/strong>, de 19 a 23 de setembro de 2021. Informa\u00e7\u00f5es detalhadas na Secretaria e nos folhetos. <strong>Data-limite de inscri\u00e7\u00f5es at\u00e9 o dia 20 de junho<\/strong>. No dia 14 de junho, \u00e0s 19h30 haver\u00e1 um encontro com a D. Ana Esteves da PETEAM para apresentar algumas informa\u00e7\u00f5es gerais sobre o percurso da peregrina\u00e7\u00e3o. Aberto para todos.&nbsp;&nbsp;&nbsp;&nbsp;&nbsp;<\/p>\n\n\n\n<p>Pe. Crist\u00f3v\u00e3o Dworak, CSsR \u2013 P\u00e1roco&nbsp;&nbsp;&nbsp;&nbsp;&nbsp;&nbsp;&nbsp;&nbsp;&nbsp;&nbsp;&nbsp;&nbsp;&nbsp;&nbsp;&nbsp;&nbsp;&nbsp;&nbsp;&nbsp;&nbsp;&nbsp;&nbsp;&nbsp;&nbsp;&nbsp;&nbsp;&nbsp;&nbsp;&nbsp;&nbsp;&nbsp;&nbsp;&nbsp;&nbsp;&nbsp;&nbsp;&nbsp;&nbsp;&nbsp;&nbsp;&nbsp;&nbsp;&nbsp;&nbsp;&nbsp;&nbsp;<\/p>\n\n\n\n<p>Damaia, 06 de Maio de 2021<\/p>\n","protected":false},"excerpt":{"rendered":"<p>Ano Jubilar da Igreja Paroquial \u00a0\u201cQuem fizer a vontade de Deus esse \u00e9 meu irm\u00e3o, minha irm\u00e3 e minha M\u00e3e\u201d (Mc 3,35) Domingo | 06\/06 \u2013 10\u00ba Domingo do Tempo Comum. Missas: \u00e0s 09h; \u00e0s 11h; \u00e0s 17h; \u00e0s 19h. Reuni\u00e3o do 7\u00ba Catecismo, \u00e0s 17h30.&nbsp;&nbsp; 2\u00aa Feira | 07\/06 &nbsp;&nbsp;&#8211; Encontro com Representantes da<a class=\"more-link\" href=\"https:\/\/www.paroquia-damaia.pt\/old\/comunicacoes-paroquiais-06-06-2021\/\">Continuar lendo <span class=\"screen-reader-text\">&#8220;Comunica\u00e7\u00f5es Paroquiais &#8211; 06\/06\/2021&#8221;<\/span><\/a><\/p>\n","protected":false},"author":5,"featured_media":2505,"comment_status":"closed","ping_status":"open","sticky":false,"template":"","format":"standard","meta":{"footnotes":""},"categories":[4],"tags":[],"class_list":["post-2504","post","type-post","status-publish","format-standard","has-post-thumbnail","hentry","category-avisos-paroquiais","entry"],"_links":{"self":[{"href":"https:\/\/www.paroquia-damaia.pt\/old\/wp-json\/wp\/v2\/posts\/2504","targetHints":{"allow":["GET"]}}],"collection":[{"href":"https:\/\/www.paroquia-damaia.pt\/old\/wp-json\/wp\/v2\/posts"}],"about":[{"href":"https:\/\/www.paroquia-damaia.pt\/old\/wp-json\/wp\/v2\/types\/post"}],"author":[{"embeddable":true,"href":"https:\/\/www.paroquia-damaia.pt\/old\/wp-json\/wp\/v2\/users\/5"}],"replies":[{"embeddable":true,"href":"https:\/\/www.paroquia-damaia.pt\/old\/wp-json\/wp\/v2\/comments?post=2504"}],"version-history":[{"count":1,"href":"https:\/\/www.paroquia-damaia.pt\/old\/wp-json\/wp\/v2\/posts\/2504\/revisions"}],"predecessor-version":[{"id":2506,"href":"https:\/\/www.paroquia-damaia.pt\/old\/wp-json\/wp\/v2\/posts\/2504\/revisions\/2506"}],"wp:featuredmedia":[{"embeddable":true,"href":"https:\/\/www.paroquia-damaia.pt\/old\/wp-json\/wp\/v2\/media\/2505"}],"wp:attachment":[{"href":"https:\/\/www.paroquia-damaia.pt\/old\/wp-json\/wp\/v2\/media?parent=2504"}],"wp:term":[{"taxonomy":"category","embeddable":true,"href":"https:\/\/www.paroquia-damaia.pt\/old\/wp-json\/wp\/v2\/categories?post=2504"},{"taxonomy":"post_tag","embeddable":true,"href":"https:\/\/www.paroquia-damaia.pt\/old\/wp-json\/wp\/v2\/tags?post=2504"}],"curies":[{"name":"wp","href":"https:\/\/api.w.org\/{rel}","templated":true}]}}