{"id":2679,"date":"2021-06-13T11:15:08","date_gmt":"2021-06-13T11:15:08","guid":{"rendered":"https:\/\/www.paroquia-damaia.pt\/old\/?p=2679"},"modified":"2021-06-13T11:15:08","modified_gmt":"2021-06-13T11:15:08","slug":"comunicacoes-paroquiais-13-06-2021","status":"publish","type":"post","link":"https:\/\/www.paroquia-damaia.pt\/old\/comunicacoes-paroquiais-13-06-2021\/","title":{"rendered":"Comunica\u00e7\u00f5es Paroquiais &#8211; 13\/06\/2021"},"content":{"rendered":"\n<p class=\"has-text-align-center\"><strong>Ano Jubilar da Igreja Paroquial<\/strong><\/p>\n\n\n\n\n\n<blockquote class=\"wp-block-quote has-text-align-center is-style-large is-layout-flow wp-block-quote-is-layout-flow\"><p><strong><em>\u201cO reino de Deus \u00e9 como um homem que lan\u00e7ou a semente \u00e0 terra. (\u2026) A semente germina e cresce\u201d<\/em><\/strong><\/p><cite>(Mc 4, 26-41)<\/cite><\/blockquote>\n\n\n\n<p><strong><u>Domingo | 13\/06<\/u><\/strong><strong> \u2013 11\u00ba Domingo do Tempo Comum. <\/strong>Missas: \u00e0s 09h; \u00e0s 11h; \u00e0s 17h; \u00e0s 19h<strong>. <\/strong>Entrega do<strong> <em>Pai nosso<\/em>, <\/strong>na missa \u00e0s 17h. Festa de <strong>Santo Ant\u00f3nio<\/strong> de Lisboa.&nbsp;&nbsp;&nbsp;&nbsp;&nbsp;&nbsp; &nbsp;&nbsp;&nbsp;&nbsp;<\/p>\n\n\n\n<p><strong><u>2\u00aa Feira | 14\/06 <\/u><\/strong>&nbsp;&nbsp;&#8211; Apresenta\u00e7\u00e3o do projeto \u00e0 Peregrina\u00e7\u00e3o \u00e0 Pol\u00f3nia, \u00e0s 19h30 (livre). Ensaio do <strong>Akathistos<\/strong> (20h30).<\/p>\n\n\n\n<p><strong><u>3\u00aa Feira | 15\/06 <\/u><\/strong>\u2013 <strong>Confiss\u00f5es<\/strong> em prepara\u00e7\u00e3o \u00e0 Profiss\u00e3o de f\u00e9, \u00e0s 19h45.&nbsp;&nbsp;<\/p>\n\n\n\n<p><strong><u>4\u00aa Feira | 16\/06 <\/u><\/strong>\u2013 Missas com a <strong>Novena Perp\u00e9tua <\/strong>e b\u00ean\u00e7\u00e3o da sa\u00fade, \u00e0s 09h e \u00e0s 19h. <strong>Novena a S. Jos\u00e9<\/strong>, \u00e0s 18h. Ensaio de <strong>Akathistos<\/strong>, \u00e0s 20h30.<\/p>\n\n\n\n<p><strong><u>5\u00aa Feira | 17\/06<\/u><\/strong><strong> <\/strong>\u2013 <strong>Adora\u00e7\u00e3o<\/strong> ao Sant\u00edssimo Sacramento, \u00e0s 18h15. <strong>Confiss\u00f5es<\/strong> em prepara\u00e7\u00e3o \u00e0 Profiss\u00e3o de f\u00e9, \u00e0s 19h45. Reuni\u00e3o com a Equipa de <strong>Projeto de Eletricidade<\/strong> (20h30).&nbsp;<\/p>\n\n\n\n<p><strong><u>6\u00aa Feira | 18\/06 <\/u><\/strong><strong>\u2013 <\/strong>Assinatura de<strong> Acordo de colabora\u00e7\u00e3o <\/strong>entre a Par\u00f3quia do Sant\u00edssimo Redentor e o Banco Alimentar (16h). Encontro para Pais e Padrinhos (20h). Encontro com as <strong>Coordena\u00e7\u00f5es de Coros<\/strong> (21h)<\/p>\n\n\n\n<p><strong><u>S\u00e1bado | 19\/<\/u><\/strong><strong>06 \u2013 Novena a S. Jos\u00e9 <\/strong>(09h30).<strong> Baptizados, \u00e0s<\/strong> 11h. &nbsp;&nbsp;&nbsp;&nbsp;&nbsp;<\/p>\n\n\n\n<p><strong><u>Domingo | 20\/06<\/u><\/strong><strong> <\/strong>\u2013 <strong>12\u00ba Domingo do Tempo Comum<\/strong>. Abertura da <strong>Semana da Par\u00f3quia <\/strong>em prepara\u00e7\u00e3o \u00e0s festas dos <strong>40 anos da Dedica\u00e7\u00e3o da Igreja<\/strong> e da Solenidade de <strong>Nossa Senhora do Perp\u00e9tuo Socorro<\/strong>. Missas: \u00e0s 09h; \u00e0s 11h; \u00e0s 17h; \u00e0s 19h<strong>.<\/strong> Celebra\u00e7\u00e3o da <strong>Profiss\u00e3o da F\u00e9<\/strong>, \u00e0s 15h. Encontro dos <strong>MEC<\/strong>, \u00e0s 16h.<\/p>\n\n\n\n<p>Colabore com as <strong>obras no nosso Centro <\/strong>que est\u00e3o a ser conclu\u00eddas. Obrigado pela vossa compreens\u00e3o e ajuda.<\/p>\n\n\n\n<p>Convidamos a participar do <strong>Concerto com Quarteto de Cordas<\/strong>: <em>O Barroco na M\u00fasica<\/em>, coordenado pela Prof. Paula Pestana, neste s\u00e1bado, dia 19 de junho, \u00e0s 16h, aqui na igreja. &nbsp;&nbsp;&nbsp;<\/p>\n\n\n\n<p>Aos aniversariantes desta semana que iniciamos: <strong>Maria Odete<\/strong> Ferreira, <strong>Kiana <\/strong>Marisa Tavares, <strong>Jennifer<\/strong> Barros, <strong>Alexandre <\/strong>Jos\u00e9 Barbosa Rodrigues, <strong>Susana<\/strong> Maria Domingues Ant\u00e3o, <strong>Tom\u00e1s<\/strong> Lu\u00eds Teixeira Romba Baptista, desejamos muitas e copiosas b\u00ean\u00e7\u00e3os do Senhor e prote\u00e7\u00e3o da M\u00e3e de Deus.&nbsp;&nbsp;<\/p>\n\n\n\n<p><strong>Peregrina\u00e7\u00e3o \u00e0 Pol\u00f3nia<\/strong>, de 19 a 23 de setembro de 2021. Informa\u00e7\u00f5es detalhadas na Secretaria e nos folhetos. Data-limite de inscri\u00e7\u00f5es at\u00e9 o dia 20 de junho.&nbsp;&nbsp;&nbsp;&nbsp;&nbsp;&nbsp;<\/p>\n\n\n\n<p>Pe. Crist\u00f3v\u00e3o Dworak, CSsR \u2013 P\u00e1roco&nbsp;&nbsp;&nbsp;&nbsp;&nbsp;&nbsp;&nbsp;&nbsp;&nbsp;&nbsp;&nbsp;&nbsp;&nbsp;&nbsp;&nbsp;&nbsp;&nbsp;&nbsp;&nbsp;&nbsp;&nbsp;&nbsp;&nbsp;&nbsp;&nbsp;&nbsp;&nbsp;&nbsp;&nbsp;&nbsp;&nbsp;&nbsp;&nbsp;&nbsp;&nbsp;&nbsp;&nbsp;&nbsp;&nbsp;&nbsp;&nbsp;&nbsp;&nbsp;&nbsp;&nbsp;&nbsp;<\/p>\n\n\n\n<p>Damaia, 13 de Junho&nbsp; de 2021<\/p>\n","protected":false},"excerpt":{"rendered":"<p>Ano Jubilar da Igreja Paroquial \u201cO reino de Deus \u00e9 como um homem que lan\u00e7ou a semente \u00e0 terra. (\u2026) A semente germina e cresce\u201d (Mc 4, 26-41) Domingo | 13\/06 \u2013 11\u00ba Domingo do Tempo Comum. Missas: \u00e0s 09h; \u00e0s 11h; \u00e0s 17h; \u00e0s 19h. Entrega do Pai nosso, na missa \u00e0s 17h. Festa<a class=\"more-link\" href=\"https:\/\/www.paroquia-damaia.pt\/old\/comunicacoes-paroquiais-13-06-2021\/\">Continuar lendo <span class=\"screen-reader-text\">&#8220;Comunica\u00e7\u00f5es Paroquiais &#8211; 13\/06\/2021&#8221;<\/span><\/a><\/p>\n","protected":false},"author":5,"featured_media":2680,"comment_status":"closed","ping_status":"open","sticky":false,"template":"","format":"standard","meta":{"footnotes":""},"categories":[4],"tags":[],"class_list":["post-2679","post","type-post","status-publish","format-standard","has-post-thumbnail","hentry","category-avisos-paroquiais","entry"],"_links":{"self":[{"href":"https:\/\/www.paroquia-damaia.pt\/old\/wp-json\/wp\/v2\/posts\/2679","targetHints":{"allow":["GET"]}}],"collection":[{"href":"https:\/\/www.paroquia-damaia.pt\/old\/wp-json\/wp\/v2\/posts"}],"about":[{"href":"https:\/\/www.paroquia-damaia.pt\/old\/wp-json\/wp\/v2\/types\/post"}],"author":[{"embeddable":true,"href":"https:\/\/www.paroquia-damaia.pt\/old\/wp-json\/wp\/v2\/users\/5"}],"replies":[{"embeddable":true,"href":"https:\/\/www.paroquia-damaia.pt\/old\/wp-json\/wp\/v2\/comments?post=2679"}],"version-history":[{"count":1,"href":"https:\/\/www.paroquia-damaia.pt\/old\/wp-json\/wp\/v2\/posts\/2679\/revisions"}],"predecessor-version":[{"id":2681,"href":"https:\/\/www.paroquia-damaia.pt\/old\/wp-json\/wp\/v2\/posts\/2679\/revisions\/2681"}],"wp:featuredmedia":[{"embeddable":true,"href":"https:\/\/www.paroquia-damaia.pt\/old\/wp-json\/wp\/v2\/media\/2680"}],"wp:attachment":[{"href":"https:\/\/www.paroquia-damaia.pt\/old\/wp-json\/wp\/v2\/media?parent=2679"}],"wp:term":[{"taxonomy":"category","embeddable":true,"href":"https:\/\/www.paroquia-damaia.pt\/old\/wp-json\/wp\/v2\/categories?post=2679"},{"taxonomy":"post_tag","embeddable":true,"href":"https:\/\/www.paroquia-damaia.pt\/old\/wp-json\/wp\/v2\/tags?post=2679"}],"curies":[{"name":"wp","href":"https:\/\/api.w.org\/{rel}","templated":true}]}}