{"id":2840,"date":"2021-06-20T11:23:31","date_gmt":"2021-06-20T11:23:31","guid":{"rendered":"https:\/\/www.paroquia-damaia.pt\/old\/?p=2840"},"modified":"2021-06-20T11:23:31","modified_gmt":"2021-06-20T11:23:31","slug":"comunicacoes-paroquiais-20-06-2021","status":"publish","type":"post","link":"https:\/\/www.paroquia-damaia.pt\/old\/comunicacoes-paroquiais-20-06-2021\/","title":{"rendered":"Comunica\u00e7\u00f5es Paroquiais &#8211; 20\/06\/2021"},"content":{"rendered":"\n<p class=\"has-text-align-center\"><strong>Ano Jubilar da Igreja Paroquial<\/strong><\/p>\n\n\n\n\n\n<blockquote class=\"wp-block-quote has-text-align-center is-style-large is-layout-flow wp-block-quote-is-layout-flow\"><p><strong><em>\u201cQuem \u00e9 este homem, que at\u00e9 o vento e o mar Lhe obedecem\u201d<\/em><\/strong><\/p><cite>(Mc4,41)<\/cite><\/blockquote>\n\n\n\n<p><strong><u>Domingo | 20\/06<\/u><\/strong><strong> \u2013 12\u00ba Domingo do Tempo Comum<\/strong>. In\u00edcio da <strong>Semana da Par\u00f3quia<\/strong> em prepara\u00e7\u00e3o da Festa Jubilar e da Solenidade de Nossa Senhora do Perp\u00e9tuo Socorro.<strong> <\/strong>Missas: \u00e0s 09h &#8211; 11h &#8211; 17h &#8211; 19h<strong>. Profiss\u00e3o da F\u00e9<\/strong>, \u00e0s 15h. Encontro dos <strong>MEC<\/strong>, \u00e0s 16h.&nbsp;&nbsp;&nbsp;&nbsp;&nbsp;&nbsp; &nbsp;&nbsp;&nbsp;&nbsp;<\/p>\n\n\n\n<p><strong><u>2\u00aa Feira | 21\/06 <\/u><\/strong>&nbsp;&nbsp;&#8211; Mem\u00f3ria de <strong>S. Lu\u00eds Gonzaga<\/strong>, religioso. Missas \u00e0s <strong>09h<\/strong> e \u00e0s <strong>19h.<\/strong>&nbsp;<\/p>\n\n\n\n<p><strong><u>3\u00aa Feira | 22\/06 <\/u><\/strong>\u2013 Mem\u00f3ria de <strong>S. Paulino<\/strong>, <strong>S. Jo\u00e3o Fisher<\/strong>, <strong>S. Tom\u00e1s More<\/strong>.&nbsp;&nbsp;<\/p>\n\n\n\n<p><strong><u>4\u00aa Feira | 23\/06 <\/u><\/strong>\u2013 Missas com a <strong>Novena Perp\u00e9tua <\/strong>e b\u00ean\u00e7\u00e3o da sa\u00fade. <strong>Novena a S. Jos\u00e9<\/strong>, \u00e0s 18h. Missa da <strong>Vig\u00edlia do Nascimento de S. Jo\u00e3o Baptista<\/strong>.<\/p>\n\n\n\n<p><strong><u>5\u00aa Feira | 24\/06<\/u><\/strong><strong> <\/strong>\u2013 Solenidade do <strong>Nascimento de S\u00e3o Jo\u00e3o Baptista<\/strong>. <strong>Adora\u00e7\u00e3o, <\/strong>\u00e0s 18h15. <strong>In\u00edcio do Tr\u00edduo<\/strong> em prepara\u00e7\u00e3o da Solenidade de Nossa Senhora do Perp\u00e9tuo Socorro.&nbsp;&nbsp;<\/p>\n\n\n\n<p><strong><u>S\u00e1bado | 26\/<\/u><\/strong><strong>06 \u2013 Missa vespertina <\/strong>da Solenidade de N. S. P. Socorro.&nbsp;&nbsp;&nbsp; &nbsp;&nbsp;<\/p>\n\n\n\n<p><strong><u>Domingo | 27\/06<\/u><\/strong><strong> <\/strong>\u2013 <strong>13\u00ba Domingo TC<\/strong>. Solenidade de <strong>Nossa Senhora do Perp\u00e9tuo Socorro.<\/strong> Pela manh\u00e3, \u00e0s <strong>10h30<\/strong> celebraremos a <strong>missa Jubilar<\/strong> dos 40 anos da Dedica\u00e7\u00e3o da Igreja ao Sant\u00edssimo Redentor. Antes da missa ser\u00e1 feita a <strong>inaugura\u00e7\u00e3o do Jardim Padre Lopes<\/strong>, e depois da missa, faremos a b\u00ean\u00e7\u00e3o da placa comemorativa do <strong>Centro Pastoral Paroquial Padre Lopes<\/strong> e a <strong>b\u00ean\u00e7\u00e3o<\/strong> das novas instala\u00e7\u00f5es do Centro. \u00c0 tarde, as missas ser\u00e3o da Solenidade de <strong>N. S. P. Socorro<\/strong>. <strong><u>N\u00e3o haver\u00e1 missa \u00e0s 09h<\/u><\/strong>.&nbsp;<\/p>\n\n\n\n<p>Convidamos a participar do <strong>Concerto com Orquestra do Conservat\u00f3rio de M\u00fasica de Sintra<\/strong>, neste s\u00e1bado, dia 26 de junho, \u00e0s 16h. &nbsp;&nbsp;&nbsp;<\/p>\n\n\n\n<p>Aos aniversariantes desta semana que iniciamos: <strong>Santiago Francisco<\/strong> de Sousa Lopes; <strong>Carolina Pereira<\/strong> Morais; <strong>Patr\u00edcia Martins<\/strong> Coelho; <strong>Maria Lisete<\/strong>; <strong>Matilde Ferreira<\/strong> Correia; <strong>Luana Rodrigues<\/strong> Sanches Almeida; <strong>Jaciara Varela<\/strong> Gomes desejamos muitas e copiosas b\u00ean\u00e7\u00e3os do Senhor e prote\u00e7\u00e3o da M\u00e3e de Deus.&nbsp;&nbsp;<\/p>\n\n\n\n<p><strong>Peregrina\u00e7\u00e3o \u00e0 Pol\u00f3nia<\/strong>, de 19 a 23 de setembro de 2021. Informa\u00e7\u00f5es detalhadas na Secretaria e nos folhetos. Data-limite de inscri\u00e7\u00f5es at\u00e9 o dia 27 de junho, na secretaria paroquial.&nbsp;<\/p>\n\n\n\n<p><strong>Velas<\/strong> para o Tr\u00edduo de N.S.P. Socorro, na secretaria da Par\u00f3quia.&nbsp;<\/p>\n\n\n\n<p>Confira cartaz com a <strong>Programa\u00e7\u00e3o da Semana da Par\u00f3quia<\/strong> 2021.&nbsp;&nbsp;&nbsp;&nbsp;&nbsp;<\/p>\n\n\n\n<p>Pe. Crist\u00f3v\u00e3o Dworak, CSsR \u2013 P\u00e1roco&nbsp;&nbsp;&nbsp;&nbsp;&nbsp;&nbsp;&nbsp;&nbsp;&nbsp;&nbsp;&nbsp;&nbsp;&nbsp;&nbsp;&nbsp;&nbsp;&nbsp;&nbsp;&nbsp;&nbsp;&nbsp;&nbsp;&nbsp;&nbsp;&nbsp;&nbsp;&nbsp;&nbsp;&nbsp;&nbsp;&nbsp;&nbsp;&nbsp;&nbsp;&nbsp;&nbsp;&nbsp;&nbsp;&nbsp;&nbsp;&nbsp;&nbsp;&nbsp;&nbsp;&nbsp;&nbsp;<\/p>\n\n\n\n<p>Damaia, 20 de Junho de 2021<\/p>\n","protected":false},"excerpt":{"rendered":"<p>Ano Jubilar da Igreja Paroquial \u201cQuem \u00e9 este homem, que at\u00e9 o vento e o mar Lhe obedecem\u201d (Mc4,41) Domingo | 20\/06 \u2013 12\u00ba Domingo do Tempo Comum. In\u00edcio da Semana da Par\u00f3quia em prepara\u00e7\u00e3o da Festa Jubilar e da Solenidade de Nossa Senhora do Perp\u00e9tuo Socorro. Missas: \u00e0s 09h &#8211; 11h &#8211; 17h &#8211;<a class=\"more-link\" href=\"https:\/\/www.paroquia-damaia.pt\/old\/comunicacoes-paroquiais-20-06-2021\/\">Continuar lendo <span class=\"screen-reader-text\">&#8220;Comunica\u00e7\u00f5es Paroquiais &#8211; 20\/06\/2021&#8221;<\/span><\/a><\/p>\n","protected":false},"author":5,"featured_media":2841,"comment_status":"closed","ping_status":"open","sticky":false,"template":"","format":"standard","meta":{"footnotes":""},"categories":[4],"tags":[],"class_list":["post-2840","post","type-post","status-publish","format-standard","has-post-thumbnail","hentry","category-avisos-paroquiais","entry"],"_links":{"self":[{"href":"https:\/\/www.paroquia-damaia.pt\/old\/wp-json\/wp\/v2\/posts\/2840","targetHints":{"allow":["GET"]}}],"collection":[{"href":"https:\/\/www.paroquia-damaia.pt\/old\/wp-json\/wp\/v2\/posts"}],"about":[{"href":"https:\/\/www.paroquia-damaia.pt\/old\/wp-json\/wp\/v2\/types\/post"}],"author":[{"embeddable":true,"href":"https:\/\/www.paroquia-damaia.pt\/old\/wp-json\/wp\/v2\/users\/5"}],"replies":[{"embeddable":true,"href":"https:\/\/www.paroquia-damaia.pt\/old\/wp-json\/wp\/v2\/comments?post=2840"}],"version-history":[{"count":1,"href":"https:\/\/www.paroquia-damaia.pt\/old\/wp-json\/wp\/v2\/posts\/2840\/revisions"}],"predecessor-version":[{"id":2842,"href":"https:\/\/www.paroquia-damaia.pt\/old\/wp-json\/wp\/v2\/posts\/2840\/revisions\/2842"}],"wp:featuredmedia":[{"embeddable":true,"href":"https:\/\/www.paroquia-damaia.pt\/old\/wp-json\/wp\/v2\/media\/2841"}],"wp:attachment":[{"href":"https:\/\/www.paroquia-damaia.pt\/old\/wp-json\/wp\/v2\/media?parent=2840"}],"wp:term":[{"taxonomy":"category","embeddable":true,"href":"https:\/\/www.paroquia-damaia.pt\/old\/wp-json\/wp\/v2\/categories?post=2840"},{"taxonomy":"post_tag","embeddable":true,"href":"https:\/\/www.paroquia-damaia.pt\/old\/wp-json\/wp\/v2\/tags?post=2840"}],"curies":[{"name":"wp","href":"https:\/\/api.w.org\/{rel}","templated":true}]}}