{"id":29034,"date":"2021-08-01T10:08:00","date_gmt":"2021-08-01T10:08:00","guid":{"rendered":"https:\/\/www.paroquia-damaia.pt\/old\/?p=29034"},"modified":"2021-08-03T19:16:21","modified_gmt":"2021-08-03T19:16:21","slug":"comunicacoes-paroquiais-01-08-2021","status":"publish","type":"post","link":"https:\/\/www.paroquia-damaia.pt\/old\/comunicacoes-paroquiais-01-08-2021\/","title":{"rendered":"Comunica\u00e7\u00f5es Paroquiais &#8211; 01\/08\/2021"},"content":{"rendered":"\n<p class=\"has-text-align-center\"><em>Solenidade de Santo Afonso Maria de Lig\u00f3rio<\/em><\/p>\n\n\n\n<p class=\"has-text-align-center\"><em>Fundador dos Mission\u00e1rios Redentoristas<\/em><\/p>\n\n\n\n\n\n<blockquote class=\"wp-block-quote has-text-align-center is-style-large is-layout-flow wp-block-quote-is-layout-flow\"><p><strong><em>\u201cAo ver as multid\u00f5es, encheu-se de compaix\u00e3o, porque andavam fatigadas e abatidas, como ovelhas sem pastor<\/em><\/strong>&#8220;<\/p><cite>(Mt 9,36).<\/cite><\/blockquote>\n\n\n\n<p><strong><u>Domingo | 01\/08<\/u><\/strong><strong> \u2013 <\/strong>Solenidade de <strong>Santo Afonso<\/strong> <strong>Maria de Lig\u00f3rio<\/strong>, fundador da Congrega\u00e7\u00e3o do Sant\u00edssimo Redentor. Batizado, \u00e0s 12h15. Missas \u00e0s 09h; 11h; 19h.<\/p>\n\n\n\n<p><strong><u>4\u00aa Feira | 04\/08 <\/u><\/strong>\u2013 Mem\u00f3ria de <strong>S. Jo\u00e3o Maria Vianney<\/strong>, presb\u00edtero. Missas com a <strong>Novena Perp\u00e9tua <\/strong>e b\u00ean\u00e7\u00e3o da sa\u00fade. <strong>Novena a S. Jos\u00e9<\/strong>, \u00e0s 18h.&nbsp;<\/p>\n\n\n\n<p><strong><u>5\u00aa Feira | 05\/08<\/u><\/strong><strong> <\/strong>\u2013 Mem\u00f3ria da <strong>Dedica\u00e7\u00e3o da Bas\u00edlica de Santa Maria Maior<\/strong>. <strong>Adora\u00e7\u00e3o<\/strong> \u00e0s 18h15.&nbsp;&nbsp;<\/p>\n\n\n\n<p><strong><u>6\u00aa Feira | 06\/08<\/u><\/strong><strong> <\/strong>\u2013 Festa da <strong>Transfigura\u00e7\u00e3o do Senhor<\/strong>. <strong>1\u00aa Sexta-feira <\/strong>do m\u00eas.&nbsp;&nbsp;&nbsp;&nbsp;<\/p>\n\n\n\n<p><strong><u>S\u00e1bado | 07\/08<\/u><\/strong><strong> <\/strong>\u2013 Mem\u00f3ria de <strong>SS. Sisto II, <\/strong>papa e<strong> Companheiros, <\/strong>m\u00e1rtires. <strong>Batizados<\/strong>, \u00e0s 11h.&nbsp;<\/p>\n\n\n\n<p><strong><u>Domingo | 08\/08<\/u><\/strong><strong> \u2013<\/strong> <strong>19\u00ba Domingo TC<\/strong>. Batizados, \u00e0s 12h15. &nbsp;&nbsp;<\/p>\n\n\n\n<p><strong>No m\u00eas de agosto<\/strong> voltamos a celebras <strong>as missas dominicais<\/strong> em tr\u00eas hor\u00e1rios, \u00e0s 09h, \u00e0s 11h e \u00e0s 19h. As missas na semana: \u00e0s 09h e \u00e0s 19h.<\/p>\n\n\n\n<p>Neste m\u00eas de agosto acontecer\u00e1 a<strong> transfer\u00eancia da Secretaria da Par\u00f3quia<\/strong> para o Centro Pastoral Paroquial Pe. Manuel Lopes. A secretaria vai funcionar neste m\u00eas <strong>somente<\/strong> na parte da tarde, das <strong>16h30<\/strong> \u00e0s <strong>20h<\/strong>, e aos s\u00e1bados das <strong>09h30<\/strong> \u00e0s <strong>12h<\/strong>.<\/p>\n\n\n\n<p>Continua a campanha do <strong>Registo de Paroquianos<\/strong>. Colabore com a par\u00f3quia, leve uma ficha e devolva-a preenchida na Secretaria da Par\u00f3quia. Bem-haja.<\/p>\n\n\n\n<p>Depois das missas <strong>convidamos<\/strong> <strong>a visitar o Centro Pastoral Paroquial Pe. Manuel Lopes<\/strong>, para conhecer as obras que foram nele realizadas. Agradecemos mais uma vez pela generosa colabora\u00e7\u00e3o de muitos. Bem-haja.<\/p>\n\n\n\n<p>Alegramo-nos com a <strong>profiss\u00e3o religiosa<\/strong> e a <strong>ordena\u00e7\u00e3o diaconal do Fr. Alisson<\/strong>, realizadas neste s\u00e1bado e domingo, em Manaus, Brasil.&nbsp;<\/p>\n\n\n\n<p><strong>Aos aniversariantes desta semana<\/strong> que iniciamos: <strong>Carolina<\/strong> Pimenta Po\u00e7as, <strong>Mariana<\/strong> Pimenta Po\u00e7as, <strong>Mariana<\/strong> Polleri Gomes Marques Pinto, <strong>Maria<\/strong> Perp\u00e9tua B\u00e1rbara, <strong>Belmira<\/strong> Pereira F.S. de Almeida, <strong>Dulce<\/strong> Helena Vaz Lopes, <strong>Francisco<\/strong> Jos\u00e9 Barata Silva, <strong>Alexandre<\/strong> Tavares Furtado, <strong>Alzira<\/strong> Neno da Silva, desejamos muitas e copiosas b\u00ean\u00e7\u00e3os do Senhor e prote\u00e7\u00e3o da M\u00e3e de Deus.&nbsp;&nbsp;<\/p>\n\n\n\n<p>Pe. Crist\u00f3v\u00e3o Dworak, CSsR \u2013 P\u00e1roco&nbsp;&nbsp;&nbsp;&nbsp;&nbsp;&nbsp;&nbsp;&nbsp;&nbsp;&nbsp;&nbsp;&nbsp;&nbsp;&nbsp;&nbsp;&nbsp;&nbsp;&nbsp;&nbsp;&nbsp;&nbsp;&nbsp;&nbsp;&nbsp;&nbsp;&nbsp;&nbsp;&nbsp;&nbsp;&nbsp;&nbsp;&nbsp;&nbsp;&nbsp;&nbsp;&nbsp;&nbsp;&nbsp;&nbsp;&nbsp;&nbsp;&nbsp;&nbsp;&nbsp;<\/p>\n\n\n\n<p>Damaia, 01 de Agosto de 2021<\/p>\n","protected":false},"excerpt":{"rendered":"<p>Solenidade de Santo Afonso Maria de Lig\u00f3rio Fundador dos Mission\u00e1rios Redentoristas \u201cAo ver as multid\u00f5es, encheu-se de compaix\u00e3o, porque andavam fatigadas e abatidas, como ovelhas sem pastor&#8220; (Mt 9,36). Domingo | 01\/08 \u2013 Solenidade de Santo Afonso Maria de Lig\u00f3rio, fundador da Congrega\u00e7\u00e3o do Sant\u00edssimo Redentor. Batizado, \u00e0s 12h15. Missas \u00e0s 09h; 11h; 19h. 4\u00aa<a class=\"more-link\" href=\"https:\/\/www.paroquia-damaia.pt\/old\/comunicacoes-paroquiais-01-08-2021\/\">Continuar lendo <span class=\"screen-reader-text\">&#8220;Comunica\u00e7\u00f5es Paroquiais &#8211; 01\/08\/2021&#8221;<\/span><\/a><\/p>\n","protected":false},"author":5,"featured_media":29035,"comment_status":"closed","ping_status":"open","sticky":false,"template":"","format":"standard","meta":{"footnotes":""},"categories":[4],"tags":[],"class_list":["post-29034","post","type-post","status-publish","format-standard","has-post-thumbnail","hentry","category-avisos-paroquiais","entry"],"_links":{"self":[{"href":"https:\/\/www.paroquia-damaia.pt\/old\/wp-json\/wp\/v2\/posts\/29034","targetHints":{"allow":["GET"]}}],"collection":[{"href":"https:\/\/www.paroquia-damaia.pt\/old\/wp-json\/wp\/v2\/posts"}],"about":[{"href":"https:\/\/www.paroquia-damaia.pt\/old\/wp-json\/wp\/v2\/types\/post"}],"author":[{"embeddable":true,"href":"https:\/\/www.paroquia-damaia.pt\/old\/wp-json\/wp\/v2\/users\/5"}],"replies":[{"embeddable":true,"href":"https:\/\/www.paroquia-damaia.pt\/old\/wp-json\/wp\/v2\/comments?post=29034"}],"version-history":[{"count":1,"href":"https:\/\/www.paroquia-damaia.pt\/old\/wp-json\/wp\/v2\/posts\/29034\/revisions"}],"predecessor-version":[{"id":29036,"href":"https:\/\/www.paroquia-damaia.pt\/old\/wp-json\/wp\/v2\/posts\/29034\/revisions\/29036"}],"wp:featuredmedia":[{"embeddable":true,"href":"https:\/\/www.paroquia-damaia.pt\/old\/wp-json\/wp\/v2\/media\/29035"}],"wp:attachment":[{"href":"https:\/\/www.paroquia-damaia.pt\/old\/wp-json\/wp\/v2\/media?parent=29034"}],"wp:term":[{"taxonomy":"category","embeddable":true,"href":"https:\/\/www.paroquia-damaia.pt\/old\/wp-json\/wp\/v2\/categories?post=29034"},{"taxonomy":"post_tag","embeddable":true,"href":"https:\/\/www.paroquia-damaia.pt\/old\/wp-json\/wp\/v2\/tags?post=29034"}],"curies":[{"name":"wp","href":"https:\/\/api.w.org\/{rel}","templated":true}]}}