{"id":29039,"date":"2021-08-15T14:00:12","date_gmt":"2021-08-15T14:00:12","guid":{"rendered":"https:\/\/www.paroquia-damaia.pt\/old\/?p=29039"},"modified":"2021-08-15T14:00:12","modified_gmt":"2021-08-15T14:00:12","slug":"comunicacoes-paroquiais-15-08-2021","status":"publish","type":"post","link":"https:\/\/www.paroquia-damaia.pt\/old\/comunicacoes-paroquiais-15-08-2021\/","title":{"rendered":"Comunica\u00e7\u00f5es Paroquiais &#8211; 15\/08\/2021"},"content":{"rendered":"\n<p><strong><em>Solenidade da Assun\u00e7\u00e3o da Virgem Santa Maria<\/em><\/strong><\/p>\n\n\n\n\n\n<blockquote class=\"wp-block-quote has-text-align-center is-style-large is-layout-flow wp-block-quote-is-layout-flow\"><p><strong><em>\u201cGrandes coisas se dizem de V\u00f3s, \u00f3 Virgem Santa Maria, que hoje fostes exaltada sobre os coros dos Anjos e triunfais com Cristo para sempre<\/em><\/strong>&#8220;<\/p><cite>(Ant\u00edfona)<\/cite><\/blockquote>\n\n\n\n<p><strong><u>Domingo | 15\/08<\/u> \u2013 20\u00ba Domingo TC<\/strong>. Solenidade da <strong>Assun\u00e7\u00e3o da Virgem Santa Maria<\/strong>. Missas \u00e0s 09h; 11h; 19h. Missa \u00e0s 11h em comemora\u00e7\u00e3o de <strong>N. Sra. da Gra\u00e7a<\/strong>. <strong>Batizados<\/strong>, \u00e0s 12h15. <strong>Ofert\u00f3rio<\/strong> para a Pastoral da Mobilidade Humana.<\/p>\n\n\n\n<p><strong><u>2\u00aa Feira | 16\/08<\/u><\/strong><strong> \u2013 <\/strong>Mem\u00f3ria de<strong> S. Estev\u00e3o de Hungria.<\/strong><\/p>\n\n\n\n<p><strong><u>3\u00aa Feira | 17\/08 <\/u><\/strong><strong>\u2013 <\/strong>Mem\u00f3ria de<strong> S. Beatriz da Silva, <\/strong>virgem.<strong><\/strong><\/p>\n\n\n\n<p><strong><u>4\u00aa Feira | 18\/08 <\/u><\/strong>\u2013 Missas com a <strong>Novena Perp\u00e9tua <\/strong>e b\u00ean\u00e7\u00e3o da sa\u00fade. <strong>Novena a S. Jos\u00e9<\/strong>, \u00e0s 18h.&nbsp;<\/p>\n\n\n\n<p><strong><u>5\u00aa Feira | 19\/08<\/u><\/strong><strong> <\/strong>\u2013 Mem\u00f3ria de <strong>S. Jo\u00e3o Eudes, <\/strong>presb\u00edtero. <strong>Adora\u00e7\u00e3o<\/strong> \u00e0s 18h15.&nbsp;&nbsp;&nbsp;<\/p>\n\n\n\n<p><strong><u>6\u00aa Feira | 20\/08<\/u><\/strong><strong> <\/strong>\u2013 Mem\u00f3ria de <strong>S. Bernardo, <\/strong>abade e doutor da Igreja.<strong> <\/strong>Encontro para<strong> Pais e Padrinhos<\/strong>, \u00e0s 20h.&nbsp;&nbsp;&nbsp;&nbsp;<\/p>\n\n\n\n<p><strong><u>S\u00e1bado | 21\/08<\/u><\/strong><strong> <\/strong>\u2013 Mem\u00f3ria de <strong>S. Pio X,<\/strong> papa. Batizados, \u00e0s 11h.&nbsp;<\/p>\n\n\n\n<p><strong><u>Domingo | 22\/08<\/u><\/strong><strong> \u2013<\/strong> <strong>21\u00ba Domingo TC<\/strong>.&nbsp;&nbsp;&nbsp; &nbsp;&nbsp;<\/p>\n\n\n\n<p>A partir da pr\u00f3xima semana a <strong>Secretaria da Par\u00f3quia passar\u00e1 a funcionar no Centro Pastoral<\/strong> Paroquial Pe. Manuel Lopes. Atendimento no m\u00eas de agosto <strong>somente<\/strong> da parte da tarde, das <strong>16h30<\/strong> \u00e0s <strong>20h<\/strong>, e aos s\u00e1bados das <strong>09h30<\/strong> \u00e0s <strong>12h<\/strong>.&nbsp;&nbsp;<\/p>\n\n\n\n<p>Continua a campanha do <strong>Registo de Paroquianos<\/strong>. Colabore com a par\u00f3quia, leve uma ficha e devolva-a preenchida na Secretaria da Par\u00f3quia. Bem-haja.<\/p>\n\n\n\n<p><strong>Aos aniversariantes desta semana<\/strong> que iniciamos: <strong>Maria <\/strong>de F\u00e1tima da Luz, <strong>Maria<\/strong> Eduarda Matias Souza, <strong>Jo\u00e3o<\/strong> Fernando Sala Pagou, <strong>Matilde<\/strong> de Castro Fernandes Cordeiro desejamos muitas e copiosas b\u00ean\u00e7\u00e3os do Senhor e prote\u00e7\u00e3o da M\u00e3e de Deus.&nbsp;<\/p>\n\n\n\n<p><strong>Atendimento das confiss\u00f5es<\/strong>: de manh\u00e3 depois da missa e, \u00e0 tarde, partir das 18h15.&nbsp;<\/p>\n\n\n\n<p>Pe. Crist\u00f3v\u00e3o Dworak, CSsR \u2013 P\u00e1roco&nbsp;&nbsp;&nbsp;&nbsp;&nbsp;&nbsp;&nbsp;&nbsp;&nbsp;&nbsp;&nbsp;&nbsp;&nbsp;&nbsp;&nbsp;&nbsp;&nbsp;&nbsp;&nbsp;&nbsp;&nbsp;&nbsp;&nbsp;&nbsp;&nbsp;&nbsp;&nbsp;&nbsp;&nbsp;&nbsp;&nbsp;&nbsp;&nbsp;&nbsp;&nbsp;&nbsp;&nbsp;&nbsp;&nbsp;&nbsp;&nbsp;&nbsp;&nbsp;&nbsp;<\/p>\n\n\n\n<p>Damaia, 15 de Agosto de 2021<\/p>\n","protected":false},"excerpt":{"rendered":"<p>Solenidade da Assun\u00e7\u00e3o da Virgem Santa Maria \u201cGrandes coisas se dizem de V\u00f3s, \u00f3 Virgem Santa Maria, que hoje fostes exaltada sobre os coros dos Anjos e triunfais com Cristo para sempre&#8220; (Ant\u00edfona) Domingo | 15\/08 \u2013 20\u00ba Domingo TC. Solenidade da Assun\u00e7\u00e3o da Virgem Santa Maria. Missas \u00e0s 09h; 11h; 19h. Missa \u00e0s 11h<a class=\"more-link\" href=\"https:\/\/www.paroquia-damaia.pt\/old\/comunicacoes-paroquiais-15-08-2021\/\">Continuar lendo <span class=\"screen-reader-text\">&#8220;Comunica\u00e7\u00f5es Paroquiais &#8211; 15\/08\/2021&#8221;<\/span><\/a><\/p>\n","protected":false},"author":5,"featured_media":29040,"comment_status":"closed","ping_status":"open","sticky":false,"template":"","format":"standard","meta":{"footnotes":""},"categories":[4],"tags":[],"class_list":["post-29039","post","type-post","status-publish","format-standard","has-post-thumbnail","hentry","category-avisos-paroquiais","entry"],"_links":{"self":[{"href":"https:\/\/www.paroquia-damaia.pt\/old\/wp-json\/wp\/v2\/posts\/29039","targetHints":{"allow":["GET"]}}],"collection":[{"href":"https:\/\/www.paroquia-damaia.pt\/old\/wp-json\/wp\/v2\/posts"}],"about":[{"href":"https:\/\/www.paroquia-damaia.pt\/old\/wp-json\/wp\/v2\/types\/post"}],"author":[{"embeddable":true,"href":"https:\/\/www.paroquia-damaia.pt\/old\/wp-json\/wp\/v2\/users\/5"}],"replies":[{"embeddable":true,"href":"https:\/\/www.paroquia-damaia.pt\/old\/wp-json\/wp\/v2\/comments?post=29039"}],"version-history":[{"count":1,"href":"https:\/\/www.paroquia-damaia.pt\/old\/wp-json\/wp\/v2\/posts\/29039\/revisions"}],"predecessor-version":[{"id":29041,"href":"https:\/\/www.paroquia-damaia.pt\/old\/wp-json\/wp\/v2\/posts\/29039\/revisions\/29041"}],"wp:featuredmedia":[{"embeddable":true,"href":"https:\/\/www.paroquia-damaia.pt\/old\/wp-json\/wp\/v2\/media\/29040"}],"wp:attachment":[{"href":"https:\/\/www.paroquia-damaia.pt\/old\/wp-json\/wp\/v2\/media?parent=29039"}],"wp:term":[{"taxonomy":"category","embeddable":true,"href":"https:\/\/www.paroquia-damaia.pt\/old\/wp-json\/wp\/v2\/categories?post=29039"},{"taxonomy":"post_tag","embeddable":true,"href":"https:\/\/www.paroquia-damaia.pt\/old\/wp-json\/wp\/v2\/tags?post=29039"}],"curies":[{"name":"wp","href":"https:\/\/api.w.org\/{rel}","templated":true}]}}