{"id":29042,"date":"2021-08-08T14:01:00","date_gmt":"2021-08-08T14:01:00","guid":{"rendered":"https:\/\/www.paroquia-damaia.pt\/old\/?p=29042"},"modified":"2021-08-15T14:14:03","modified_gmt":"2021-08-15T14:14:03","slug":"comunicacoes-paroquiais-08-08-2021","status":"publish","type":"post","link":"https:\/\/www.paroquia-damaia.pt\/old\/comunicacoes-paroquiais-08-08-2021\/","title":{"rendered":"Comunica\u00e7\u00f5es Paroquiais &#8211; 08\/08\/2021"},"content":{"rendered":"\n\n\n<blockquote class=\"wp-block-quote has-text-align-center is-style-large is-layout-flow wp-block-quote-is-layout-flow\"><p><strong><em>\u201cEu sou o p\u00e3o vivo que desceu do C\u00e9u. Quem comer deste p\u00e3o viver\u00e1 eternamente<\/em><\/strong>&#8220;<\/p><cite>(Jo 6, 51)<\/cite><\/blockquote>\n\n\n\n<p><strong><u>Domingo | 08\/08<\/u> \u2013 <\/strong>Missas \u00e0s 09h; 11h; 19h. Batizados, \u00e0s 12h15.<\/p>\n\n\n\n<p><strong><u>2\u00aa Feira | 09\/08<\/u><\/strong><strong> \u2013 <\/strong>Festa de<strong> S. Teresa Benedita da Cruz, <\/strong>Virgem e M\u00e1rtir, Padroeira da Europa<\/p>\n\n\n\n<p><strong><u>3\u00aa Feira | 10\/08 <\/u><\/strong><strong>\u2013 <\/strong>Festa de<strong> S. Louren\u00e7o, <\/strong>di\u00e1cono e m\u00e1rtir.<strong><\/strong><\/p>\n\n\n\n<p><strong><u>4\u00aa Feira | 11\/08 <\/u><\/strong>\u2013 Mem\u00f3ria de <strong>S. Clara, virgem. <\/strong>Missas com a <strong>Novena Perp\u00e9tua <\/strong>e b\u00ean\u00e7\u00e3o da sa\u00fade. <strong>Novena a S. Jos\u00e9<\/strong>, \u00e0s 18h.&nbsp;<\/p>\n\n\n\n<p><strong><u>5\u00aa Feira | 12\/08<\/u><\/strong><strong> <\/strong>\u2013 Mem\u00f3ria de <strong>S. Joana Francisca<\/strong>. <strong>Adora\u00e7\u00e3o<\/strong> \u00e0s 18h15. <strong>Ter\u00e7o das Apari\u00e7\u00f5es<\/strong>, \u00e0s 21h.&nbsp;&nbsp;<\/p>\n\n\n\n<p><strong><u>6\u00aa Feira | 13\/08<\/u><\/strong><strong> <\/strong>\u2013 Mem\u00f3ria de <strong>S. Ponciano<\/strong> e <strong>S. Hip\u00f3lito<\/strong>, m\u00e1rtires. <strong>Encontro para Pais e Padrinhos<\/strong>, \u00e0s 20h.&nbsp;&nbsp;&nbsp;&nbsp;<\/p>\n\n\n\n<p><strong><u>S\u00e1bado | 14\/08<\/u><\/strong><strong> <\/strong>\u2013 Mem\u00f3ria de <strong>S. Maximiliano Kolbe, <\/strong>presb\u00edtero e m\u00e1rtir. Batizados, \u00e0s 11h.&nbsp;<\/p>\n\n\n\n<p><strong><u>Domingo | 15\/08<\/u><\/strong><strong> \u2013<\/strong> <strong>20\u00ba Domingo TC<\/strong>. Solenidade da <strong>Assun\u00e7\u00e3o da Virgem Santa Maria<\/strong>. Missa \u00e0s 11h em comemora\u00e7\u00e3o de N. Sra. da Gra\u00e7a. Batizados, \u00e0s 12h15. Ofert\u00f3rio para a Pastoral da Mobilidade Humana.&nbsp; &nbsp;&nbsp;<\/p>\n\n\n\n<p>No m\u00eas de agosto a Secretaria funcionar\u00e1 <strong>somente<\/strong> na parte da tarde, das <strong>16h30<\/strong> \u00e0s <strong>20h<\/strong>, e aos s\u00e1bados das <strong>09h30<\/strong> \u00e0s <strong>12h<\/strong>.&nbsp;<\/p>\n\n\n\n<p>Continua a campanha do <strong>Registo de Paroquianos<\/strong>. Colabore com a par\u00f3quia, leve uma ficha e devolva-a preenchida na Secretaria da Par\u00f3quia. Bem-haja.<\/p>\n\n\n\n<p>C<strong>onvidamos<\/strong> <strong>a visitar o Centro Pastoral Paroquial Pe. Manuel Lopes<\/strong>, para conhecer as obras que foram nele realizadas. Agradecemos mais uma vez pela generosa colabora\u00e7\u00e3o de muitos. Bem-haja.<\/p>\n\n\n\n<p><strong>Aos aniversariantes desta semana<\/strong> que iniciamos: <strong>Maria <\/strong>Teresa Alves Fernandes; <strong>Rodrigo<\/strong> Rafael Barbosa Rodrigues; <strong>Maria<\/strong> Deolinda de Jesus Rodrigues; <strong>Maria<\/strong> de F\u00e1tima Pina Monteiro; <strong>Tiago<\/strong> Alexandre Oliveira Francisco; <strong>Pedro<\/strong> Silvino Rebelo Nascimento; <strong>Francisco<\/strong> da Fonseca dos Reis; <strong>Am\u00e9lia<\/strong> Machado Polido, desejamos muitas e copiosas b\u00ean\u00e7\u00e3os do Senhor e prote\u00e7\u00e3o da M\u00e3e de Deus.&nbsp;&nbsp;<\/p>\n\n\n\n<p>Pe. Crist\u00f3v\u00e3o Dworak, CSsR \u2013 P\u00e1roco&nbsp;&nbsp;&nbsp;&nbsp;&nbsp;&nbsp;&nbsp;&nbsp;&nbsp;&nbsp;&nbsp;&nbsp;&nbsp;&nbsp;&nbsp;&nbsp;&nbsp;&nbsp;&nbsp;&nbsp;&nbsp;&nbsp;&nbsp;&nbsp;&nbsp;&nbsp;&nbsp;&nbsp;&nbsp;&nbsp;&nbsp;&nbsp;&nbsp;&nbsp;&nbsp;&nbsp;&nbsp;&nbsp;&nbsp;&nbsp;&nbsp;&nbsp;&nbsp;&nbsp;<\/p>\n\n\n\n<p>Damaia, 08 de Agosto de 2021<\/p>\n","protected":false},"excerpt":{"rendered":"<p>\u201cEu sou o p\u00e3o vivo que desceu do C\u00e9u. Quem comer deste p\u00e3o viver\u00e1 eternamente&#8220; (Jo 6, 51) Domingo | 08\/08 \u2013 Missas \u00e0s 09h; 11h; 19h. Batizados, \u00e0s 12h15. 2\u00aa Feira | 09\/08 \u2013 Festa de S. Teresa Benedita da Cruz, Virgem e M\u00e1rtir, Padroeira da Europa 3\u00aa Feira | 10\/08 \u2013 Festa de<a class=\"more-link\" href=\"https:\/\/www.paroquia-damaia.pt\/old\/comunicacoes-paroquiais-08-08-2021\/\">Continuar lendo <span class=\"screen-reader-text\">&#8220;Comunica\u00e7\u00f5es Paroquiais &#8211; 08\/08\/2021&#8221;<\/span><\/a><\/p>\n","protected":false},"author":5,"featured_media":29043,"comment_status":"closed","ping_status":"open","sticky":false,"template":"","format":"standard","meta":{"footnotes":""},"categories":[4],"tags":[],"class_list":["post-29042","post","type-post","status-publish","format-standard","has-post-thumbnail","hentry","category-avisos-paroquiais","entry"],"_links":{"self":[{"href":"https:\/\/www.paroquia-damaia.pt\/old\/wp-json\/wp\/v2\/posts\/29042","targetHints":{"allow":["GET"]}}],"collection":[{"href":"https:\/\/www.paroquia-damaia.pt\/old\/wp-json\/wp\/v2\/posts"}],"about":[{"href":"https:\/\/www.paroquia-damaia.pt\/old\/wp-json\/wp\/v2\/types\/post"}],"author":[{"embeddable":true,"href":"https:\/\/www.paroquia-damaia.pt\/old\/wp-json\/wp\/v2\/users\/5"}],"replies":[{"embeddable":true,"href":"https:\/\/www.paroquia-damaia.pt\/old\/wp-json\/wp\/v2\/comments?post=29042"}],"version-history":[{"count":1,"href":"https:\/\/www.paroquia-damaia.pt\/old\/wp-json\/wp\/v2\/posts\/29042\/revisions"}],"predecessor-version":[{"id":29044,"href":"https:\/\/www.paroquia-damaia.pt\/old\/wp-json\/wp\/v2\/posts\/29042\/revisions\/29044"}],"wp:featuredmedia":[{"embeddable":true,"href":"https:\/\/www.paroquia-damaia.pt\/old\/wp-json\/wp\/v2\/media\/29043"}],"wp:attachment":[{"href":"https:\/\/www.paroquia-damaia.pt\/old\/wp-json\/wp\/v2\/media?parent=29042"}],"wp:term":[{"taxonomy":"category","embeddable":true,"href":"https:\/\/www.paroquia-damaia.pt\/old\/wp-json\/wp\/v2\/categories?post=29042"},{"taxonomy":"post_tag","embeddable":true,"href":"https:\/\/www.paroquia-damaia.pt\/old\/wp-json\/wp\/v2\/tags?post=29042"}],"curies":[{"name":"wp","href":"https:\/\/api.w.org\/{rel}","templated":true}]}}