{"id":29046,"date":"2021-08-22T11:17:00","date_gmt":"2021-08-22T11:17:00","guid":{"rendered":"https:\/\/www.paroquia-damaia.pt\/old\/?p=29046"},"modified":"2021-08-25T11:41:22","modified_gmt":"2021-08-25T11:41:22","slug":"comunicacoes-paroquiais-22-08-2021","status":"publish","type":"post","link":"https:\/\/www.paroquia-damaia.pt\/old\/comunicacoes-paroquiais-22-08-2021\/","title":{"rendered":"Comunica\u00e7\u00f5es Paroquiais &#8211; 22\/08\/2021"},"content":{"rendered":"\n\n\n<blockquote class=\"wp-block-quote has-text-align-center is-style-large is-layout-flow wp-block-quote-is-layout-flow\"><p><strong><em>\u201cPara quem iremos, Senhor? Tu tens palavras de vida eterna<\/em><\/strong>&#8220;<\/p><cite>(Jo 6, 69)<\/cite><\/blockquote>\n\n\n\n<p><strong><u>Domingo | 22\/08<\/u><\/strong><strong> \u2013 Missas<\/strong> aos <strong>domingos<\/strong>, \u00e0s 09h; 11h; 19h. <strong>Missas na<\/strong> <strong>semana<\/strong>: \u00e0s 09h e \u00e0s 19h. &nbsp;<\/p>\n\n\n\n<p><strong><u>2\u00aa Feira | 23\/08<\/u><\/strong><strong> \u2013 <\/strong>Mem\u00f3ria de<strong> S. Rosa de Lima, <\/strong>virgem.<strong><\/strong><\/p>\n\n\n\n<p><strong><u>3\u00aa Feira | 24\/08 <\/u><\/strong><strong>\u2013 <\/strong>Festa de <strong>S. Bartolomeu, <\/strong>Ap\u00f3stolo.<strong><\/strong><\/p>\n\n\n\n<p><strong><u>4\u00aa Feira | 25\/08 <\/u><\/strong>\u2013 Mem\u00f3rias de <strong>S. Lu\u00eds de Fran\u00e7a<\/strong>, de <strong>S. Jos\u00e9 de Calazans<\/strong> e de <strong>B. Met\u00f3dio Trcka<\/strong>, redentorista e m\u00e1rtir.&nbsp; Missas com a <strong>Novena Perp\u00e9tua <\/strong>e b\u00ean\u00e7\u00e3o da sa\u00fade. <strong>Novena a S. Jos\u00e9<\/strong>, \u00e0s 18h.&nbsp;<\/p>\n\n\n\n<p><strong><u>5\u00aa Feira | 26\/08<\/u><\/strong><strong> <\/strong>\u2013 <strong>Adora\u00e7\u00e3o<\/strong> \u00e0s 18h15.&nbsp;&nbsp;&nbsp;<\/p>\n\n\n\n<p><strong><u>6\u00aa Feira | 27\/08<\/u><\/strong><strong> <\/strong>\u2013 Mem\u00f3ria de <strong>S. M\u00f4nica<\/strong>.&nbsp;&nbsp;&nbsp;&nbsp;<\/p>\n\n\n\n<p><strong><u>S\u00e1bado | 28\/08<\/u><\/strong><strong> <\/strong>\u2013 Mem\u00f3ria de <strong>S. Agostinho, bispo e doutor da Igreja. <\/strong>Batizados, \u00e0s 10h30 e o Casamento, \u00e0s 12h.&nbsp;<\/p>\n\n\n\n<p><strong><u>Domingo | 22\/08<\/u><\/strong><strong> \u2013<\/strong> <strong>22\u00ba Domingo TC<\/strong>.&nbsp;&nbsp;&nbsp; &nbsp;&nbsp;<\/p>\n\n\n\n<p>A partir desta semana a <strong>Secretaria da Par\u00f3quia e o Gabinete do P\u00e1roco parraram a funcionar no Centro Pastoral<\/strong> Paroquial Pe. Manuel Lopes. Atendimento no m\u00eas de agosto <strong>somente<\/strong> na parte da tarde, das <strong>16h30<\/strong> \u00e0s <strong>20h<\/strong>, e aos s\u00e1bados das <strong>09h30<\/strong> \u00e0s <strong>12h<\/strong>.&nbsp;&nbsp;<\/p>\n\n\n\n<p>Continua a campanha do <strong>Registo de Paroquianos<\/strong>. Colabore com a par\u00f3quia, leve uma ficha e devolva-a preenchida na Secretaria da Par\u00f3quia. Bem-haja.<\/p>\n\n\n\n<p>A pedido do Pe. Provincial dos Redentoristas em Portugal, Pe. Rui Santiago, a Fam\u00edlia Redentorista em Portugal est\u00e1 em <strong>campanha de solidariedade<\/strong> com as v\u00edtimas de <strong>terremoto em<\/strong> <strong>Haiti<\/strong>. Por isso, estamos a fazer o pedit\u00f3rio nos envelopes <em>Haiti Solidariedade. <\/em>Colabore e leve um envelope consigo e devolva no pr\u00f3ximo domingo. Bem-haja.&nbsp;&nbsp;<\/p>\n\n\n\n<p><strong>Aos aniversariantes desta semana<\/strong> que iniciamos: <strong>Nadine<\/strong> Bianca Pinto Nunes, <strong>Zeferino<\/strong> Furtado Varela, <strong>Maria<\/strong> Isabel dos Santos Mendon\u00e7a, <strong>Sara<\/strong> Santos Silva, desejamos muitas e copiosas b\u00ean\u00e7\u00e3os do Senhor e prote\u00e7\u00e3o da M\u00e3e de Deus.&nbsp;<\/p>\n\n\n\n<p><strong>Atendimento das confiss\u00f5es<\/strong>: pela manh\u00e3 depois da missa e, \u00e0 tarde, partir das 18h15.&nbsp;<\/p>\n\n\n\n<p>Pe. Crist\u00f3v\u00e3o Dworak, CSsR \u2013 P\u00e1roco&nbsp;&nbsp;&nbsp;&nbsp;&nbsp;&nbsp;&nbsp;&nbsp;&nbsp;&nbsp;&nbsp;&nbsp;&nbsp;&nbsp;&nbsp;&nbsp;&nbsp;&nbsp;&nbsp;&nbsp;&nbsp;&nbsp;&nbsp;&nbsp;&nbsp;&nbsp;&nbsp;&nbsp;&nbsp;&nbsp;&nbsp;&nbsp;&nbsp;&nbsp;&nbsp;&nbsp;&nbsp;&nbsp;&nbsp;&nbsp;&nbsp;&nbsp;&nbsp;&nbsp;<\/p>\n\n\n\n<p>Damaia, 22 de Agosto de 2021<\/p>\n","protected":false},"excerpt":{"rendered":"<p>\u201cPara quem iremos, Senhor? Tu tens palavras de vida eterna&#8220; (Jo 6, 69) Domingo | 22\/08 \u2013 Missas aos domingos, \u00e0s 09h; 11h; 19h. Missas na semana: \u00e0s 09h e \u00e0s 19h. &nbsp; 2\u00aa Feira | 23\/08 \u2013 Mem\u00f3ria de S. Rosa de Lima, virgem. 3\u00aa Feira | 24\/08 \u2013 Festa de S. Bartolomeu, Ap\u00f3stolo.<a class=\"more-link\" href=\"https:\/\/www.paroquia-damaia.pt\/old\/comunicacoes-paroquiais-22-08-2021\/\">Continuar lendo <span class=\"screen-reader-text\">&#8220;Comunica\u00e7\u00f5es Paroquiais &#8211; 22\/08\/2021&#8221;<\/span><\/a><\/p>\n","protected":false},"author":5,"featured_media":29052,"comment_status":"closed","ping_status":"open","sticky":false,"template":"","format":"standard","meta":{"footnotes":""},"categories":[4],"tags":[],"class_list":["post-29046","post","type-post","status-publish","format-standard","has-post-thumbnail","hentry","category-avisos-paroquiais","entry"],"_links":{"self":[{"href":"https:\/\/www.paroquia-damaia.pt\/old\/wp-json\/wp\/v2\/posts\/29046","targetHints":{"allow":["GET"]}}],"collection":[{"href":"https:\/\/www.paroquia-damaia.pt\/old\/wp-json\/wp\/v2\/posts"}],"about":[{"href":"https:\/\/www.paroquia-damaia.pt\/old\/wp-json\/wp\/v2\/types\/post"}],"author":[{"embeddable":true,"href":"https:\/\/www.paroquia-damaia.pt\/old\/wp-json\/wp\/v2\/users\/5"}],"replies":[{"embeddable":true,"href":"https:\/\/www.paroquia-damaia.pt\/old\/wp-json\/wp\/v2\/comments?post=29046"}],"version-history":[{"count":2,"href":"https:\/\/www.paroquia-damaia.pt\/old\/wp-json\/wp\/v2\/posts\/29046\/revisions"}],"predecessor-version":[{"id":29051,"href":"https:\/\/www.paroquia-damaia.pt\/old\/wp-json\/wp\/v2\/posts\/29046\/revisions\/29051"}],"wp:featuredmedia":[{"embeddable":true,"href":"https:\/\/www.paroquia-damaia.pt\/old\/wp-json\/wp\/v2\/media\/29052"}],"wp:attachment":[{"href":"https:\/\/www.paroquia-damaia.pt\/old\/wp-json\/wp\/v2\/media?parent=29046"}],"wp:term":[{"taxonomy":"category","embeddable":true,"href":"https:\/\/www.paroquia-damaia.pt\/old\/wp-json\/wp\/v2\/categories?post=29046"},{"taxonomy":"post_tag","embeddable":true,"href":"https:\/\/www.paroquia-damaia.pt\/old\/wp-json\/wp\/v2\/tags?post=29046"}],"curies":[{"name":"wp","href":"https:\/\/api.w.org\/{rel}","templated":true}]}}