{"id":29053,"date":"2021-08-29T10:02:00","date_gmt":"2021-08-29T10:02:00","guid":{"rendered":"https:\/\/www.paroquia-damaia.pt\/old\/?p=29053"},"modified":"2021-08-28T12:12:25","modified_gmt":"2021-08-28T12:12:25","slug":"comunicacoes-paroquiais-29-09-2021","status":"publish","type":"post","link":"https:\/\/www.paroquia-damaia.pt\/old\/comunicacoes-paroquiais-29-09-2021\/","title":{"rendered":"Comunica\u00e7\u00f5es Paroquiais &#8211; 29\/09\/2021"},"content":{"rendered":"\n\n\n<blockquote class=\"wp-block-quote has-text-align-center is-style-large is-layout-flow wp-block-quote-is-layout-flow\"><p><strong><em>\u201cDeixais o mandamento de Deus para vos prenderdes \u00e0 tradi\u00e7\u00e3o dos homens\u201d<\/em><\/strong><\/p><cite>Mc 7,8<\/cite><\/blockquote>\n\n\n\n<p><strong><u>Domingo | 29\/08<\/u> \u2013 Missas<\/strong> aos <strong>domingos<\/strong>, \u00e0s 09h; 11h; 19h. <strong>Missas na<\/strong> <strong>semana<\/strong>: \u00e0s 09h e \u00e0s 19h. \u00a0<\/p>\n\n\n\n<p><strong><u>4\u00aa Feira | 01\/09 <\/u><\/strong>\u2013 Missas com a <strong>Novena Perp\u00e9tua <\/strong>e b\u00ean\u00e7\u00e3o da sa\u00fade. <strong>Novena a S. Jos\u00e9<\/strong>, \u00e0s 18h.&nbsp;<\/p>\n\n\n\n<p><strong><u>5\u00aa Feira | 02\/09<\/u><\/strong><strong> <\/strong>\u2013 <strong>Adora\u00e7\u00e3o<\/strong> \u00e0s 18h15.&nbsp;&nbsp;&nbsp;<\/p>\n\n\n\n<p><strong><u>6\u00aa Feira | 03\/09<\/u><\/strong><strong> <\/strong>\u2013 1\u00aa Sexta-Feira do m\u00eas. Mem\u00f3ria de S. Greg\u00f3rio Magno, papa e doutor da Igreja. Missas com a <strong>adora\u00e7\u00e3o e b\u00ean\u00e7\u00e3o<\/strong> do Sant\u00edssimo Sacramento.&nbsp;&nbsp;&nbsp;&nbsp;&nbsp;<\/p>\n\n\n\n<p><strong><u>S\u00e1bado | 04\/09<\/u><\/strong><strong> <\/strong>\u2013 Batizados, \u00e0s 11h.&nbsp;<\/p>\n\n\n\n<p><strong><u>Domingo | 05\/09<\/u><\/strong><strong> \u2013<\/strong> <strong>23\u00ba Domingo TC<\/strong>.&nbsp; <strong>Missas<\/strong>, \u00e0s 09h; 11h. Batizados, \u00e0s 12h15. &nbsp;&nbsp;<\/p>\n\n\n\n<p><strong>O atendimento <\/strong>da Secretaria da Par\u00f3quia, at\u00e9 o dia<strong> 14 de Setembro<\/strong> continuar\u00e1 a funcionar somente na parte da tarde, das <strong>16h30<\/strong> \u00e0s <strong>20h<\/strong>, e aos s\u00e1bados das <strong>09h30<\/strong> \u00e0s <strong>12h<\/strong>. Obrigado pela compreens\u00e3o.&nbsp;<\/p>\n\n\n\n<p>Agradecemos a todos pela colabora\u00e7\u00e3o com a c<strong>ampanha de solidariedade<\/strong> com as v\u00edtimas de <strong>terremoto em<\/strong> <strong>Haiti<\/strong>. A nossa colabora\u00e7\u00e3o dever\u00e1 ser entregue, se poss\u00edvel, at\u00e9 a pr\u00f3xima quarta-feira. Bem-haja.<\/p>\n\n\n\n<p><strong>A partir desta semana<\/strong>, atendendo as orienta\u00e7\u00f5es sanit\u00e1rias, <strong>ser\u00e3o remarcados os lugares na igreja<\/strong>, possibilitando uma participa\u00e7\u00e3o maior de fi\u00e9is nas celebra\u00e7\u00f5es. Contudo, o uso de m\u00e1scaras, a higieniza\u00e7\u00e3o das m\u00e3os e a higieniza\u00e7\u00e3o de assentos continuam em vigor.<\/p>\n\n\n\n<p><strong>Aos aniversariantes desta semana<\/strong> que iniciamos <strong>Ana<\/strong> Beatriz Battiston Ribeiro, <strong>Ant\u00f3nio<\/strong> Lanbina da Veiga, <strong>Sim\u00e3o<\/strong> Sim\u00f5es Anast\u00e1cio, J\u00falia da Encarna\u00e7\u00e3o Domingues Ant\u00e3o, <strong>Tom\u00e1s<\/strong> Peres, <strong>Lesley<\/strong> Ann Barros, desejamos muitas e copiosas b\u00ean\u00e7\u00e3os do Senhor e prote\u00e7\u00e3o da M\u00e3e de Deus. Lembramos, que no dia do anivers\u00e1rio, \u00e0s 19h, rezamos uma <strong>missa em a\u00e7\u00e3o de gra\u00e7as<\/strong> pelo dom da vida de cada aniversariante.&nbsp;<\/p>\n\n\n\n<p><strong>Atendimento das confiss\u00f5es<\/strong>: pela manh\u00e3 depois da missa e, \u00e0 tarde, partir das 18h15.&nbsp;<\/p>\n\n\n\n<p>Pe. Crist\u00f3v\u00e3o Dworak, CSsR \u2013 P\u00e1roco&nbsp;&nbsp;&nbsp;&nbsp;&nbsp;&nbsp;&nbsp;&nbsp;&nbsp;&nbsp;&nbsp;&nbsp;&nbsp;&nbsp;&nbsp;&nbsp;&nbsp;&nbsp;&nbsp;&nbsp;&nbsp;&nbsp;&nbsp;&nbsp;&nbsp;&nbsp;&nbsp;&nbsp;&nbsp;&nbsp;&nbsp;&nbsp;&nbsp;&nbsp;&nbsp;&nbsp;&nbsp;&nbsp;&nbsp;&nbsp;&nbsp;&nbsp;&nbsp;&nbsp;<\/p>\n\n\n\n<p>Damaia, 29 de Agosto de 2021<\/p>\n","protected":false},"excerpt":{"rendered":"<p>\u201cDeixais o mandamento de Deus para vos prenderdes \u00e0 tradi\u00e7\u00e3o dos homens\u201d Mc 7,8 Domingo | 29\/08 \u2013 Missas aos domingos, \u00e0s 09h; 11h; 19h. Missas na semana: \u00e0s 09h e \u00e0s 19h. \u00a0 4\u00aa Feira | 01\/09 \u2013 Missas com a Novena Perp\u00e9tua e b\u00ean\u00e7\u00e3o da sa\u00fade. Novena a S. Jos\u00e9, \u00e0s 18h.&nbsp; 5\u00aa<a class=\"more-link\" href=\"https:\/\/www.paroquia-damaia.pt\/old\/comunicacoes-paroquiais-29-09-2021\/\">Continuar lendo <span class=\"screen-reader-text\">&#8220;Comunica\u00e7\u00f5es Paroquiais &#8211; 29\/09\/2021&#8221;<\/span><\/a><\/p>\n","protected":false},"author":5,"featured_media":29056,"comment_status":"closed","ping_status":"open","sticky":false,"template":"","format":"standard","meta":{"footnotes":""},"categories":[4],"tags":[],"class_list":["post-29053","post","type-post","status-publish","format-standard","has-post-thumbnail","hentry","category-avisos-paroquiais","entry"],"_links":{"self":[{"href":"https:\/\/www.paroquia-damaia.pt\/old\/wp-json\/wp\/v2\/posts\/29053","targetHints":{"allow":["GET"]}}],"collection":[{"href":"https:\/\/www.paroquia-damaia.pt\/old\/wp-json\/wp\/v2\/posts"}],"about":[{"href":"https:\/\/www.paroquia-damaia.pt\/old\/wp-json\/wp\/v2\/types\/post"}],"author":[{"embeddable":true,"href":"https:\/\/www.paroquia-damaia.pt\/old\/wp-json\/wp\/v2\/users\/5"}],"replies":[{"embeddable":true,"href":"https:\/\/www.paroquia-damaia.pt\/old\/wp-json\/wp\/v2\/comments?post=29053"}],"version-history":[{"count":2,"href":"https:\/\/www.paroquia-damaia.pt\/old\/wp-json\/wp\/v2\/posts\/29053\/revisions"}],"predecessor-version":[{"id":29057,"href":"https:\/\/www.paroquia-damaia.pt\/old\/wp-json\/wp\/v2\/posts\/29053\/revisions\/29057"}],"wp:featuredmedia":[{"embeddable":true,"href":"https:\/\/www.paroquia-damaia.pt\/old\/wp-json\/wp\/v2\/media\/29056"}],"wp:attachment":[{"href":"https:\/\/www.paroquia-damaia.pt\/old\/wp-json\/wp\/v2\/media?parent=29053"}],"wp:term":[{"taxonomy":"category","embeddable":true,"href":"https:\/\/www.paroquia-damaia.pt\/old\/wp-json\/wp\/v2\/categories?post=29053"},{"taxonomy":"post_tag","embeddable":true,"href":"https:\/\/www.paroquia-damaia.pt\/old\/wp-json\/wp\/v2\/tags?post=29053"}],"curies":[{"name":"wp","href":"https:\/\/api.w.org\/{rel}","templated":true}]}}