{"id":29059,"date":"2021-09-05T13:14:28","date_gmt":"2021-09-05T13:14:28","guid":{"rendered":"https:\/\/www.paroquia-damaia.pt\/old\/?p=29059"},"modified":"2021-09-13T11:37:09","modified_gmt":"2021-09-13T11:37:09","slug":"comunicacoes-paroquiais-05-09-2021","status":"publish","type":"post","link":"https:\/\/www.paroquia-damaia.pt\/old\/comunicacoes-paroquiais-05-09-2021\/","title":{"rendered":"Comunica\u00e7\u00f5es Paroquiais &#8211; 05\/09\/2021"},"content":{"rendered":"\n\n\n<blockquote class=\"wp-block-quote has-text-align-center is-style-large is-layout-flow wp-block-quote-is-layout-flow\"><p>\u201c<em><strong>Depois erguendo os olhos ao C\u00e9u, suspirou e disse ao surdo-mudo: \u00abEffath\u00e1\u00bb, que quer dizer \u00abAbre-te\u00bb\u201d<\/strong><\/em><\/p><cite>Mc 7, 34<\/cite><\/blockquote>\n\n\n\n<p><strong>Domingo | 05\/09 \u2013 Missas<\/strong> aos <strong>domingos<\/strong>, \u00e0s 09h; 11h; 19h. <strong>Missas na<\/strong> <strong>semana<\/strong>: \u00e0s 09h e \u00e0s 19h.<\/p>\n\n\n\n<p><strong>2\u00aa Feira | 06\/09<\/strong><strong> \u2013 <\/strong>Reuni\u00e3o do<strong> Conselho Econ\u00f4mico Paroquial <\/strong>(CEP), \u00e0s 19h30.<\/p>\n\n\n\n<p><strong>4\u00aa Feira | 08\/09 <\/strong>\u2013 Festa da <strong>Natividade da Virgem Santa Maria<\/strong>. Missas com a <strong>Novena Perp\u00e9tua <\/strong>e b\u00ean\u00e7\u00e3o da sa\u00fade. <strong>Novena a S. Jos\u00e9<\/strong>, \u00e0s 18h.<\/p>\n\n\n\n<p><strong>5\u00aa Feira | 09\/09<\/strong>\u2013 Mem\u00f3ria de <strong>S. Pedro Claver<\/strong>, presb\u00edtero. <strong>Adora\u00e7\u00e3o<\/strong> \u00e0s 18h15. Encontro para <strong>pais e padrinhos<\/strong>, \u00e0s 19h30.<\/p>\n\n\n\n<p><strong>6\u00aa Feira | 10\/09<\/strong><strong> \u2013 <\/strong>Reuni\u00e3o da <strong>Comiss\u00e3o Permanente<\/strong> do Conselho Pastoral(CPP), \u00e0s 21h.<\/p>\n\n\n\n<p><strong>S\u00e1bado | 11\/09<\/strong>\u2013 Encontro para <strong>Pais e Padrinhos<\/strong>, \u00e0s 10h. <strong>Batizados<\/strong>, \u00e0s 11h.<\/p>\n\n\n\n<p><strong>Domingo | 12\/09<\/strong><strong> \u2013<\/strong> <strong>24\u00ba Domingo TC<\/strong>. <strong>Missas<\/strong>, \u00e0s 09h; 11h e 19h. <strong>Ter\u00e7o das Apari\u00e7\u00f5es<\/strong> no \u00e1trio da Igreja, \u00e0s 21h.<\/p>\n\n\n\n<p><strong>O atendimento <\/strong>da Secretaria da Par\u00f3quia, at\u00e9 o dia<strong> 14 de setembro<\/strong> continuar\u00e1 a funcionar somente na parte da tarde, das <strong>16h30<\/strong> \u00e0s <strong>20h<\/strong>, e aos s\u00e1bados das <strong>09h30<\/strong> \u00e0s <strong>12h<\/strong>. Obrigado pela compreens\u00e3o.<\/p>\n\n\n\n<p>Agradecemos a todos pela colabora\u00e7\u00e3o com a c<strong>ampanha de solidariedade<\/strong> com as v\u00edtimas de <strong>terremoto em<\/strong> <strong>Haiti<\/strong>. A nossa colabora\u00e7\u00e3o foi de <strong>1.312\u20ac<\/strong>. Bem-haja.<\/p>\n\n\n\n<p>A partir de m\u00eas de outubro ser\u00e3o retomadas as <strong>peregrina\u00e7\u00f5es para F\u00e1tima<\/strong>. A pr\u00f3xima peregrina\u00e7\u00e3o acontecer\u00e1 no s\u00e1bado, <strong>dia 02 de outubro<\/strong>. Inscri\u00e7\u00f5es na Secretaria da Par\u00f3quia ou com D. Mariana. Pre\u00e7o da passagem 12\u20ac.<\/p>\n\n\n\n<p>A partir do pr\u00f3ximo s\u00e1bado ser\u00e3o retomadas as <strong>transmiss\u00f5es das missas<\/strong> pela Internet &#8211; Canal <strong>RedentorTV<\/strong>, \u00e0s 19h.<\/p>\n\n\n\n<p><strong>Inscri\u00e7\u00f5es da Catequese<\/strong>, a partir do dia 25 de setembro.<\/p>\n\n\n\n<p><strong>Aos aniversariantes desta semana<\/strong> que iniciamos <strong>Miguel<\/strong> Afonso Lobo de Almeida, <strong>Vanessa<\/strong> Sofia Garcia Tavares Costa, <strong>Lara<\/strong> Rayssa Sanches Soares, <strong>Maria<\/strong> da Luz Silva Tavares Borges, <strong>Ilda<\/strong> Maria B. Ramal Almeida, <strong>Br\u00edgida<\/strong> Rosalina Cardoso Rodrigues, desejamos muitas e copiosas b\u00ean\u00e7\u00e3os do Senhor e prote\u00e7\u00e3o da M\u00e3e de Deus. Lembramos, que no dia do anivers\u00e1rio, \u00e0s 19h, rezamos uma <strong>missa em a\u00e7\u00e3o de gra\u00e7as<\/strong> pelo dom da vida de cada aniversariante.<\/p>\n\n\n\n<p><strong>Atendimento das confiss\u00f5es<\/strong>: pela manh\u00e3 depois da missa e, \u00e0 tarde, partir das 18h15.<\/p>\n\n\n\n<p>Pe. Crist\u00f3v\u00e3o Dworak, CSsR \u2013 P\u00e1roco<\/p>\n\n\n\n<p>Damaia, 05 de Setembro de 2021<\/p>\n","protected":false},"excerpt":{"rendered":"<p>\u201cDepois erguendo os olhos ao C\u00e9u, suspirou e disse ao surdo-mudo: \u00abEffath\u00e1\u00bb, que quer dizer \u00abAbre-te\u00bb\u201d Mc 7, 34 Domingo | 05\/09 \u2013 Missas aos domingos, \u00e0s 09h; 11h; 19h. Missas na semana: \u00e0s 09h e \u00e0s 19h. 2\u00aa Feira | 06\/09 \u2013 Reuni\u00e3o do Conselho Econ\u00f4mico Paroquial (CEP), \u00e0s 19h30. 4\u00aa Feira | 08\/09<a class=\"more-link\" href=\"https:\/\/www.paroquia-damaia.pt\/old\/comunicacoes-paroquiais-05-09-2021\/\">Continuar lendo <span class=\"screen-reader-text\">&#8220;Comunica\u00e7\u00f5es Paroquiais &#8211; 05\/09\/2021&#8221;<\/span><\/a><\/p>\n","protected":false},"author":5,"featured_media":29060,"comment_status":"closed","ping_status":"open","sticky":false,"template":"","format":"standard","meta":{"footnotes":""},"categories":[4],"tags":[],"class_list":["post-29059","post","type-post","status-publish","format-standard","has-post-thumbnail","hentry","category-avisos-paroquiais","entry"],"_links":{"self":[{"href":"https:\/\/www.paroquia-damaia.pt\/old\/wp-json\/wp\/v2\/posts\/29059","targetHints":{"allow":["GET"]}}],"collection":[{"href":"https:\/\/www.paroquia-damaia.pt\/old\/wp-json\/wp\/v2\/posts"}],"about":[{"href":"https:\/\/www.paroquia-damaia.pt\/old\/wp-json\/wp\/v2\/types\/post"}],"author":[{"embeddable":true,"href":"https:\/\/www.paroquia-damaia.pt\/old\/wp-json\/wp\/v2\/users\/5"}],"replies":[{"embeddable":true,"href":"https:\/\/www.paroquia-damaia.pt\/old\/wp-json\/wp\/v2\/comments?post=29059"}],"version-history":[{"count":5,"href":"https:\/\/www.paroquia-damaia.pt\/old\/wp-json\/wp\/v2\/posts\/29059\/revisions"}],"predecessor-version":[{"id":29083,"href":"https:\/\/www.paroquia-damaia.pt\/old\/wp-json\/wp\/v2\/posts\/29059\/revisions\/29083"}],"wp:featuredmedia":[{"embeddable":true,"href":"https:\/\/www.paroquia-damaia.pt\/old\/wp-json\/wp\/v2\/media\/29060"}],"wp:attachment":[{"href":"https:\/\/www.paroquia-damaia.pt\/old\/wp-json\/wp\/v2\/media?parent=29059"}],"wp:term":[{"taxonomy":"category","embeddable":true,"href":"https:\/\/www.paroquia-damaia.pt\/old\/wp-json\/wp\/v2\/categories?post=29059"},{"taxonomy":"post_tag","embeddable":true,"href":"https:\/\/www.paroquia-damaia.pt\/old\/wp-json\/wp\/v2\/tags?post=29059"}],"curies":[{"name":"wp","href":"https:\/\/api.w.org\/{rel}","templated":true}]}}