{"id":29078,"date":"2021-09-13T11:35:18","date_gmt":"2021-09-13T11:35:18","guid":{"rendered":"https:\/\/www.paroquia-damaia.pt\/old\/?p=29078"},"modified":"2021-09-13T11:38:02","modified_gmt":"2021-09-13T11:38:02","slug":"comunicacoes-paroquiais-12-09-2021","status":"publish","type":"post","link":"https:\/\/www.paroquia-damaia.pt\/old\/comunicacoes-paroquiais-12-09-2021\/","title":{"rendered":"Comunica\u00e7\u00f5es Paroquiais &#8211; 12\/09\/2021"},"content":{"rendered":"\n\n\n<blockquote class=\"wp-block-quote has-text-align-center is-style-large is-layout-flow wp-block-quote-is-layout-flow\"><p><strong><em>\u201cSe algu\u00e9m quiser seguir-Me, renuncie a si mesmo, tome a sua cruz e siga-Me<\/em><\/strong>&#8220;<\/p><cite>Mc 8,34<\/cite><\/blockquote>\n\n\n\n<p><strong><u>Domingo | 12\/09<\/u><\/strong><strong> \u2013 Missas<\/strong> aos <strong>domingos<\/strong>, \u00e0s 09h; 11h; 19h. <strong>Missas na<\/strong> <strong>semana<\/strong>: \u00e0s 09h e \u00e0s 19h. <strong>Ter\u00e7o das Apari\u00e7\u00f5es,<\/strong> no \u00e1trio da Igreja, \u00e0s 21h.<\/p>\n\n\n\n<p><strong><u>2\u00aa Feira | 13\/09<\/u><\/strong><strong> \u2013 <\/strong>Mem\u00f3ria de<strong> S. Jo\u00e3o Cris\u00f3stomo, <\/strong>bispo e doutor da Igreja.<\/p>\n\n\n\n<p><strong><u>3\u00aa Feira | 14\/09<\/u><\/strong><strong> \u2013 <\/strong>Festa da<strong> Exalta\u00e7\u00e3o da Santa Cruz.<\/strong><\/p>\n\n\n\n<p><strong><u>4\u00aa Feira | 15\/09 <\/u><\/strong>\u2013 Mem\u00f3ria de <strong>Nossa Senhora das Dores<\/strong>. Missas com a <strong>Novena Perp\u00e9tua <\/strong>e b\u00ean\u00e7\u00e3o da sa\u00fade. <strong>Novena a S. Jos\u00e9<\/strong>, \u00e0s 18h.&nbsp;<\/p>\n\n\n\n<p><strong><u>5\u00aa Feira | 16\/09<\/u><\/strong><strong> <\/strong>\u2013 Mem\u00f3ria de <strong>S. Corn\u00e9lio, <\/strong>papa e<strong> S. Cipriano, <\/strong>bispo, m\u00e1rtires. <strong>Adora\u00e7\u00e3o<\/strong> \u00e0s 18h15.&nbsp;&nbsp;<\/p>\n\n\n\n<p><strong><u>6\u00aa Feira | 17\/09<\/u><\/strong><strong> \u2013 <\/strong>Mem\u00f3ria de<strong> S. Roberto Belarmino, <\/strong>bispo e doutor da Igreja. Encontro para <strong>Pais e Padrinhos<\/strong>, \u00e0s 20h.<\/p>\n\n\n\n<p><strong><u>S\u00e1bado | 18\/09<\/u><\/strong><strong> <\/strong>\u2013 <strong>Mil Ave Marias<\/strong>, na capela, a partir das 09h30. <strong>Batizados<\/strong>, \u00e0s 11h.&nbsp;&nbsp;&nbsp;<\/p>\n\n\n\n<p><strong><u>Domingo | 19\/09<\/u><\/strong><strong> \u2013<\/strong> <strong>25\u00ba Domingo TC<\/strong>.&nbsp; <strong>Missas<\/strong>, \u00e0s 09h; 11h e 19h. &nbsp;&nbsp;<\/p>\n\n\n\n<p><strong>O atendimento <\/strong>da Secretaria da Par\u00f3quia, volta a ser feito pela manh\u00e3, de Ter\u00e7a-feira a Sexta-feira, a partir das <strong>09h0 \u00e0s 12h<\/strong>, e na parte da tarde, das <strong>16h30<\/strong> \u00e0s <strong>20h<\/strong>, e aos S\u00e1bados das <strong>09h30<\/strong> \u00e0s <strong>12h<\/strong> e das <strong>17h<\/strong> as <strong>18h30<\/strong>.&nbsp;&nbsp;<\/p>\n\n\n\n<p>Agradecemos a todos pela colabora\u00e7\u00e3o com a c<strong>ampanha de solidariedade<\/strong> com as v\u00edtimas de <strong>terremoto em<\/strong> <strong>Haiti<\/strong>. A nossa colabora\u00e7\u00e3o foi de <strong>1.410\u20ac<\/strong>. Bem-haja.<\/p>\n\n\n\n<p>A partir de m\u00eas de outubro ser\u00e3o retomadas as <strong>peregrina\u00e7\u00f5es para F\u00e1tima<\/strong>. A pr\u00f3xima peregrina\u00e7\u00e3o acontecer\u00e1 no s\u00e1bado, <strong>dia 02 de outubro<\/strong>. Inscri\u00e7\u00f5es na Secretaria da Par\u00f3quia ou com D. Mariana. Pre\u00e7o da passagem 13\u20ac.<\/p>\n\n\n\n<p><strong>Inscri\u00e7\u00f5es da Catequese<\/strong>, a partir do dia 25 de setembro.&nbsp; Est\u00e3o abertas tamb\u00e9m, na secretaria da Par\u00f3quia, as inscri\u00e7\u00f5es de <strong>adultos<\/strong> para os <strong>Sacramentos de Inicia\u00e7\u00e3o<\/strong>.&nbsp;&nbsp;<\/p>\n\n\n\n<p><strong>Aos aniversariantes desta semana<\/strong>: <strong>Leontina<\/strong> Calheiros Monteirinhos Soares, <strong>Carol<\/strong> Pires Gomes, Filipa Morais da Silva, <strong>Pedro<\/strong> Pinheiro Rodrigues, <strong>Maria Paula<\/strong> Fernandes Semedo, <strong>Edson<\/strong> de Jesus Tavares Carvalho, desejamos muitas e copiosas b\u00ean\u00e7\u00e3os do Senhor e prote\u00e7\u00e3o da M\u00e3e de Deus. Lembramos, que no dia do anivers\u00e1rio, \u00e0s 19h, rezamos uma <strong>missa em a\u00e7\u00e3o de gra\u00e7as<\/strong> pelo dom da vida de cada aniversariante.&nbsp;<\/p>\n\n\n\n<p><strong>Atendimento das confiss\u00f5es<\/strong>: pela manh\u00e3, \u00e0s 09h45; \u00e0 tarde, \u00e0s 18h15.&nbsp;<\/p>\n\n\n\n<p>Pe. Crist\u00f3v\u00e3o Dworak, CSsR \u2013 P\u00e1roco&nbsp;&nbsp;&nbsp;&nbsp;&nbsp;&nbsp;&nbsp;&nbsp;&nbsp;&nbsp;&nbsp;&nbsp;&nbsp;&nbsp;&nbsp;&nbsp;&nbsp;&nbsp;&nbsp;&nbsp;&nbsp;&nbsp;&nbsp;&nbsp;&nbsp;&nbsp;&nbsp;&nbsp;&nbsp;&nbsp;&nbsp;&nbsp;&nbsp;&nbsp;&nbsp;&nbsp;&nbsp;&nbsp;&nbsp;&nbsp;&nbsp;&nbsp;&nbsp;&nbsp;<\/p>\n\n\n\n<p>Damaia, 12 de Setembro de 2021<\/p>\n","protected":false},"excerpt":{"rendered":"<p>\u201cSe algu\u00e9m quiser seguir-Me, renuncie a si mesmo, tome a sua cruz e siga-Me&#8220; Mc 8,34 Domingo | 12\/09 \u2013 Missas aos domingos, \u00e0s 09h; 11h; 19h. Missas na semana: \u00e0s 09h e \u00e0s 19h. Ter\u00e7o das Apari\u00e7\u00f5es, no \u00e1trio da Igreja, \u00e0s 21h. 2\u00aa Feira | 13\/09 \u2013 Mem\u00f3ria de S. Jo\u00e3o Cris\u00f3stomo, bispo<a class=\"more-link\" href=\"https:\/\/www.paroquia-damaia.pt\/old\/comunicacoes-paroquiais-12-09-2021\/\">Continuar lendo <span class=\"screen-reader-text\">&#8220;Comunica\u00e7\u00f5es Paroquiais &#8211; 12\/09\/2021&#8221;<\/span><\/a><\/p>\n","protected":false},"author":5,"featured_media":29079,"comment_status":"closed","ping_status":"open","sticky":false,"template":"","format":"standard","meta":{"footnotes":""},"categories":[4],"tags":[],"class_list":["post-29078","post","type-post","status-publish","format-standard","has-post-thumbnail","hentry","category-avisos-paroquiais","entry"],"_links":{"self":[{"href":"https:\/\/www.paroquia-damaia.pt\/old\/wp-json\/wp\/v2\/posts\/29078","targetHints":{"allow":["GET"]}}],"collection":[{"href":"https:\/\/www.paroquia-damaia.pt\/old\/wp-json\/wp\/v2\/posts"}],"about":[{"href":"https:\/\/www.paroquia-damaia.pt\/old\/wp-json\/wp\/v2\/types\/post"}],"author":[{"embeddable":true,"href":"https:\/\/www.paroquia-damaia.pt\/old\/wp-json\/wp\/v2\/users\/5"}],"replies":[{"embeddable":true,"href":"https:\/\/www.paroquia-damaia.pt\/old\/wp-json\/wp\/v2\/comments?post=29078"}],"version-history":[{"count":2,"href":"https:\/\/www.paroquia-damaia.pt\/old\/wp-json\/wp\/v2\/posts\/29078\/revisions"}],"predecessor-version":[{"id":29084,"href":"https:\/\/www.paroquia-damaia.pt\/old\/wp-json\/wp\/v2\/posts\/29078\/revisions\/29084"}],"wp:featuredmedia":[{"embeddable":true,"href":"https:\/\/www.paroquia-damaia.pt\/old\/wp-json\/wp\/v2\/media\/29079"}],"wp:attachment":[{"href":"https:\/\/www.paroquia-damaia.pt\/old\/wp-json\/wp\/v2\/media?parent=29078"}],"wp:term":[{"taxonomy":"category","embeddable":true,"href":"https:\/\/www.paroquia-damaia.pt\/old\/wp-json\/wp\/v2\/categories?post=29078"},{"taxonomy":"post_tag","embeddable":true,"href":"https:\/\/www.paroquia-damaia.pt\/old\/wp-json\/wp\/v2\/tags?post=29078"}],"curies":[{"name":"wp","href":"https:\/\/api.w.org\/{rel}","templated":true}]}}