{"id":29086,"date":"2021-09-19T12:53:00","date_gmt":"2021-09-19T12:53:00","guid":{"rendered":"https:\/\/www.paroquia-damaia.pt\/old\/?p=29086"},"modified":"2021-09-20T12:58:43","modified_gmt":"2021-09-20T12:58:43","slug":"comunicacoes-paroquiais-19-09-2021","status":"publish","type":"post","link":"https:\/\/www.paroquia-damaia.pt\/old\/comunicacoes-paroquiais-19-09-2021\/","title":{"rendered":"Comunica\u00e7\u00f5es Paroquiais &#8211; 19\/09\/2021"},"content":{"rendered":"\n\n\n<blockquote class=\"wp-block-quote has-text-align-center is-style-large is-layout-flow wp-block-quote-is-layout-flow\"><p><strong><em>\u201cQuem quiser ser o primeiro ser\u00e1 o \u00faltimo de todos e servo de todos<\/em><\/strong>&#8220;<\/p><cite>Mc 9,35<\/cite><\/blockquote>\n\n\n\n<p><strong><u>Domingo | 19\/09<\/u><\/strong><strong> \u2013 Missas<\/strong> aos <strong>domingos<\/strong>, \u00e0s 09h; 11h; 19h. <strong>Missas na<\/strong> <strong>semana<\/strong>: \u00e0s 09h e \u00e0s 19h.<\/p>\n\n\n\n<p><strong><u>2\u00aa Feira | 20\/09<\/u><\/strong><strong> \u2013 <\/strong>Mem\u00f3ria de<strong> SS. Andr\u00e9 Kim e Companheiros, <\/strong>m\u00e1rtires.<\/p>\n\n\n\n<p><strong><u>3\u00aa Feira | 21\/09<\/u><\/strong><strong> \u2013 <\/strong>Festa de <strong>S. Mateus<\/strong>, Evangelista<strong>.<\/strong><\/p>\n\n\n\n<p><strong><u>4\u00aa Feira | 22\/09 <\/u><\/strong>\u2013 Missas com a <strong>Novena Perp\u00e9tua <\/strong>e b\u00ean\u00e7\u00e3o da sa\u00fade. <strong>Novena a S. Jos\u00e9<\/strong>, \u00e0s 18h.&nbsp;<\/p>\n\n\n\n<p><strong><u>5\u00aa Feira | 23\/09<\/u><\/strong><strong> <\/strong>\u2013 Mem\u00f3ria de <strong>S. Pio de Pietrelcina, <\/strong>presb\u00edtero. <strong>Adora\u00e7\u00e3o<\/strong> \u00e0s 18h15.&nbsp;&nbsp;<\/p>\n\n\n\n<p><strong><u>6\u00aa Feira | 24\/09<\/u><\/strong><strong> \u2013 <\/strong>Reuni\u00e3o da<strong> Equipe de Coros, <\/strong>\u00e0s 21h.<strong> <\/strong>&nbsp;<\/p>\n\n\n\n<p><strong><u>S\u00e1bado | 25\/09<\/u><\/strong><strong> <\/strong>\u2013 <strong>Encontro de Catequistas<\/strong> da Par\u00f3quia (09h); <strong>Batizados<\/strong>, \u00e0s 11h.&nbsp;&nbsp;&nbsp;<\/p>\n\n\n\n<p><strong><u>Domingo | 26\/09<\/u><\/strong><strong> \u2013<\/strong> <strong>26\u00ba Domingo TC<\/strong>.&nbsp; <strong>Missas<\/strong>, \u00e0s 09h; 11h e 19h. <strong>Abertura do Ano Pastoral<\/strong> na Missa \u00e0s 11h. <strong>Retiro<\/strong> das crian\u00e7as da 1\u00aa Comunh\u00e3o.&nbsp; &nbsp;&nbsp;<\/p>\n\n\n\n<p>Durante esta semana os padres redentoristas participar\u00e3o da <strong>Assembleia Provincial<\/strong>. Na sua aus\u00eancia as missas ser\u00e3o celebradas por <strong>Pe. Maikel<\/strong>, mission\u00e1rio redentorista brasileiro, atualmente professor da Academia Afonsiana em Roma.<\/p>\n\n\n\n<p>A partir de m\u00eas de outubro ser\u00e3o retomadas as <strong>peregrina\u00e7\u00f5es para F\u00e1tima<\/strong>. A pr\u00f3xima peregrina\u00e7\u00e3o acontecer\u00e1 no s\u00e1bado, <strong>dia 02 de outubro<\/strong>. Inscri\u00e7\u00f5es na Secretaria da Par\u00f3quia ou com D. Mariana. Pre\u00e7o da passagem 13\u20ac.<\/p>\n\n\n\n<p><strong>Inscri\u00e7\u00f5es da Catequese<\/strong>, a partir do dia 25 de setembro.&nbsp; Est\u00e3o abertas tamb\u00e9m, na secretaria da Par\u00f3quia, as inscri\u00e7\u00f5es de <strong>adultos<\/strong> para os <strong>Sacramentos de Inicia\u00e7\u00e3o<\/strong>.&nbsp;<\/p>\n\n\n\n<p>Vamos tentar organizar um grupo de paroquianos para fazer uma <strong>peregrina\u00e7\u00e3o \u00e0 Pol\u00f3nia<\/strong>, no m\u00eas de <strong>mar\u00e7o de 2022<\/strong>. Informa\u00e7\u00f5es na Secretaria da Par\u00f3quia.&nbsp;<\/p>\n\n\n\n<p><strong>Aos aniversariantes desta semana<\/strong>: <strong>Iara<\/strong> In\u00eas Barroso Batista, <strong>\u00c9rica<\/strong> Carneiro Ambr\u00f3sio, <strong>Maria<\/strong> Lu\u00edsa Nunes Monteiro, <strong>Hugo<\/strong> Corte Neta Arnauth, <strong>Gabriela<\/strong> Nayol, <strong>In\u00eas<\/strong> Pires, <strong>Guilherme<\/strong> Lucas Santos Freitas Fraz\u00e3o e <strong>Leonor<\/strong> Fernandes Fonseca Duque, desejamos muitas e copiosas b\u00ean\u00e7\u00e3os do Senhor e prote\u00e7\u00e3o da M\u00e3e de Deus. Lembramos, que no dia do anivers\u00e1rio, \u00e0s 19h, rezamos uma <strong>missa em a\u00e7\u00e3o de gra\u00e7as<\/strong> pelo dom da vida de cada aniversariante.&nbsp;<\/p>\n\n\n\n<p><strong>Atendimento das confiss\u00f5es<\/strong>: pela manh\u00e3, \u00e0s 09h45; \u00e0 tarde, \u00e0s 18h15.&nbsp;<\/p>\n\n\n\n<p>Pe. Crist\u00f3v\u00e3o Dworak, CSsR \u2013 P\u00e1roco&nbsp;&nbsp;&nbsp;&nbsp;&nbsp;&nbsp;&nbsp;&nbsp;&nbsp;&nbsp;&nbsp;&nbsp;&nbsp;&nbsp;&nbsp;&nbsp;&nbsp;&nbsp;&nbsp;&nbsp;&nbsp;&nbsp;&nbsp;&nbsp;&nbsp;&nbsp;&nbsp;&nbsp;&nbsp;&nbsp;&nbsp;&nbsp;&nbsp;&nbsp;&nbsp;&nbsp;&nbsp;&nbsp;&nbsp;&nbsp;&nbsp;&nbsp;&nbsp;&nbsp;<\/p>\n\n\n\n<p>Damaia, 19 de Setembro de 2021<\/p>\n","protected":false},"excerpt":{"rendered":"<p>\u201cQuem quiser ser o primeiro ser\u00e1 o \u00faltimo de todos e servo de todos&#8220; Mc 9,35 Domingo | 19\/09 \u2013 Missas aos domingos, \u00e0s 09h; 11h; 19h. Missas na semana: \u00e0s 09h e \u00e0s 19h. 2\u00aa Feira | 20\/09 \u2013 Mem\u00f3ria de SS. Andr\u00e9 Kim e Companheiros, m\u00e1rtires. 3\u00aa Feira | 21\/09 \u2013 Festa de<a class=\"more-link\" href=\"https:\/\/www.paroquia-damaia.pt\/old\/comunicacoes-paroquiais-19-09-2021\/\">Continuar lendo <span class=\"screen-reader-text\">&#8220;Comunica\u00e7\u00f5es Paroquiais &#8211; 19\/09\/2021&#8221;<\/span><\/a><\/p>\n","protected":false},"author":3,"featured_media":29088,"comment_status":"closed","ping_status":"open","sticky":false,"template":"","format":"standard","meta":{"footnotes":""},"categories":[4],"tags":[],"class_list":["post-29086","post","type-post","status-publish","format-standard","has-post-thumbnail","hentry","category-avisos-paroquiais","entry"],"_links":{"self":[{"href":"https:\/\/www.paroquia-damaia.pt\/old\/wp-json\/wp\/v2\/posts\/29086","targetHints":{"allow":["GET"]}}],"collection":[{"href":"https:\/\/www.paroquia-damaia.pt\/old\/wp-json\/wp\/v2\/posts"}],"about":[{"href":"https:\/\/www.paroquia-damaia.pt\/old\/wp-json\/wp\/v2\/types\/post"}],"author":[{"embeddable":true,"href":"https:\/\/www.paroquia-damaia.pt\/old\/wp-json\/wp\/v2\/users\/3"}],"replies":[{"embeddable":true,"href":"https:\/\/www.paroquia-damaia.pt\/old\/wp-json\/wp\/v2\/comments?post=29086"}],"version-history":[{"count":1,"href":"https:\/\/www.paroquia-damaia.pt\/old\/wp-json\/wp\/v2\/posts\/29086\/revisions"}],"predecessor-version":[{"id":29089,"href":"https:\/\/www.paroquia-damaia.pt\/old\/wp-json\/wp\/v2\/posts\/29086\/revisions\/29089"}],"wp:featuredmedia":[{"embeddable":true,"href":"https:\/\/www.paroquia-damaia.pt\/old\/wp-json\/wp\/v2\/media\/29088"}],"wp:attachment":[{"href":"https:\/\/www.paroquia-damaia.pt\/old\/wp-json\/wp\/v2\/media?parent=29086"}],"wp:term":[{"taxonomy":"category","embeddable":true,"href":"https:\/\/www.paroquia-damaia.pt\/old\/wp-json\/wp\/v2\/categories?post=29086"},{"taxonomy":"post_tag","embeddable":true,"href":"https:\/\/www.paroquia-damaia.pt\/old\/wp-json\/wp\/v2\/tags?post=29086"}],"curies":[{"name":"wp","href":"https:\/\/api.w.org\/{rel}","templated":true}]}}