{"id":29096,"date":"2021-09-27T08:31:56","date_gmt":"2021-09-27T08:31:56","guid":{"rendered":"https:\/\/www.paroquia-damaia.pt\/old\/?p=29096"},"modified":"2021-10-03T10:57:59","modified_gmt":"2021-10-03T10:57:59","slug":"inscricoes-catequese-2021-22","status":"publish","type":"post","link":"https:\/\/www.paroquia-damaia.pt\/old\/inscricoes-catequese-2021-22\/","title":{"rendered":"Inscri\u00e7\u00f5es Catequese 2021-22"},"content":{"rendered":"\n\n\n<p>Ano pastoral 2021-2022<br><br>\u00abMaria levantou-se e partiu apressadamente\u00bb (Lc 1, 39) \u00e9 a cita\u00e7\u00e3o b\u00edblica que nos conduzir\u00e1 \u00e0 pr\u00f3xima Jornada Mundial da Juventude que ter\u00e1 lugar em Lisboa, no ano de 2023.<br><br>Neste sentido, a Catequese de Lisboa prop\u00f5e como objectivo do ano \u201cEnvolver toda a catequese na prepara\u00e7\u00e3o e viv\u00eancia da Jornada Mundial da Juventude Lisboa 2023, aprofundando as din\u00e2micas do S\u00ednodo Diocesano de Lisboa, realizando o \u201csonho mission\u00e1rio de chegar a todos\u201d.\u201d<br>Na nossa comunidade, recome\u00e7amos a catequese com alegria e disponibilidade para acolher a todos. Os desafios s\u00e3o enormes, emergentes da viv\u00eancia da pandemia, mas confiando na nossa M\u00e3e, Maria, e animados pelo Esp\u00edrito Santo queremos dizer \u201csim\u201d, levantarmo-nos e partir apressadamente.<br><br>Inscri\u00e7\u00f5es online de 25 Setembro a 3 Outubro<br>Apoio presencial nos dias: 26 Setembro, domingo, 10h15-11h e 12h-12h30; 28 Setembro, ter\u00e7a-feira, 18h30-20h; 30 Setembro, quinta-feira, 18h30-20h.<br>Acolhimento aos pais (somente pais): nos dias 6, 7 e 8 Outubro 19h15.<br>In\u00edcio da catequese na semana de dia 10 Outubro, no dia e hora escolhidos.<\/p>\n\n\n\n<p><\/p>\n\n\n\n <div class=\"_df_book df-lite\" id=\"df_29117\"  _slug=\"guia-inscricao-catequese\" data-title=\"guia-inscricao-catequese\" wpoptions=\"true\" thumbtype=\"\" ><\/div><script class=\"df-shortcode-script\" type=\"application\/javascript\">window.option_df_29117 = {\"webgl\":\"true\",\"height\":\"auto\",\"duration\":800,\"hard\":\"none\",\"direction\":1,\"wpOptions\":\"true\"}; if(window.DFLIP && window.DFLIP.parseBooks){window.DFLIP.parseBooks();}<\/script> \n","protected":false},"excerpt":{"rendered":"<p>Ano pastoral 2021-2022 \u00abMaria levantou-se e partiu apressadamente\u00bb (Lc 1, 39) \u00e9 a cita\u00e7\u00e3o b\u00edblica que nos conduzir\u00e1 \u00e0 pr\u00f3xima Jornada Mundial da Juventude que ter\u00e1 lugar em Lisboa, no ano de 2023. Neste sentido, a Catequese de Lisboa prop\u00f5e como objectivo do ano \u201cEnvolver toda a catequese na prepara\u00e7\u00e3o e viv\u00eancia da Jornada Mundial<a class=\"more-link\" href=\"https:\/\/www.paroquia-damaia.pt\/old\/inscricoes-catequese-2021-22\/\">Continuar lendo <span class=\"screen-reader-text\">&#8220;Inscri\u00e7\u00f5es Catequese 2021-22&#8221;<\/span><\/a><\/p>\n","protected":false},"author":6,"featured_media":937,"comment_status":"closed","ping_status":"open","sticky":false,"template":"","format":"standard","meta":{"footnotes":""},"categories":[4],"tags":[],"class_list":["post-29096","post","type-post","status-publish","format-standard","has-post-thumbnail","hentry","category-avisos-paroquiais","entry"],"_links":{"self":[{"href":"https:\/\/www.paroquia-damaia.pt\/old\/wp-json\/wp\/v2\/posts\/29096","targetHints":{"allow":["GET"]}}],"collection":[{"href":"https:\/\/www.paroquia-damaia.pt\/old\/wp-json\/wp\/v2\/posts"}],"about":[{"href":"https:\/\/www.paroquia-damaia.pt\/old\/wp-json\/wp\/v2\/types\/post"}],"author":[{"embeddable":true,"href":"https:\/\/www.paroquia-damaia.pt\/old\/wp-json\/wp\/v2\/users\/6"}],"replies":[{"embeddable":true,"href":"https:\/\/www.paroquia-damaia.pt\/old\/wp-json\/wp\/v2\/comments?post=29096"}],"version-history":[{"count":2,"href":"https:\/\/www.paroquia-damaia.pt\/old\/wp-json\/wp\/v2\/posts\/29096\/revisions"}],"predecessor-version":[{"id":29120,"href":"https:\/\/www.paroquia-damaia.pt\/old\/wp-json\/wp\/v2\/posts\/29096\/revisions\/29120"}],"wp:featuredmedia":[{"embeddable":true,"href":"https:\/\/www.paroquia-damaia.pt\/old\/wp-json\/wp\/v2\/media\/937"}],"wp:attachment":[{"href":"https:\/\/www.paroquia-damaia.pt\/old\/wp-json\/wp\/v2\/media?parent=29096"}],"wp:term":[{"taxonomy":"category","embeddable":true,"href":"https:\/\/www.paroquia-damaia.pt\/old\/wp-json\/wp\/v2\/categories?post=29096"},{"taxonomy":"post_tag","embeddable":true,"href":"https:\/\/www.paroquia-damaia.pt\/old\/wp-json\/wp\/v2\/tags?post=29096"}],"curies":[{"name":"wp","href":"https:\/\/api.w.org\/{rel}","templated":true}]}}