{"id":29104,"date":"2021-10-03T10:42:49","date_gmt":"2021-10-03T10:42:49","guid":{"rendered":"https:\/\/www.paroquia-damaia.pt\/old\/?p=29104"},"modified":"2021-10-03T10:46:21","modified_gmt":"2021-10-03T10:46:21","slug":"comunicacoes-paroquiais-03-10-2021","status":"publish","type":"post","link":"https:\/\/www.paroquia-damaia.pt\/old\/comunicacoes-paroquiais-03-10-2021\/","title":{"rendered":"Comunica\u00e7\u00f5es Paroquiais &#8211; 03\/10\/2021"},"content":{"rendered":"\n\n\n<blockquote class=\"wp-block-quote has-text-align-center is-style-large is-layout-flow wp-block-quote-is-layout-flow\"><p><strong><em>\u201cDesde o princ\u00edpio da cria\u00e7\u00e3o, Deus f\u00ea-los homem e mulher\u201d<\/em><\/strong><\/p><cite>(Mc 10,6)<\/cite><\/blockquote>\n\n\n\n<p><strong><u>Domingo | 03\/10<\/u><\/strong><strong> \u2013 Missas<\/strong> \u00e0s 09h; 11h; 19h. Come\u00e7a a <strong>Semana Nacional da Educa\u00e7\u00e3o Crist\u00e3<\/strong>. <strong>Missas na<\/strong> <strong>semana<\/strong>: \u00e0s 09h e \u00e0s 19h.<\/p>\n\n\n\n<p><strong><u>2\u00aa Feira | 04\/10<\/u><\/strong><strong> \u2013 <\/strong>Mem\u00f3ria de<strong> S. Francisco de Assis. <\/strong>Reuni\u00e3o <strong>do CEP, <\/strong>\u00e0s 19h.<strong> <\/strong>&nbsp;<\/p>\n\n\n\n<p><strong><u>3\u00aa Feira | 05\/10<\/u><\/strong><strong> \u2013 <\/strong>Mem\u00f3ria de<strong> Beato Francisco Xavier Sellos, <\/strong>redentorista e de <strong>S. Faustina Kowalska<\/strong>, religiosa.<\/p>\n\n\n\n<p><strong><u>4\u00aa Feira | 06\/10 <\/u><\/strong>\u2013 Memoria de <strong>S. Bruno, <\/strong>presb\u00edtero.<strong> <\/strong>Missas com a <strong>Novena Perp\u00e9tua <\/strong>e b\u00ean\u00e7\u00e3o da sa\u00fade. <strong>Novena a S. Jos\u00e9<\/strong>, \u00e0s 18h.&nbsp;<\/p>\n\n\n\n<p><strong><u>5\u00aa Feira | 07\/10<\/u><\/strong><strong> <\/strong>\u2013 Mem\u00f3ria da <strong>Virgem Santa Maria do Ros\u00e1rio<\/strong>. <strong>Adora\u00e7\u00e3o<\/strong> \u00e0s 18h15.&nbsp;&nbsp;<\/p>\n\n\n\n<p><strong><u>S\u00e1bado | 09\/10<\/u><\/strong><strong> <\/strong>\u2013 Mem\u00f3ria de <strong>SS. Dion\u00edsio e Companheiros<\/strong>, m\u00e1rtires; Beato <strong>Jo\u00e3o Newman<\/strong>, bispo. Batizados. Reuni\u00e3o do <strong>Conselho Pastoral Paroquial<\/strong>, \u00e0s 16h.&nbsp;&nbsp;&nbsp;<\/p>\n\n\n\n<p><strong><u>Domingo | 10\/10<\/u><\/strong><strong> \u2013<\/strong> <strong>28\u00ba Domingo TC<\/strong>.&nbsp; <strong>Missas<\/strong>, \u00e0s 09h; 11h e 19h. Missa da <strong>1\u00aa Comunh\u00e3o,<\/strong> as 16h.&nbsp; &nbsp;&nbsp;<\/p>\n\n\n\n<p><strong>Colabore com as obras<\/strong> realizadas no Centro Pastoral Paroquial Pe. Manuel Lopes, e ajude a pagar os compromissos que ainda precisam ser conclu\u00eddos. <strong>Envelopes na mesa<\/strong> da entrada para a igreja. Bem-haja.<\/p>\n\n\n\n<p><strong>Peregrina\u00e7\u00e3o<\/strong> a alguns santu\u00e1rios na <strong>Pol\u00f3nia<\/strong>, de <strong>29 de mar\u00e7o a 02 de abril<\/strong>, <strong>de 2022<\/strong>. Inscri\u00e7\u00f5es e informa\u00e7\u00f5es mais detalhadas na Secretaria da Par\u00f3quia.&nbsp;&nbsp;<\/p>\n\n\n\n<p><strong>Aos aniversariantes desta semana<\/strong>: <strong>Mariana<\/strong> Morais, <strong>Jos\u00e9 Ant\u00f3nio<\/strong> Oliveira Isidoro, <strong>Maria Em\u00edlia<\/strong> Macedo Mota, <strong>Laura<\/strong> Teixeira Dias, e <strong>Marta<\/strong> Henriques desejamos muitas e copiosas b\u00ean\u00e7\u00e3os do Senhor e prote\u00e7\u00e3o da M\u00e3e de Deus. Lembramos, que no dia do anivers\u00e1rio rezamos uma <strong>missa em a\u00e7\u00e3o de gra\u00e7as<\/strong> pelo dom da vida de cada aniversariante, \u00e0s 19h.&nbsp;<\/p>\n\n\n\n<p>Leve consigo ou para o seu vizinho cat\u00f3lico a edi\u00e7\u00e3o de outubro do <strong>Apelo do Redentor<\/strong>. Leia tamb\u00e9m esta edi\u00e7\u00e3o no site da Par\u00f3quia.<\/p>\n\n\n\n<p><strong>Consultas de psicologia<\/strong> para quem mais precisa ser\u00e3o disponibilizadas na Par\u00f3quia aos domingos \u00e0 tarde. Quem estiver interessado, por favor procure mais informa\u00e7\u00f5es na Secretaria da Par\u00f3quia.<\/p>\n\n\n\n<p>A partir desta semana ser\u00e1 instalado no complexo paroquial o <strong>sistema de videovigil\u00e2ncia<\/strong>, para garantir mais seguran\u00e7a \u00e0 igreja e a todos que frequentam as nossas instala\u00e7\u00f5es. Obrigado pela compreens\u00e3o.&nbsp;&nbsp;<\/p>\n\n\n\n<p>Pe. Crist\u00f3v\u00e3o Dworak, CSsR \u2013 P\u00e1roco&nbsp;&nbsp;&nbsp;&nbsp;&nbsp;&nbsp;&nbsp;&nbsp;&nbsp;&nbsp;&nbsp;&nbsp;&nbsp;&nbsp;&nbsp;&nbsp;&nbsp;&nbsp;&nbsp;&nbsp;&nbsp;&nbsp;&nbsp;&nbsp;&nbsp;&nbsp;&nbsp;&nbsp;&nbsp;&nbsp;&nbsp;&nbsp;&nbsp;&nbsp;&nbsp;&nbsp;&nbsp;&nbsp;&nbsp;&nbsp;&nbsp;&nbsp;&nbsp;&nbsp;<\/p>\n\n\n\n<p>Damaia, 03 de outubro de 2021<\/p>\n","protected":false},"excerpt":{"rendered":"<p>\u201cDesde o princ\u00edpio da cria\u00e7\u00e3o, Deus f\u00ea-los homem e mulher\u201d (Mc 10,6) Domingo | 03\/10 \u2013 Missas \u00e0s 09h; 11h; 19h. Come\u00e7a a Semana Nacional da Educa\u00e7\u00e3o Crist\u00e3. Missas na semana: \u00e0s 09h e \u00e0s 19h. 2\u00aa Feira | 04\/10 \u2013 Mem\u00f3ria de S. Francisco de Assis. Reuni\u00e3o do CEP, \u00e0s 19h. &nbsp; 3\u00aa Feira<a class=\"more-link\" href=\"https:\/\/www.paroquia-damaia.pt\/old\/comunicacoes-paroquiais-03-10-2021\/\">Continuar lendo <span class=\"screen-reader-text\">&#8220;Comunica\u00e7\u00f5es Paroquiais &#8211; 03\/10\/2021&#8221;<\/span><\/a><\/p>\n","protected":false},"author":5,"featured_media":29105,"comment_status":"closed","ping_status":"open","sticky":false,"template":"","format":"standard","meta":{"footnotes":""},"categories":[4],"tags":[],"class_list":["post-29104","post","type-post","status-publish","format-standard","has-post-thumbnail","hentry","category-avisos-paroquiais","entry"],"_links":{"self":[{"href":"https:\/\/www.paroquia-damaia.pt\/old\/wp-json\/wp\/v2\/posts\/29104","targetHints":{"allow":["GET"]}}],"collection":[{"href":"https:\/\/www.paroquia-damaia.pt\/old\/wp-json\/wp\/v2\/posts"}],"about":[{"href":"https:\/\/www.paroquia-damaia.pt\/old\/wp-json\/wp\/v2\/types\/post"}],"author":[{"embeddable":true,"href":"https:\/\/www.paroquia-damaia.pt\/old\/wp-json\/wp\/v2\/users\/5"}],"replies":[{"embeddable":true,"href":"https:\/\/www.paroquia-damaia.pt\/old\/wp-json\/wp\/v2\/comments?post=29104"}],"version-history":[{"count":2,"href":"https:\/\/www.paroquia-damaia.pt\/old\/wp-json\/wp\/v2\/posts\/29104\/revisions"}],"predecessor-version":[{"id":29107,"href":"https:\/\/www.paroquia-damaia.pt\/old\/wp-json\/wp\/v2\/posts\/29104\/revisions\/29107"}],"wp:featuredmedia":[{"embeddable":true,"href":"https:\/\/www.paroquia-damaia.pt\/old\/wp-json\/wp\/v2\/media\/29105"}],"wp:attachment":[{"href":"https:\/\/www.paroquia-damaia.pt\/old\/wp-json\/wp\/v2\/media?parent=29104"}],"wp:term":[{"taxonomy":"category","embeddable":true,"href":"https:\/\/www.paroquia-damaia.pt\/old\/wp-json\/wp\/v2\/categories?post=29104"},{"taxonomy":"post_tag","embeddable":true,"href":"https:\/\/www.paroquia-damaia.pt\/old\/wp-json\/wp\/v2\/tags?post=29104"}],"curies":[{"name":"wp","href":"https:\/\/api.w.org\/{rel}","templated":true}]}}