{"id":29314,"date":"2021-10-10T19:17:00","date_gmt":"2021-10-10T19:17:00","guid":{"rendered":"https:\/\/www.paroquia-damaia.pt\/old\/?p=29314"},"modified":"2021-10-11T19:21:23","modified_gmt":"2021-10-11T19:21:23","slug":"comunicacoes-paroquiais-10-10-2021","status":"publish","type":"post","link":"https:\/\/www.paroquia-damaia.pt\/old\/comunicacoes-paroquiais-10-10-2021\/","title":{"rendered":"Comunica\u00e7\u00f5es Paroquiais &#8211; 10\/10\/2021"},"content":{"rendered":"\n\n\n<blockquote class=\"wp-block-quote has-text-align-center is-style-large is-layout-flow wp-block-quote-is-layout-flow\"><p><strong><em>\u201cBom Mestre, que hei de fazer para alcan\u00e7ar a vida eterna?\u201d<\/em><\/strong><\/p><cite>(Mc 10,17)<\/cite><\/blockquote>\n\n\n\n<p><strong><u>Domingo | 10\/10<\/u><\/strong><strong> \u2013 Missas<\/strong> \u00e0s 09h; 11h; 19h. Missa da<strong> 1\u00aa Eucaristia<\/strong> do 5\u00ba cat., \u00e0s 15h.<\/p>\n\n\n\n<p><strong><u>2\u00aa Feira | 11\/10<\/u><\/strong><strong> \u2013 <\/strong>Mem\u00f3ria de <strong>S. Jo\u00e3o XXIII, <\/strong>Papa.<strong>&nbsp; <\/strong>&nbsp;<\/p>\n\n\n\n<p><strong><u>3\u00aa Feira | 12\/10<\/u><\/strong><strong> \u2013 Ter\u00e7o Jubilar das Apari\u00e7\u00f5es, <\/strong>no Jardim Pe. Manuel Lopes, no Largo da Igreja,<strong> <\/strong>\u00e0s 21h. Trazer velas.<strong> <\/strong>&nbsp;<\/p>\n\n\n\n<p><strong><u>4\u00aa Feira | 13\/10 <\/u><\/strong>\u2013 <strong>Tr\u00edduo<\/strong> de S. Gerardo. Missas com a <strong>Novena Perp\u00e9tua <\/strong>e b\u00ean\u00e7\u00e3o da sa\u00fade. <strong>Novena a S. Jos\u00e9<\/strong>, \u00e0s 18h. Reuni\u00e3o da <strong>Coordena\u00e7\u00e3o da Catequese<\/strong>, \u00e0s 21h.&nbsp;<\/p>\n\n\n\n<p><strong><u>5\u00aa Feira | 14\/10<\/u><\/strong><strong> <\/strong>\u2013 Mem\u00f3ria de <strong>S. Calisto<\/strong>, Papa e M\u00e1rtir. <strong>Adora\u00e7\u00e3o<\/strong> \u00e0s 18h15. <strong>Ter\u00e7o Mission\u00e1rio<\/strong> pelas voca\u00e7\u00f5es promovido pelo <strong>Sector de Anima\u00e7\u00e3o Vocacional<\/strong> do Patriarcado de Lisboa, \u00e0s 21h. Venha e reze connosco. <strong>Tr\u00edduo<\/strong> de S. Gerardo.&nbsp;<\/p>\n\n\n\n<p><strong><u>6\u00aa Feira | 15\/10 <\/u><\/strong><strong>\u2013 <\/strong>Mem\u00f3ria de<strong> S. Teresa de Jesus, <\/strong>virgem e Doutora da Igreja. <strong>Reuni\u00e3o da Vigararia<\/strong>. Encontro para pais e padrinhos, \u00e0s 20h. Reuni\u00e3o do <strong>Conselho Permanente<\/strong>, \u00e0s 21h.<\/p>\n\n\n\n<p><strong><u>S\u00e1bado | 16\/10<\/u><\/strong><strong> <\/strong>\u2013 Festa de <strong>S. Gerardo Majella<\/strong>, redentorista.&nbsp; Encontro de <strong>Leitores<\/strong>, \u00e0s 16h.&nbsp;&nbsp;&nbsp;&nbsp;<\/p>\n\n\n\n<p><strong><u>Domingo | 17\/10<\/u><\/strong><strong> \u2013<\/strong> <strong>28\u00ba Domingo TC<\/strong>.&nbsp; <strong>Missas<\/strong>, \u00e0s 09h; 11h e 19h. <strong>Missa de Bodas<\/strong>, \u00e0s 16h; Reuni\u00e3o dos <strong>MEC<\/strong>, \u00e0s 17h.&nbsp;&nbsp; &nbsp;&nbsp;<\/p>\n\n\n\n<p><strong>Colabore com as obras<\/strong> realizadas no Centro Pastoral Paroquial Pe. Manuel Lopes, e ajude a pagar os compromissos que ainda precisam ser conclu\u00eddos. <strong>Envelopes na mesa<\/strong> da entrada para a igreja. Bem-haja.<\/p>\n\n\n\n<p><strong>Peregrina\u00e7\u00e3o<\/strong> a alguns santu\u00e1rios na <strong>Pol\u00f3nia<\/strong>, de <strong>29 de mar\u00e7o a 02 de abril<\/strong>, <strong>de 2022<\/strong>. Data-limite de inscri\u00e7\u00f5es <strong>at\u00e9 o dia 11 de dezembro<\/strong> de 2021. Informa\u00e7\u00f5es mais detalhadas na Secretaria.&nbsp;&nbsp;<\/p>\n\n\n\n<p><strong>Aos aniversariantes desta semana<\/strong>: <strong>Henrique<\/strong> Xavier Valente, <strong>Sofia<\/strong> Alexandra Pereira Paiva, <strong>Santiago<\/strong> Sim\u00f5es Anast\u00e1cio, <strong>Arminda<\/strong> do Ros\u00e1rio Neves, <strong>Maria<\/strong> S\u00e3o Pedro Alves, <strong>Tiago<\/strong> Admilson Tavares Cunha, <strong>Maria<\/strong> Margarida Silvestre, <strong>Fabiana<\/strong> Alexandra Coelho Mendes, <strong>Anilton<\/strong> Ant\u00f3nio Borges Mendes desejamos muitas e copiosas b\u00ean\u00e7\u00e3os do Senhor e prote\u00e7\u00e3o da M\u00e3e de Deus. Lembramos, que no dia do anivers\u00e1rio rezamos uma <strong>missa em a\u00e7\u00e3o de gra\u00e7as<\/strong> pelo dom da vida de cada aniversariante, \u00e0s 19h.&nbsp;<\/p>\n\n\n\n<p><strong>Consultas com psic\u00f3loga, <\/strong>aqui na Par\u00f3quia, a partir do dia 24 de outubro. Informa\u00e7\u00f5esna Secretaria.<\/p>\n\n\n\n<p>A partir desta semana contamos com o <strong>sistema de videovigil\u00e2ncia<\/strong>, para garantir mais seguran\u00e7a \u00e0 igreja e a todos que frequentam as instala\u00e7\u00f5es paroquias.&nbsp;<\/p>\n\n\n\n<p><strong>Peregrina\u00e7\u00e3o a F\u00e1tima<\/strong>, no dia 06 de novembro. Inscri\u00e7\u00f5es na secretaria da Par\u00f3quia.&nbsp;<\/p>\n\n\n\n<p>Pe. Crist\u00f3v\u00e3o Dworak, CSsR \u2013 P\u00e1roco&nbsp;&nbsp;&nbsp;&nbsp;&nbsp;&nbsp;&nbsp;&nbsp;&nbsp;&nbsp;&nbsp;&nbsp;&nbsp;&nbsp;&nbsp;&nbsp;&nbsp;&nbsp;&nbsp;&nbsp;&nbsp;&nbsp;&nbsp;&nbsp;&nbsp;&nbsp;&nbsp;&nbsp;&nbsp;&nbsp;&nbsp;&nbsp;&nbsp;&nbsp;&nbsp;&nbsp;&nbsp;&nbsp;&nbsp;&nbsp;&nbsp;&nbsp;&nbsp;&nbsp;<\/p>\n\n\n\n<p>Damaia, 10 de outubro de 2021<\/p>\n","protected":false},"excerpt":{"rendered":"<p>\u201cBom Mestre, que hei de fazer para alcan\u00e7ar a vida eterna?\u201d (Mc 10,17) Domingo | 10\/10 \u2013 Missas \u00e0s 09h; 11h; 19h. Missa da 1\u00aa Eucaristia do 5\u00ba cat., \u00e0s 15h. 2\u00aa Feira | 11\/10 \u2013 Mem\u00f3ria de S. Jo\u00e3o XXIII, Papa.&nbsp; &nbsp; 3\u00aa Feira | 12\/10 \u2013 Ter\u00e7o Jubilar das Apari\u00e7\u00f5es, no Jardim Pe.<a class=\"more-link\" href=\"https:\/\/www.paroquia-damaia.pt\/old\/comunicacoes-paroquiais-10-10-2021\/\">Continuar lendo <span class=\"screen-reader-text\">&#8220;Comunica\u00e7\u00f5es Paroquiais &#8211; 10\/10\/2021&#8221;<\/span><\/a><\/p>\n","protected":false},"author":5,"featured_media":29315,"comment_status":"closed","ping_status":"open","sticky":false,"template":"","format":"standard","meta":{"footnotes":""},"categories":[4],"tags":[],"class_list":["post-29314","post","type-post","status-publish","format-standard","has-post-thumbnail","hentry","category-avisos-paroquiais","entry"],"_links":{"self":[{"href":"https:\/\/www.paroquia-damaia.pt\/old\/wp-json\/wp\/v2\/posts\/29314","targetHints":{"allow":["GET"]}}],"collection":[{"href":"https:\/\/www.paroquia-damaia.pt\/old\/wp-json\/wp\/v2\/posts"}],"about":[{"href":"https:\/\/www.paroquia-damaia.pt\/old\/wp-json\/wp\/v2\/types\/post"}],"author":[{"embeddable":true,"href":"https:\/\/www.paroquia-damaia.pt\/old\/wp-json\/wp\/v2\/users\/5"}],"replies":[{"embeddable":true,"href":"https:\/\/www.paroquia-damaia.pt\/old\/wp-json\/wp\/v2\/comments?post=29314"}],"version-history":[{"count":1,"href":"https:\/\/www.paroquia-damaia.pt\/old\/wp-json\/wp\/v2\/posts\/29314\/revisions"}],"predecessor-version":[{"id":29316,"href":"https:\/\/www.paroquia-damaia.pt\/old\/wp-json\/wp\/v2\/posts\/29314\/revisions\/29316"}],"wp:featuredmedia":[{"embeddable":true,"href":"https:\/\/www.paroquia-damaia.pt\/old\/wp-json\/wp\/v2\/media\/29315"}],"wp:attachment":[{"href":"https:\/\/www.paroquia-damaia.pt\/old\/wp-json\/wp\/v2\/media?parent=29314"}],"wp:term":[{"taxonomy":"category","embeddable":true,"href":"https:\/\/www.paroquia-damaia.pt\/old\/wp-json\/wp\/v2\/categories?post=29314"},{"taxonomy":"post_tag","embeddable":true,"href":"https:\/\/www.paroquia-damaia.pt\/old\/wp-json\/wp\/v2\/tags?post=29314"}],"curies":[{"name":"wp","href":"https:\/\/api.w.org\/{rel}","templated":true}]}}