{"id":29640,"date":"2021-10-17T09:53:00","date_gmt":"2021-10-17T09:53:00","guid":{"rendered":"https:\/\/www.paroquia-damaia.pt\/old\/?p=29640"},"modified":"2022-02-26T17:57:37","modified_gmt":"2022-02-26T17:57:37","slug":"comunicacoes-paroquiais-17-10-2021","status":"publish","type":"post","link":"https:\/\/www.paroquia-damaia.pt\/old\/comunicacoes-paroquiais-17-10-2021\/","title":{"rendered":"Comunica\u00e7\u00f5es Paroquiais &#8211;  \t17\/10\/2021"},"content":{"rendered":"<nav style=\"background-color: #f6f6f6;\" class=\"has-background items-justified-center alignfull wp-block-navigation is-content-justification-center is-layout-flex wp-container-core-navigation-is-layout-1 wp-block-navigation-is-layout-flex\" aria-label=\"Navigation 3\"><ul style=\"background-color: #f6f6f6;\" class=\"wp-block-navigation__container has-background items-justified-center alignfull wp-block-navigation\"><li class=\" wp-block-navigation-item wp-block-navigation-link\"><a class=\"wp-block-navigation-item__content\"  href=\"https:\/\/www.paroquia-damaia.pt\/old\" rel=\"\"><span class=\"wp-block-navigation-item__label\">In\u00edcio<\/span><\/a><\/li><li data-wp-context=\"{ &quot;submenuOpenedBy&quot;: { &quot;click&quot;: false, &quot;hover&quot;: false, &quot;focus&quot;: false }, &quot;type&quot;: &quot;submenu&quot; }\" data-wp-interactive=\"core\/navigation\" data-wp-on--focusout=\"actions.handleMenuFocusout\" data-wp-on--keydown=\"actions.handleMenuKeydown\" data-wp-on-async--mouseenter=\"actions.openMenuOnHover\" data-wp-on-async--mouseleave=\"actions.closeMenuOnHover\" data-wp-watch=\"callbacks.initMenu\" tabindex=\"-1\" class=\" wp-block-navigation-item has-child open-on-hover-click wp-block-navigation-submenu\"><a class=\"wp-block-navigation-item__content\" href=\"http:\/\/paroquia-damaia.pt\/acolhimento\/\">A Par\u00f3quia<\/a><button data-wp-bind--aria-expanded=\"state.isMenuOpen\" data-wp-on-async--click=\"actions.toggleMenuOnClick\" aria-label=\"A Par\u00f3quia submenu\" class=\"wp-block-navigation__submenu-icon wp-block-navigation-submenu__toggle\" ><svg xmlns=\"http:\/\/www.w3.org\/2000\/svg\" width=\"12\" height=\"12\" viewBox=\"0 0 12 12\" fill=\"none\" aria-hidden=\"true\" focusable=\"false\"><path d=\"M1.50002 4L6.00002 8L10.5 4\" stroke-width=\"1.5\"><\/path><\/svg><\/button><ul data-wp-on-async--focus=\"actions.openMenuOnFocus\" class=\"wp-block-navigation__submenu-container wp-block-navigation-submenu\"><li class=\" wp-block-navigation-item wp-block-navigation-link\"><a class=\"wp-block-navigation-item__content\"  href=\"https:\/\/www.paroquia-damaia.pt\/old\/acolhimento\/\"><span class=\"wp-block-navigation-item__label\">Acolhimento<\/span><\/a><\/li><li class=\" wp-block-navigation-item wp-block-navigation-link\"><a class=\"wp-block-navigation-item__content\"  href=\"https:\/\/www.paroquia-damaia.pt\/old\/o-paroco-vigario-e-diaconos-da-comunidade\/\"><span class=\"wp-block-navigation-item__label\">O P\u00e1roco, Vig\u00e1rio e Di\u00e1conos da\u00a0Comunidade<\/span><\/a><\/li><li class=\" wp-block-navigation-item wp-block-navigation-link\"><a class=\"wp-block-navigation-item__content\"  href=\"https:\/\/www.paroquia-damaia.pt\/old\/a-nossa-historia\/\"><span class=\"wp-block-navigation-item__label\">A Nossa Hist\u00f3ria<\/span><\/a><\/li><\/ul><\/li><li data-wp-context=\"{ &quot;submenuOpenedBy&quot;: { &quot;click&quot;: false, &quot;hover&quot;: false, &quot;focus&quot;: false }, &quot;type&quot;: &quot;submenu&quot; }\" data-wp-interactive=\"core\/navigation\" data-wp-on--focusout=\"actions.handleMenuFocusout\" data-wp-on--keydown=\"actions.handleMenuKeydown\" data-wp-on-async--mouseenter=\"actions.openMenuOnHover\" data-wp-on-async--mouseleave=\"actions.closeMenuOnHover\" data-wp-watch=\"callbacks.initMenu\" tabindex=\"-1\" class=\" wp-block-navigation-item has-child open-on-hover-click wp-block-navigation-submenu\"><a class=\"wp-block-navigation-item__content\" href=\"https:\/\/paroquia-damaia.pt\/catequese\/\">Evangeliza\u00e7\u00e3o<\/a><button data-wp-bind--aria-expanded=\"state.isMenuOpen\" data-wp-on-async--click=\"actions.toggleMenuOnClick\" aria-label=\"Evangeliza\u00e7\u00e3o submenu\" class=\"wp-block-navigation__submenu-icon wp-block-navigation-submenu__toggle\" ><svg xmlns=\"http:\/\/www.w3.org\/2000\/svg\" width=\"12\" height=\"12\" viewBox=\"0 0 12 12\" fill=\"none\" aria-hidden=\"true\" focusable=\"false\"><path d=\"M1.50002 4L6.00002 8L10.5 4\" stroke-width=\"1.5\"><\/path><\/svg><\/button><ul data-wp-on-async--focus=\"actions.openMenuOnFocus\" class=\"wp-block-navigation__submenu-container wp-block-navigation-submenu\"><li data-wp-context=\"{ &quot;submenuOpenedBy&quot;: { &quot;click&quot;: false, &quot;hover&quot;: false, &quot;focus&quot;: false }, &quot;type&quot;: &quot;submenu&quot; }\" data-wp-interactive=\"core\/navigation\" data-wp-on--focusout=\"actions.handleMenuFocusout\" data-wp-on--keydown=\"actions.handleMenuKeydown\" data-wp-on-async--mouseenter=\"actions.openMenuOnHover\" data-wp-on-async--mouseleave=\"actions.closeMenuOnHover\" data-wp-watch=\"callbacks.initMenu\" tabindex=\"-1\" class=\" wp-block-navigation-item has-child open-on-hover-click wp-block-navigation-submenu\"><a class=\"wp-block-navigation-item__content\" href=\"https:\/\/paroquia-damaia.pt\/catequese\/\">Catequese<\/a><button data-wp-bind--aria-expanded=\"state.isMenuOpen\" data-wp-on-async--click=\"actions.toggleMenuOnClick\" aria-label=\"Catequese submenu\" class=\"wp-block-navigation__submenu-icon wp-block-navigation-submenu__toggle\" ><svg xmlns=\"http:\/\/www.w3.org\/2000\/svg\" width=\"12\" height=\"12\" viewBox=\"0 0 12 12\" fill=\"none\" aria-hidden=\"true\" focusable=\"false\"><path d=\"M1.50002 4L6.00002 8L10.5 4\" stroke-width=\"1.5\"><\/path><\/svg><\/button><ul data-wp-on-async--focus=\"actions.openMenuOnFocus\" class=\"wp-block-navigation__submenu-container wp-block-navigation-submenu\"><li class=\" wp-block-navigation-item wp-block-navigation-link\"><a class=\"wp-block-navigation-item__content\"  href=\"https:\/\/paroquia-damaia.pt\/catequese\"><span class=\"wp-block-navigation-item__label\">Inf\u00e2ntil<\/span><\/a><\/li><li class=\" wp-block-navigation-item wp-block-navigation-link\"><a class=\"wp-block-navigation-item__content\"  href=\"https:\/\/paroquia-damaia.pt\/catequese-adultos\/\"><span class=\"wp-block-navigation-item__label\">Adultos<\/span><\/a><\/li><\/ul><\/li><li class=\" wp-block-navigation-item wp-block-navigation-link\"><a class=\"wp-block-navigation-item__content\"  href=\"https:\/\/paroquia-damaia.pt\/grupo-de-jovens\/\"><span class=\"wp-block-navigation-item__label\">Grupo de Jovens<\/span><\/a><\/li><li class=\" wp-block-navigation-item wp-block-navigation-link\"><a class=\"wp-block-navigation-item__content\"  href=\"http:\/\/paroquia-damaia.pt\/damaia-a-caminho\"><span class=\"wp-block-navigation-item__label\">Damaia a Caminho<\/span><\/a><\/li><li class=\" wp-block-navigation-item wp-block-navigation-link\"><a class=\"wp-block-navigation-item__content\"  href=\"https:\/\/paroquia-damaia.pt\/escuteiros-255-damaia\/\"><span class=\"wp-block-navigation-item__label\">Escuteiros 255-Damaia<\/span><\/a><\/li><li class=\" wp-block-navigation-item wp-block-navigation-link\"><a class=\"wp-block-navigation-item__content\"  href=\"https:\/\/paroquia-damaia.pt\/encontros-de-preparacao-batismo-e-encontros-de-preparacao-matrimonio\/\"><span class=\"wp-block-navigation-item__label\">Encontros de Prepara\u00e7\u00e3o Batismo e Encontros de Prepara\u00e7\u00e3o\u00a0Matrim\u00f3nio<\/span><\/a><\/li><li class=\" wp-block-navigation-item wp-block-navigation-link\"><a class=\"wp-block-navigation-item__content\"  href=\"https:\/\/paroquia-damaia.pt\/grupos-de-reflexao\/\"><span class=\"wp-block-navigation-item__label\">Grupos de Reflex\u00e3o<\/span><\/a><\/li><\/ul><\/li><li data-wp-context=\"{ &quot;submenuOpenedBy&quot;: { &quot;click&quot;: false, &quot;hover&quot;: false, &quot;focus&quot;: false }, &quot;type&quot;: &quot;submenu&quot; }\" data-wp-interactive=\"core\/navigation\" data-wp-on--focusout=\"actions.handleMenuFocusout\" data-wp-on--keydown=\"actions.handleMenuKeydown\" data-wp-on-async--mouseenter=\"actions.openMenuOnHover\" data-wp-on-async--mouseleave=\"actions.closeMenuOnHover\" data-wp-watch=\"callbacks.initMenu\" tabindex=\"-1\" class=\" wp-block-navigation-item has-child open-on-hover-click wp-block-navigation-submenu\"><a class=\"wp-block-navigation-item__content\" href=\"https:\/\/paroquia-damaia.pt\/missas\/\">Missas e Celebra\u00e7\u00f5es<\/a><button data-wp-bind--aria-expanded=\"state.isMenuOpen\" data-wp-on-async--click=\"actions.toggleMenuOnClick\" aria-label=\"Missas e Celebra\u00e7\u00f5es submenu\" class=\"wp-block-navigation__submenu-icon wp-block-navigation-submenu__toggle\" ><svg xmlns=\"http:\/\/www.w3.org\/2000\/svg\" width=\"12\" height=\"12\" viewBox=\"0 0 12 12\" fill=\"none\" aria-hidden=\"true\" focusable=\"false\"><path d=\"M1.50002 4L6.00002 8L10.5 4\" stroke-width=\"1.5\"><\/path><\/svg><\/button><ul data-wp-on-async--focus=\"actions.openMenuOnFocus\" class=\"wp-block-navigation__submenu-container wp-block-navigation-submenu\"><li class=\" wp-block-navigation-item wp-block-navigation-link\"><a class=\"wp-block-navigation-item__content\"  href=\"https:\/\/paroquia-damaia.pt\/missas\/\"><span class=\"wp-block-navigation-item__label\">Celebra\u00e7\u00f5es<\/span><\/a><\/li><li class=\" wp-block-navigation-item wp-block-navigation-link\"><a class=\"wp-block-navigation-item__content\"  href=\"https:\/\/paroquia-damaia.pt\/pastoral-liturgica\/\"><span class=\"wp-block-navigation-item__label\">Pastoral Lit\u00fargica<\/span><\/a><\/li><\/ul><\/li><li class=\" wp-block-navigation-item wp-block-navigation-link\"><a class=\"wp-block-navigation-item__content\"  href=\"https:\/\/paroquia-damaia.pt\/caridade\/\"><span class=\"wp-block-navigation-item__label\">Caridade<\/span><\/a><\/li><li class=\" wp-block-navigation-item wp-block-navigation-link\"><a class=\"wp-block-navigation-item__content\"  href=\"https:\/\/paroquia-damaia.pt\/secretaria-paroquial\/\"><span class=\"wp-block-navigation-item__label\">Secretaria Paroquial<\/span><\/a><\/li><li class=\" wp-block-navigation-item wp-block-navigation-link\"><a class=\"wp-block-navigation-item__content\"  href=\"https:\/\/www.paroquia-damaia.pt\/old\/wyd-2023-lisboa\/\" title=\"WYD 2023 - Lisbon\"><span class=\"wp-block-navigation-item__label\">WYD 2023 &#8211; Lisbon<\/span><\/a><\/li><\/ul><\/nav>\n\n\n<blockquote class=\"wp-block-quote has-text-align-center is-style-large is-layout-flow wp-block-quote-is-layout-flow\"><p>\u201c<em><strong>O Filho do homem veio para dar a vida pela reden\u00e7\u00e3o de todos\u201d<\/strong><\/em><\/p><cite>(Mc 10,45)<\/cite><\/blockquote>\n\n\n\n<p><strong>Domingo | 17\/10<\/strong><strong> \u2013 Missa<\/strong> de Bodas, (<strong>25- anos do Matr.)<\/strong>, as 15h30. Reuni\u00e3o dos <strong>MEC<\/strong>, \u00e0s 17h.<\/p>\n\n\n\n<p><strong>2\u00aa Feira | 18\/10<\/strong>\u2013 Festa de<strong> S. Lucas, <\/strong>Evangelista<strong>. Reuni\u00e3o do COP, <\/strong>na Buraca, \u00e0s 21h.<\/p>\n\n\n\n<p><strong>3\u00aa Feira | 19\/10<\/strong><strong> \u2013 <\/strong>Mem\u00f3ria de <strong>SS. Jo\u00e3o de Br\u00e9beuf; Issac Jogues e Companheiros, <\/strong>M\u00e1rtires;<strong> S. Paulo da Cruz, <\/strong>presb\u00edtero.Reuni\u00e3o de<strong> Assistentes de Escuteiros, <\/strong>as 10h.<\/p>\n\n\n\n<p><strong>4\u00aa Feira | 20\/10 <\/strong>\u2013 Missas com a <strong>Novena Perp\u00e9tua <\/strong>e b\u00ean\u00e7\u00e3o da sa\u00fade. <strong>Novena a S. Jos\u00e9<\/strong>, \u00e0s 18h.<\/p>\n\n\n\n<p><strong>5\u00aa Feira | 21\/10<\/strong>\u2013 <strong>Adora\u00e7\u00e3o<\/strong> \u00e0s 18h15. <strong>Di\u00e1logo<\/strong> com noivos, \u00e0s 20h.<\/p>\n\n\n\n<p><strong>6\u00aa Feira | 22\/10 <\/strong><strong>\u2013 <\/strong>Mem\u00f3ria de<strong> S. Jo\u00e3o Paulo II. Confiss\u00e3o <\/strong>de crismandos, \u00e0s 19h30.<\/p>\n\n\n\n<p><strong>S\u00e1bado | 23\/10<\/strong>\u2013 Mem\u00f3ria de <strong>S. Jo\u00e3o de Capistrano<\/strong>, presb\u00edtero. <strong>Confiss\u00f5es<\/strong> da 1\u00aa Eucaristia, \u00e0s 1oh. <strong>Missa com<\/strong> <strong>Crisma<\/strong>, presidida por D. Joaquim Mendes, \u00e0s 16h.<\/p>\n\n\n\n<p><strong>Domingo | 24\/10<\/strong><strong> \u2013<\/strong> 30\u00ba Domingo TC. <strong>Missa a 1\u00aa Eucaristia <\/strong>do 3\u00ba Catecismo, \u00e0s 15h. In\u00edcio da Semana Mission\u00e1ria Paroquial. Ofert\u00f3rio para as <strong>Miss\u00f5es<\/strong>.<\/p>\n\n\n\n<p><strong>Colabore com as obras<\/strong> realizadas no Centro Pastoral Paroquial Pe. Manuel Lopes, e ajude a pagar os compromissos que ainda precisam ser conclu\u00eddos. <strong>Envelopes na mesa<\/strong> da entrada para a igreja. Bem-haja.<\/p>\n\n\n\n<p><strong>Peregrina\u00e7\u00e3o<\/strong> \u00e0 <strong>Pol\u00f3nia<\/strong>. Data-limite de inscri\u00e7\u00f5es <strong>at\u00e9 o dia 11 de dezembro<\/strong> de 2021. Informa\u00e7\u00f5es mais detalhadas na Secretaria.<\/p>\n\n\n\n<p><strong>Aos aniversariantes desta semana<\/strong>: <strong>Anilton<\/strong> Ant\u00f3nio Borges Mendes, <strong>Ant\u00f3nio<\/strong> Maria Bai\u00e3o, <strong>Jos\u00e9<\/strong> Ferraz Rama, <strong>Elisa<\/strong> Gomes Amaro, <strong>Beatriz<\/strong> de Campos Esteves Alves, <strong>Maria<\/strong> de Jesus, <strong>Melissa<\/strong> Pereira, <strong>Jos\u00e9<\/strong> Carlos P. Henrique, <strong>M\u00e1rio<\/strong> Rui Barbosa Vaz, <strong>Zeliza<\/strong> Fortes, <strong>Adriano<\/strong> Neto de Matos, <strong>Irene<\/strong> Maria Silva Sampaio e <strong>Gabriela<\/strong> Nayol Coelho Mendes desejamos muitas e copiosas b\u00ean\u00e7\u00e3os do Senhor e prote\u00e7\u00e3o da M\u00e3e de Deus.<\/p>\n\n\n\n<p><strong>Consultas com psic\u00f3loga, <\/strong>aqui na Par\u00f3quia, a partir do dia 24 de outubro. Informa\u00e7\u00f5esna Secretaria.<\/p>\n\n\n\n<p><strong>Convidamos os membros de todos os coros<\/strong> a fazer parte do canto do <strong>Akathistos<\/strong>, que ser\u00e1 realizado no dia 08 de dezembro, \u00e0s 17h. Confira as datas de ensaios.<\/p>\n\n\n\n<p>Infelizmente, este ano <strong>temos menos catequistas<\/strong>. Se algu\u00e9m gostava de <strong>ajudar nesta miss\u00e3o<\/strong>, por favor, fale com o P\u00e1roco ou com a coordenadora da Catequese, Marta Ant\u00e3o. Na oportunidade <strong>agradecemos a todos os catequistas<\/strong> que exerceram este minist\u00e9rio ao longo do ano passado. Bem-haja.<\/p>\n\n\n\n<p><strong>Peregrina\u00e7\u00e3o a F\u00e1tima<\/strong>, no dia 06 de novembro. Inscri\u00e7\u00f5es na secretaria da Par\u00f3quia.<\/p>\n\n\n\n<p>Convidamos os nossos <strong>ac\u00f3litos<\/strong> a retomarem as suas atividades, como j\u00e1 acontece em muitas par\u00f3quias.<\/p>\n\n\n\n<p>Pe. Crist\u00f3v\u00e3o Dworak, CSsR \u2013 P\u00e1roco<\/p>\n\n\n\n<p>Damaia, 17 de outubro de 2021<\/p>\n","protected":false},"excerpt":{"rendered":"<p>\u201cO Filho do homem veio para dar a vida pela reden\u00e7\u00e3o de todos\u201d (Mc 10,45) Domingo | 17\/10 \u2013 Missa de Bodas, (25- anos do Matr.), as 15h30. Reuni\u00e3o dos MEC, \u00e0s 17h. 2\u00aa Feira | 18\/10\u2013 Festa de S. Lucas, Evangelista. Reuni\u00e3o do COP, na Buraca, \u00e0s 21h. 3\u00aa Feira | 19\/10 \u2013 Mem\u00f3ria<a class=\"more-link\" href=\"https:\/\/www.paroquia-damaia.pt\/old\/comunicacoes-paroquiais-17-10-2021\/\">Continuar lendo <span class=\"screen-reader-text\">&#8220;Comunica\u00e7\u00f5es Paroquiais &#8211;  \t17\/10\/2021&#8221;<\/span><\/a><\/p>\n","protected":false},"author":5,"featured_media":29641,"comment_status":"closed","ping_status":"open","sticky":false,"template":"","format":"standard","meta":{"footnotes":""},"categories":[4],"tags":[],"class_list":["post-29640","post","type-post","status-publish","format-standard","has-post-thumbnail","hentry","category-avisos-paroquiais","entry"],"_links":{"self":[{"href":"https:\/\/www.paroquia-damaia.pt\/old\/wp-json\/wp\/v2\/posts\/29640","targetHints":{"allow":["GET"]}}],"collection":[{"href":"https:\/\/www.paroquia-damaia.pt\/old\/wp-json\/wp\/v2\/posts"}],"about":[{"href":"https:\/\/www.paroquia-damaia.pt\/old\/wp-json\/wp\/v2\/types\/post"}],"author":[{"embeddable":true,"href":"https:\/\/www.paroquia-damaia.pt\/old\/wp-json\/wp\/v2\/users\/5"}],"replies":[{"embeddable":true,"href":"https:\/\/www.paroquia-damaia.pt\/old\/wp-json\/wp\/v2\/comments?post=29640"}],"version-history":[{"count":3,"href":"https:\/\/www.paroquia-damaia.pt\/old\/wp-json\/wp\/v2\/posts\/29640\/revisions"}],"predecessor-version":[{"id":32119,"href":"https:\/\/www.paroquia-damaia.pt\/old\/wp-json\/wp\/v2\/posts\/29640\/revisions\/32119"}],"wp:featuredmedia":[{"embeddable":true,"href":"https:\/\/www.paroquia-damaia.pt\/old\/wp-json\/wp\/v2\/media\/29641"}],"wp:attachment":[{"href":"https:\/\/www.paroquia-damaia.pt\/old\/wp-json\/wp\/v2\/media?parent=29640"}],"wp:term":[{"taxonomy":"category","embeddable":true,"href":"https:\/\/www.paroquia-damaia.pt\/old\/wp-json\/wp\/v2\/categories?post=29640"},{"taxonomy":"post_tag","embeddable":true,"href":"https:\/\/www.paroquia-damaia.pt\/old\/wp-json\/wp\/v2\/tags?post=29640"}],"curies":[{"name":"wp","href":"https:\/\/api.w.org\/{rel}","templated":true}]}}