{"id":3021,"date":"2021-06-27T13:05:11","date_gmt":"2021-06-27T13:05:11","guid":{"rendered":"https:\/\/www.paroquia-damaia.pt\/old\/?p=3021"},"modified":"2021-06-27T13:05:11","modified_gmt":"2021-06-27T13:05:11","slug":"comunicacoes-paroquiais-27-06-2021","status":"publish","type":"post","link":"https:\/\/www.paroquia-damaia.pt\/old\/comunicacoes-paroquiais-27-06-2021\/","title":{"rendered":"Comunica\u00e7\u00f5es Paroquiais &#8211; 27\/06\/2021"},"content":{"rendered":"\n<p class=\"has-text-align-center\"><strong>Ano Jubilar da Igreja Paroquial<\/strong><\/p>\n\n\n\n<p class=\"has-text-align-center\"><strong>Solenidade de Nossa Senhora do Perp\u00e9tuo Socorro<\/strong><\/p>\n\n\n\n<p class=\"has-text-align-center\"><strong>Jubileu dos 40 anos da Dedica\u00e7\u00e3o da Igreja Paroquial ao Sant\u00edssimo Redentor<\/strong><\/p>\n\n\n\n\n\n<blockquote class=\"wp-block-quote has-text-align-center is-style-large is-layout-flow wp-block-quote-is-layout-flow\"><p><strong><em>\u201cMulher, eis o teu filho! (\u2026) Eis a tua m\u00e3e!\u201d<\/em><\/strong><\/p><cite>(Jo 19,26.27)<\/cite><\/blockquote>\n\n\n\n<p><\/p>\n\n\n\n<p><strong><u>Domingo | 27\/06<\/u><\/strong><strong> \u2013 <\/strong>Solenidade de <strong>Nossa Senhora do Perp\u00e9tuo Socorro<\/strong>. <strong>Missas<\/strong>: S\u00e1bado \u00e0s 19h; Domingo \u00e0s 17h e 19h. <strong>Comemora\u00e7\u00e3o dos 40 anos da Dedica\u00e7\u00e3o da Igreja Paroquial<\/strong> ao Sant\u00edssimo Redentor, este domingo, \u00e0s 10h30. <strong>B\u00ean\u00e7\u00e3o das placas comemorativas<\/strong> do Jardim Pe. Manuel Lopes e do Centro Pastoral Paroquial Pe. Manuel Lopes, neste domingo antes e depois da missa das 10h30.&nbsp;&nbsp;&nbsp;&nbsp;&nbsp;&nbsp;&nbsp;&nbsp; &nbsp;&nbsp;&nbsp;&nbsp;<\/p>\n\n\n\n<p><strong><u>2\u00aa Feira | 28\/06&nbsp; <\/u><\/strong>&nbsp;\u2013 <strong>Mem\u00f3ria de B. Nicolau Charnetsky e Companheiros<\/strong>, m\u00e1rtires redentoristas.<\/p>\n\n\n\n<p><strong><u>3\u00aa Feira | 29\/06 <\/u><\/strong>\u2013 Solenidade de <strong>S. Pedro e s. Paulo, <\/strong>Ap\u00f3stolos.<strong> <\/strong>&nbsp;&nbsp;&nbsp;<\/p>\n\n\n\n<p><strong><u>4\u00aa Feira | 30\/06 <\/u><\/strong>\u2013 Mem\u00f3ria de <strong>Beato Janu\u00e1rio Sarnelli<\/strong>, redentorista. Missas com a <strong>Novena Perp\u00e9tua <\/strong>e b\u00ean\u00e7\u00e3o da sa\u00fade. <strong>Novena a S. Jos\u00e9<\/strong>, \u00e0s 18h.&nbsp;<\/p>\n\n\n\n<p><strong><u>5\u00aa Feira | 01\/07<\/u><\/strong><strong> <\/strong>\u2013 <strong>Adora\u00e7\u00e3o, <\/strong>\u00e0s 18h15.&nbsp;<\/p>\n\n\n\n<p><strong><u>6\u00aa Feira | 02\/07<\/u><\/strong><strong> <\/strong>&nbsp;&nbsp;&#8211; <strong>1\u00aa Sexta-feira<\/strong> do m\u00eas. Missas com a B\u00ean\u00e7\u00e3o do Sant\u00edssimo Sacramento.<\/p>\n\n\n\n<p><strong><u>S\u00e1bado | 03\/<\/u><\/strong><strong>07 \u2013 <\/strong>Festa de<strong> S. Tom\u00e9, <\/strong>Ap\u00f3stolo.&nbsp;&nbsp;&nbsp;&nbsp;&nbsp;<\/p>\n\n\n\n<p><strong><u>Domingo | 04\/07<\/u><\/strong><strong> <\/strong>\u2013 <strong>14\u00ba Domingo TC<\/strong>. Missas \u00e0s 09h; 11h; 17h; 19h. Missa \u00e0s 11h ser\u00e1 presidida por D. Joaquim Mendes. <strong>Profiss\u00e3o de f\u00e9<\/strong> do 7\u00ba Catecismo, \u00e0s 15h.&nbsp;&nbsp;<\/p>\n\n\n\n<p>Nossos sinceros <strong>agradecimentos<\/strong> pelo apoio e pela colabora\u00e7\u00e3o de todos nas obras que foram realizadas at\u00e9 hoje no Centro Pastoral Paroquial. Agradecemos tamb\u00e9m a todas as <strong>equipas<\/strong> que se empenharam na prepara\u00e7\u00e3o das festas de Nossa Senhora do Perp\u00e9tuo Socorro e dos 40 anos da dedica\u00e7\u00e3o da Igreja Paroquial da Damaia ao Sant\u00edssimo Redentor. Bem-haja a todos. Nosso agradecimento tamb\u00e9m \u00e0 <strong>C\u00e2mara Municipal da Amadora<\/strong> e \u00e0 <strong>Junta de Freguesia de \u00c1guas Livres<\/strong> pelo empenho e indispens\u00e1vel apoio para a realiza\u00e7\u00e3o de projetos propostos.&nbsp;&nbsp;&nbsp;&nbsp;&nbsp;<\/p>\n\n\n\n<p>&nbsp;Aos aniversariantes desta semana que iniciamos: <strong>Maria In\u00eas<\/strong> Calvino; <strong>Ana Catarina<\/strong> da Silva Gouveia Santos; <strong>Mariana Abreu<\/strong> Tapadas Marques; <strong>Maria Irene<\/strong> Gomes Alves; <strong>J\u00falio C\u00e9sar<\/strong> Lopes Barbosa; <strong>Admir Aderito<\/strong> da Silva Cabral; <strong>Admara Azabel<\/strong> da Silva Cabral desejamos muitas e copiosas b\u00ean\u00e7\u00e3os do Senhor e prote\u00e7\u00e3o da M\u00e3e de Deus.&nbsp;&nbsp;<\/p>\n\n\n\n<p><strong>Peregrina\u00e7\u00e3o \u00e0 Pol\u00f3nia<\/strong>, foi transferida para o m\u00eas de abril de 2022.&nbsp;&nbsp;&nbsp;&nbsp;&nbsp;&nbsp;<\/p>\n\n\n\n<p>Pe. Crist\u00f3v\u00e3o Dworak, CSsR \u2013 P\u00e1roco&nbsp;&nbsp;&nbsp;&nbsp;&nbsp;&nbsp;&nbsp;&nbsp;&nbsp;&nbsp;&nbsp;&nbsp;&nbsp;&nbsp;&nbsp;&nbsp;&nbsp;&nbsp;&nbsp;&nbsp;&nbsp;&nbsp;&nbsp;&nbsp;&nbsp;&nbsp;&nbsp;&nbsp;&nbsp;&nbsp;&nbsp;&nbsp;&nbsp;&nbsp;&nbsp;&nbsp;&nbsp;&nbsp;&nbsp;&nbsp;&nbsp;&nbsp;&nbsp;&nbsp;<\/p>\n\n\n\n<p>Damaia, 27 de Junho de 2021<\/p>\n","protected":false},"excerpt":{"rendered":"<p>Ano Jubilar da Igreja Paroquial Solenidade de Nossa Senhora do Perp\u00e9tuo Socorro Jubileu dos 40 anos da Dedica\u00e7\u00e3o da Igreja Paroquial ao Sant\u00edssimo Redentor \u201cMulher, eis o teu filho! (\u2026) Eis a tua m\u00e3e!\u201d (Jo 19,26.27) Domingo | 27\/06 \u2013 Solenidade de Nossa Senhora do Perp\u00e9tuo Socorro. Missas: S\u00e1bado \u00e0s 19h; Domingo \u00e0s 17h e<a class=\"more-link\" href=\"https:\/\/www.paroquia-damaia.pt\/old\/comunicacoes-paroquiais-27-06-2021\/\">Continuar lendo <span class=\"screen-reader-text\">&#8220;Comunica\u00e7\u00f5es Paroquiais &#8211; 27\/06\/2021&#8221;<\/span><\/a><\/p>\n","protected":false},"author":5,"featured_media":1023,"comment_status":"closed","ping_status":"open","sticky":false,"template":"","format":"standard","meta":{"footnotes":""},"categories":[4],"tags":[],"class_list":["post-3021","post","type-post","status-publish","format-standard","has-post-thumbnail","hentry","category-avisos-paroquiais","entry"],"_links":{"self":[{"href":"https:\/\/www.paroquia-damaia.pt\/old\/wp-json\/wp\/v2\/posts\/3021","targetHints":{"allow":["GET"]}}],"collection":[{"href":"https:\/\/www.paroquia-damaia.pt\/old\/wp-json\/wp\/v2\/posts"}],"about":[{"href":"https:\/\/www.paroquia-damaia.pt\/old\/wp-json\/wp\/v2\/types\/post"}],"author":[{"embeddable":true,"href":"https:\/\/www.paroquia-damaia.pt\/old\/wp-json\/wp\/v2\/users\/5"}],"replies":[{"embeddable":true,"href":"https:\/\/www.paroquia-damaia.pt\/old\/wp-json\/wp\/v2\/comments?post=3021"}],"version-history":[{"count":1,"href":"https:\/\/www.paroquia-damaia.pt\/old\/wp-json\/wp\/v2\/posts\/3021\/revisions"}],"predecessor-version":[{"id":3022,"href":"https:\/\/www.paroquia-damaia.pt\/old\/wp-json\/wp\/v2\/posts\/3021\/revisions\/3022"}],"wp:featuredmedia":[{"embeddable":true,"href":"https:\/\/www.paroquia-damaia.pt\/old\/wp-json\/wp\/v2\/media\/1023"}],"wp:attachment":[{"href":"https:\/\/www.paroquia-damaia.pt\/old\/wp-json\/wp\/v2\/media?parent=3021"}],"wp:term":[{"taxonomy":"category","embeddable":true,"href":"https:\/\/www.paroquia-damaia.pt\/old\/wp-json\/wp\/v2\/categories?post=3021"},{"taxonomy":"post_tag","embeddable":true,"href":"https:\/\/www.paroquia-damaia.pt\/old\/wp-json\/wp\/v2\/tags?post=3021"}],"curies":[{"name":"wp","href":"https:\/\/api.w.org\/{rel}","templated":true}]}}