{"id":3180,"date":"2021-07-04T10:32:14","date_gmt":"2021-07-04T10:32:14","guid":{"rendered":"https:\/\/www.paroquia-damaia.pt\/old\/?p=3180"},"modified":"2021-07-04T10:32:14","modified_gmt":"2021-07-04T10:32:14","slug":"comunicacoes-paroquiais-04-07-2021","status":"publish","type":"post","link":"https:\/\/www.paroquia-damaia.pt\/old\/comunicacoes-paroquiais-04-07-2021\/","title":{"rendered":"Comunica\u00e7\u00f5es Paroquiais &#8211; 04\/07\/2021"},"content":{"rendered":"\n<p class=\"has-text-align-center\"><strong>Ano Jubilar da Igreja Paroquial<\/strong><\/p>\n\n\n\n\n\n<blockquote class=\"wp-block-quote has-text-align-center is-style-large is-layout-flow wp-block-quote-is-layout-flow\"><p><strong><em>\u201cQue sabedoria \u00e9 esta que Lhe foi dada e os prod\u00edgios milagrosos feitos por suas m\u00e3os\u201d<\/em><\/strong><\/p><cite>(Mc 6,2)<\/cite><\/blockquote>\n\n\n\n<p><strong><u>Domingo | 04\/07<\/u><\/strong><strong> \u2013 14\u00ba Domingo TC<\/strong>. Missas \u00e0s 09h; 11h; 17h; 19h. Missa \u00e0s 11h ser\u00e1 presidida por <strong>D. Joaquim Mendes<\/strong>. <strong>Profiss\u00e3o de f\u00e9<\/strong> do 7\u00ba Catecismo, \u00e0s 15h.&nbsp;&nbsp;&nbsp;&nbsp;&nbsp;&nbsp;&nbsp;&nbsp; &nbsp;&nbsp;&nbsp;&nbsp;<\/p>\n\n\n\n<p><strong><u>2\u00aa Feira | 05\/07&nbsp; <\/u><\/strong>&nbsp;\u2013 Mem\u00f3ria de<strong> S. Ant\u00f3nio Maria Zacarias<\/strong>, presb\u00edtero.<\/p>\n\n\n\n<p><strong><u>3\u00aa Feira | 06\/07 <\/u><\/strong>\u2013 Mem\u00f3ria de <strong>S. Maria Goretti<\/strong>, virgem e m\u00e1rtir. <strong>&nbsp;<\/strong>&nbsp;&nbsp;&nbsp;<\/p>\n\n\n\n<p><strong><u>4\u00aa Feira | 07\/00 <\/u><\/strong>\u2013 Missas com a <strong>Novena Perp\u00e9tua <\/strong>e b\u00ean\u00e7\u00e3o da sa\u00fade. <strong>Novena a S. Jos\u00e9<\/strong>, \u00e0s 18h.&nbsp;<\/p>\n\n\n\n<p><strong><u>5\u00aa Feira | 08\/07<\/u><\/strong><strong> <\/strong>\u2013 <strong>Adora\u00e7\u00e3o, <\/strong>\u00e0s 18h15.&nbsp;<\/p>\n\n\n\n<p><strong><u>6\u00aa Feira | 09\/07<\/u><\/strong><strong> <\/strong>&nbsp;&nbsp;&#8211; Mem\u00f3ria de SS. <strong>Agostinho Zao Rong e Companheiros<\/strong>, M\u00e1rtires. Encontro para <strong>Pais e Padrinhos<\/strong> (20h)<\/p>\n\n\n\n<p><strong>Aos aniversariantes desta semana<\/strong> que iniciamos: <strong>Maria de Lurdes<\/strong> Silva Sampaio Corte Real; <strong>Jo\u00e3o Tiago<\/strong> de Almeida Morgado; <strong>Maria Palmira<\/strong> Martina; <strong>Alzira de Jesus<\/strong> Oliveira Pires; <strong>Afonso Ribeiro<\/strong> de Cardoso; <strong>Rui Jorge<\/strong> Lopes Pereira; <strong>Diogo Alexandre<\/strong> da Silva de Pina; <strong>Maria L\u00facia<\/strong> Godinho; <strong>V\u00edtor Anselmo<\/strong> da Fonseca Santos Tapadas; <strong>Maria Lisd\u00e1lia<\/strong> Lucas dos Satos, desejamos muitas e copiosas b\u00ean\u00e7\u00e3os do Senhor e prote\u00e7\u00e3o da M\u00e3e de Deus.&nbsp;&nbsp;<\/p>\n\n\n\n<p>Levemos para as casas a \u00faltima edi\u00e7\u00e3o do <strong>Apelo do Redentor<\/strong> com tem\u00e1tica e fotos dos 40 Anos da Dedica\u00e7\u00e3o da Igreja.<\/p>\n\n\n\n<p>Pe. Crist\u00f3v\u00e3o Dworak, CSsR \u2013 P\u00e1roco&nbsp;&nbsp;&nbsp;&nbsp;&nbsp;&nbsp;&nbsp;&nbsp;&nbsp;&nbsp;&nbsp;&nbsp;&nbsp;&nbsp;&nbsp;&nbsp;&nbsp;&nbsp;&nbsp;&nbsp;&nbsp;&nbsp;&nbsp;&nbsp;&nbsp;&nbsp;&nbsp;&nbsp;&nbsp;&nbsp;&nbsp;&nbsp;&nbsp;&nbsp;&nbsp;&nbsp;&nbsp;&nbsp;&nbsp;&nbsp;&nbsp;&nbsp;&nbsp;&nbsp;<\/p>\n\n\n\n<p>Damaia, 04 de Julho de 2021<\/p>\n","protected":false},"excerpt":{"rendered":"<p>Ano Jubilar da Igreja Paroquial \u201cQue sabedoria \u00e9 esta que Lhe foi dada e os prod\u00edgios milagrosos feitos por suas m\u00e3os\u201d (Mc 6,2) Domingo | 04\/07 \u2013 14\u00ba Domingo TC. Missas \u00e0s 09h; 11h; 17h; 19h. Missa \u00e0s 11h ser\u00e1 presidida por D. Joaquim Mendes. Profiss\u00e3o de f\u00e9 do 7\u00ba Catecismo, \u00e0s 15h.&nbsp;&nbsp;&nbsp;&nbsp;&nbsp;&nbsp;&nbsp;&nbsp; &nbsp;&nbsp;&nbsp;&nbsp; 2\u00aa<a class=\"more-link\" href=\"https:\/\/www.paroquia-damaia.pt\/old\/comunicacoes-paroquiais-04-07-2021\/\">Continuar lendo <span class=\"screen-reader-text\">&#8220;Comunica\u00e7\u00f5es Paroquiais &#8211; 04\/07\/2021&#8221;<\/span><\/a><\/p>\n","protected":false},"author":5,"featured_media":3181,"comment_status":"closed","ping_status":"open","sticky":false,"template":"","format":"standard","meta":{"footnotes":""},"categories":[4],"tags":[],"class_list":["post-3180","post","type-post","status-publish","format-standard","has-post-thumbnail","hentry","category-avisos-paroquiais","entry"],"_links":{"self":[{"href":"https:\/\/www.paroquia-damaia.pt\/old\/wp-json\/wp\/v2\/posts\/3180","targetHints":{"allow":["GET"]}}],"collection":[{"href":"https:\/\/www.paroquia-damaia.pt\/old\/wp-json\/wp\/v2\/posts"}],"about":[{"href":"https:\/\/www.paroquia-damaia.pt\/old\/wp-json\/wp\/v2\/types\/post"}],"author":[{"embeddable":true,"href":"https:\/\/www.paroquia-damaia.pt\/old\/wp-json\/wp\/v2\/users\/5"}],"replies":[{"embeddable":true,"href":"https:\/\/www.paroquia-damaia.pt\/old\/wp-json\/wp\/v2\/comments?post=3180"}],"version-history":[{"count":1,"href":"https:\/\/www.paroquia-damaia.pt\/old\/wp-json\/wp\/v2\/posts\/3180\/revisions"}],"predecessor-version":[{"id":3182,"href":"https:\/\/www.paroquia-damaia.pt\/old\/wp-json\/wp\/v2\/posts\/3180\/revisions\/3182"}],"wp:featuredmedia":[{"embeddable":true,"href":"https:\/\/www.paroquia-damaia.pt\/old\/wp-json\/wp\/v2\/media\/3181"}],"wp:attachment":[{"href":"https:\/\/www.paroquia-damaia.pt\/old\/wp-json\/wp\/v2\/media?parent=3180"}],"wp:term":[{"taxonomy":"category","embeddable":true,"href":"https:\/\/www.paroquia-damaia.pt\/old\/wp-json\/wp\/v2\/categories?post=3180"},{"taxonomy":"post_tag","embeddable":true,"href":"https:\/\/www.paroquia-damaia.pt\/old\/wp-json\/wp\/v2\/tags?post=3180"}],"curies":[{"name":"wp","href":"https:\/\/api.w.org\/{rel}","templated":true}]}}