{"id":3184,"date":"2021-07-11T10:33:00","date_gmt":"2021-07-11T10:33:00","guid":{"rendered":"https:\/\/www.paroquia-damaia.pt\/old\/?p=3184"},"modified":"2021-07-04T10:38:16","modified_gmt":"2021-07-04T10:38:16","slug":"comunicacoes-paroquiais-11-07-2021","status":"publish","type":"post","link":"https:\/\/www.paroquia-damaia.pt\/old\/comunicacoes-paroquiais-11-07-2021\/","title":{"rendered":"Comunica\u00e7\u00f5es Paroquiais &#8211; 11\/07\/2021"},"content":{"rendered":"\n\n\n<blockquote class=\"wp-block-quote has-text-align-center is-style-large is-layout-flow wp-block-quote-is-layout-flow\"><p><strong><em>\u201cJesus chamou os Doze Ap\u00f3stolos e come\u00e7ou a envi\u00e1-los dois a dois\u201d<\/em><\/strong><\/p><cite>(Mc 6,7)<\/cite><\/blockquote>\n\n\n\n<p><strong><u>Domingo | 11\/07<\/u><\/strong><strong> \u2013 15\u00ba Domingo TC<\/strong>. Missas \u00e0s 09h; 11h; 17h; 19h.&nbsp;&nbsp;&nbsp;&nbsp;&nbsp;&nbsp;&nbsp;&nbsp;&nbsp; &nbsp;&nbsp;&nbsp;&nbsp;<\/p>\n\n\n\n<p><strong><u>2\u00aa Feira | 12\/07&nbsp; <\/u><\/strong>&nbsp;\u2013 <strong>Ter\u00e7o<\/strong> das Apari\u00e7\u00f5es, \u00e0s 21h. &nbsp;<\/p>\n\n\n\n<p><strong><u>4\u00aa Feira | 14\/00 <\/u><\/strong>\u2013 Mem\u00f3ria de <strong>S. Camilo de Lelis<\/strong>, presb\u00edtero. Missas com a <strong>Novena Perp\u00e9tua <\/strong>e b\u00ean\u00e7\u00e3o da sa\u00fade. <strong>Novena a S. Jos\u00e9<\/strong>, \u00e0s 18h.&nbsp;<\/p>\n\n\n\n<p><strong><u>5\u00aa Feira | 15\/07<\/u><\/strong><strong> <\/strong>\u2013 Mem\u00f3ria de <strong>S. Boaventura<\/strong>, bispo e doutor da Igreja. <strong>Adora\u00e7\u00e3o, <\/strong>\u00e0s 18h15. <strong>In\u00edcio do Tr\u00edduo<\/strong> em prepara\u00e7\u00e3o \u00e0 Solenidade do Sant\u00edssimo Redentor.&nbsp;<\/p>\n\n\n\n<p><strong><u>6\u00aa Feira | 16\/07<\/u><\/strong><strong> <\/strong>&nbsp;&nbsp;&#8211; Mem\u00f3ria de <strong>Nossa Senhora do Carmo<\/strong>. <strong>Tr\u00edduo<\/strong> em prepara\u00e7\u00e3o \u00e0 Solenidade do Sant\u00edssimo Redentor. Encontro para <strong>Pais e Padrinhos<\/strong> (20h).&nbsp;<\/p>\n\n\n\n<p><strong><u>S\u00e1bado | 17\/07<\/u><\/strong><strong> <\/strong>&nbsp;&nbsp;&#8211; Mem\u00f3ria de <strong>Beatos In\u00e1cio de Azevedo e Companheiros<\/strong>, m\u00e1rtires. <strong>Tr\u00edduo<\/strong> em prepara\u00e7\u00e3o \u00e0 Solenidade do Sant\u00edssimo Redentor.<\/p>\n\n\n\n<p><strong><u>Domingo | 18\/07<\/u><\/strong><strong> \u2013 Solenidade do Sant\u00edssimo Redentor, <\/strong>Titular da Congrega\u00e7\u00e3o Redentorista e da Par\u00f3quia da Damaia.<\/p>\n\n\n\n<p><strong>Aos aniversariantes desta semana<\/strong> que iniciamos: <strong>Carlos Tavares<\/strong>; <strong>Jo\u00e3o <\/strong>Pera <strong>Perdig\u00e3o<\/strong>; <strong>Jo\u00e3o Albino<\/strong> Pires; <strong>Fernanda<\/strong> F\u00e1tima <strong>Borges<\/strong>; <strong>Daniel Nunes<\/strong> Silva; <strong>Diogo Miguel<\/strong> de Almeida G\u00f3mez; <strong>Duarte Filipe<\/strong> de Almeida G\u00f3mez, <strong>Maria Manuela<\/strong> Gon\u00e7alves Ribeiro; <strong>Sandra<\/strong> Peres Gon\u00e7alves <strong>Ribeiro<\/strong>; <strong>Maria Cec\u00edlia<\/strong> Santos, desejamos muitas e copiosas b\u00ean\u00e7\u00e3os do Senhor e prote\u00e7\u00e3o da M\u00e3e de Deus.&nbsp;&nbsp;<\/p>\n\n\n\n<p>Levemos para as casas a \u00faltima edi\u00e7\u00e3o do <strong>Apelo do Redentor<\/strong> com tem\u00e1tica e fotos dos 40 Anos da Dedica\u00e7\u00e3o da Igreja.<\/p>\n\n\n\n<p>Pe. Crist\u00f3v\u00e3o Dworak, CSsR \u2013 P\u00e1roco&nbsp;&nbsp;&nbsp;&nbsp;&nbsp;&nbsp;&nbsp;&nbsp;&nbsp;&nbsp;&nbsp;&nbsp;&nbsp;&nbsp;&nbsp;&nbsp;&nbsp;&nbsp;&nbsp;&nbsp;&nbsp;&nbsp;&nbsp;&nbsp;&nbsp;&nbsp;&nbsp;&nbsp;&nbsp;&nbsp;&nbsp;&nbsp;&nbsp;&nbsp;&nbsp;&nbsp;&nbsp;&nbsp;&nbsp;&nbsp;&nbsp;&nbsp;&nbsp;&nbsp;<\/p>\n\n\n\n<p>Damaia, 11 de Julho de 2021<\/p>\n","protected":false},"excerpt":{"rendered":"<p>\u201cJesus chamou os Doze Ap\u00f3stolos e come\u00e7ou a envi\u00e1-los dois a dois\u201d (Mc 6,7) Domingo | 11\/07 \u2013 15\u00ba Domingo TC. Missas \u00e0s 09h; 11h; 17h; 19h.&nbsp;&nbsp;&nbsp;&nbsp;&nbsp;&nbsp;&nbsp;&nbsp;&nbsp; &nbsp;&nbsp;&nbsp;&nbsp; 2\u00aa Feira | 12\/07&nbsp; &nbsp;\u2013 Ter\u00e7o das Apari\u00e7\u00f5es, \u00e0s 21h. &nbsp; 4\u00aa Feira | 14\/00 \u2013 Mem\u00f3ria de S. Camilo de Lelis, presb\u00edtero. Missas com a Novena<a class=\"more-link\" href=\"https:\/\/www.paroquia-damaia.pt\/old\/comunicacoes-paroquiais-11-07-2021\/\">Continuar lendo <span class=\"screen-reader-text\">&#8220;Comunica\u00e7\u00f5es Paroquiais &#8211; 11\/07\/2021&#8221;<\/span><\/a><\/p>\n","protected":false},"author":5,"featured_media":3185,"comment_status":"closed","ping_status":"open","sticky":false,"template":"","format":"standard","meta":{"footnotes":""},"categories":[4],"tags":[],"class_list":["post-3184","post","type-post","status-publish","format-standard","has-post-thumbnail","hentry","category-avisos-paroquiais","entry"],"_links":{"self":[{"href":"https:\/\/www.paroquia-damaia.pt\/old\/wp-json\/wp\/v2\/posts\/3184","targetHints":{"allow":["GET"]}}],"collection":[{"href":"https:\/\/www.paroquia-damaia.pt\/old\/wp-json\/wp\/v2\/posts"}],"about":[{"href":"https:\/\/www.paroquia-damaia.pt\/old\/wp-json\/wp\/v2\/types\/post"}],"author":[{"embeddable":true,"href":"https:\/\/www.paroquia-damaia.pt\/old\/wp-json\/wp\/v2\/users\/5"}],"replies":[{"embeddable":true,"href":"https:\/\/www.paroquia-damaia.pt\/old\/wp-json\/wp\/v2\/comments?post=3184"}],"version-history":[{"count":1,"href":"https:\/\/www.paroquia-damaia.pt\/old\/wp-json\/wp\/v2\/posts\/3184\/revisions"}],"predecessor-version":[{"id":3186,"href":"https:\/\/www.paroquia-damaia.pt\/old\/wp-json\/wp\/v2\/posts\/3184\/revisions\/3186"}],"wp:featuredmedia":[{"embeddable":true,"href":"https:\/\/www.paroquia-damaia.pt\/old\/wp-json\/wp\/v2\/media\/3185"}],"wp:attachment":[{"href":"https:\/\/www.paroquia-damaia.pt\/old\/wp-json\/wp\/v2\/media?parent=3184"}],"wp:term":[{"taxonomy":"category","embeddable":true,"href":"https:\/\/www.paroquia-damaia.pt\/old\/wp-json\/wp\/v2\/categories?post=3184"},{"taxonomy":"post_tag","embeddable":true,"href":"https:\/\/www.paroquia-damaia.pt\/old\/wp-json\/wp\/v2\/tags?post=3184"}],"curies":[{"name":"wp","href":"https:\/\/api.w.org\/{rel}","templated":true}]}}