{"id":32543,"date":"2022-03-19T15:07:34","date_gmt":"2022-03-19T15:07:34","guid":{"rendered":"https:\/\/www.paroquia-damaia.pt\/old\/?p=32543"},"modified":"2022-03-19T15:07:34","modified_gmt":"2022-03-19T15:07:34","slug":"comunicacoes-paroquiais-20-03-2022","status":"publish","type":"post","link":"https:\/\/www.paroquia-damaia.pt\/old\/comunicacoes-paroquiais-20-03-2022\/","title":{"rendered":"Comunica\u00e7\u00f5es Paroquiais &#8211; 20\/03\/2022"},"content":{"rendered":"<nav style=\"background-color: #f6f6f6;\" class=\"has-background items-justified-center alignfull wp-block-navigation is-content-justification-center is-layout-flex wp-container-core-navigation-is-layout-1 wp-block-navigation-is-layout-flex\" aria-label=\"Navigation 3\"><ul style=\"background-color: #f6f6f6;\" class=\"wp-block-navigation__container has-background items-justified-center alignfull wp-block-navigation\"><li class=\" wp-block-navigation-item wp-block-navigation-link\"><a class=\"wp-block-navigation-item__content\"  href=\"https:\/\/www.paroquia-damaia.pt\/old\" rel=\"\"><span class=\"wp-block-navigation-item__label\">In\u00edcio<\/span><\/a><\/li><li data-wp-context=\"{ &quot;submenuOpenedBy&quot;: { &quot;click&quot;: false, &quot;hover&quot;: false, &quot;focus&quot;: false }, &quot;type&quot;: &quot;submenu&quot; }\" data-wp-interactive=\"core\/navigation\" data-wp-on--focusout=\"actions.handleMenuFocusout\" data-wp-on--keydown=\"actions.handleMenuKeydown\" data-wp-on-async--mouseenter=\"actions.openMenuOnHover\" data-wp-on-async--mouseleave=\"actions.closeMenuOnHover\" data-wp-watch=\"callbacks.initMenu\" tabindex=\"-1\" class=\" wp-block-navigation-item has-child open-on-hover-click wp-block-navigation-submenu\"><a class=\"wp-block-navigation-item__content\" href=\"http:\/\/paroquia-damaia.pt\/acolhimento\/\">A Par\u00f3quia<\/a><button data-wp-bind--aria-expanded=\"state.isMenuOpen\" data-wp-on-async--click=\"actions.toggleMenuOnClick\" aria-label=\"A Par\u00f3quia submenu\" class=\"wp-block-navigation__submenu-icon wp-block-navigation-submenu__toggle\" ><svg xmlns=\"http:\/\/www.w3.org\/2000\/svg\" width=\"12\" height=\"12\" viewBox=\"0 0 12 12\" fill=\"none\" aria-hidden=\"true\" focusable=\"false\"><path d=\"M1.50002 4L6.00002 8L10.5 4\" stroke-width=\"1.5\"><\/path><\/svg><\/button><ul data-wp-on-async--focus=\"actions.openMenuOnFocus\" class=\"wp-block-navigation__submenu-container wp-block-navigation-submenu\"><li class=\" wp-block-navigation-item wp-block-navigation-link\"><a class=\"wp-block-navigation-item__content\"  href=\"https:\/\/www.paroquia-damaia.pt\/old\/acolhimento\/\"><span class=\"wp-block-navigation-item__label\">Acolhimento<\/span><\/a><\/li><li class=\" wp-block-navigation-item wp-block-navigation-link\"><a class=\"wp-block-navigation-item__content\"  href=\"https:\/\/www.paroquia-damaia.pt\/old\/o-paroco-vigario-e-diaconos-da-comunidade\/\"><span class=\"wp-block-navigation-item__label\">O P\u00e1roco, Vig\u00e1rio e Di\u00e1conos da\u00a0Comunidade<\/span><\/a><\/li><li class=\" wp-block-navigation-item wp-block-navigation-link\"><a class=\"wp-block-navigation-item__content\"  href=\"https:\/\/www.paroquia-damaia.pt\/old\/a-nossa-historia\/\"><span class=\"wp-block-navigation-item__label\">A Nossa Hist\u00f3ria<\/span><\/a><\/li><\/ul><\/li><li data-wp-context=\"{ &quot;submenuOpenedBy&quot;: { &quot;click&quot;: false, &quot;hover&quot;: false, &quot;focus&quot;: false }, &quot;type&quot;: &quot;submenu&quot; }\" data-wp-interactive=\"core\/navigation\" data-wp-on--focusout=\"actions.handleMenuFocusout\" data-wp-on--keydown=\"actions.handleMenuKeydown\" data-wp-on-async--mouseenter=\"actions.openMenuOnHover\" data-wp-on-async--mouseleave=\"actions.closeMenuOnHover\" data-wp-watch=\"callbacks.initMenu\" tabindex=\"-1\" class=\" wp-block-navigation-item has-child open-on-hover-click wp-block-navigation-submenu\"><a class=\"wp-block-navigation-item__content\" href=\"https:\/\/paroquia-damaia.pt\/catequese\/\">Evangeliza\u00e7\u00e3o<\/a><button data-wp-bind--aria-expanded=\"state.isMenuOpen\" data-wp-on-async--click=\"actions.toggleMenuOnClick\" aria-label=\"Evangeliza\u00e7\u00e3o submenu\" class=\"wp-block-navigation__submenu-icon wp-block-navigation-submenu__toggle\" ><svg xmlns=\"http:\/\/www.w3.org\/2000\/svg\" width=\"12\" height=\"12\" viewBox=\"0 0 12 12\" fill=\"none\" aria-hidden=\"true\" focusable=\"false\"><path d=\"M1.50002 4L6.00002 8L10.5 4\" stroke-width=\"1.5\"><\/path><\/svg><\/button><ul data-wp-on-async--focus=\"actions.openMenuOnFocus\" class=\"wp-block-navigation__submenu-container wp-block-navigation-submenu\"><li data-wp-context=\"{ &quot;submenuOpenedBy&quot;: { &quot;click&quot;: false, &quot;hover&quot;: false, &quot;focus&quot;: false }, &quot;type&quot;: &quot;submenu&quot; }\" data-wp-interactive=\"core\/navigation\" data-wp-on--focusout=\"actions.handleMenuFocusout\" data-wp-on--keydown=\"actions.handleMenuKeydown\" data-wp-on-async--mouseenter=\"actions.openMenuOnHover\" data-wp-on-async--mouseleave=\"actions.closeMenuOnHover\" data-wp-watch=\"callbacks.initMenu\" tabindex=\"-1\" class=\" wp-block-navigation-item has-child open-on-hover-click wp-block-navigation-submenu\"><a class=\"wp-block-navigation-item__content\" href=\"https:\/\/paroquia-damaia.pt\/catequese\/\">Catequese<\/a><button data-wp-bind--aria-expanded=\"state.isMenuOpen\" data-wp-on-async--click=\"actions.toggleMenuOnClick\" aria-label=\"Catequese submenu\" class=\"wp-block-navigation__submenu-icon wp-block-navigation-submenu__toggle\" ><svg xmlns=\"http:\/\/www.w3.org\/2000\/svg\" width=\"12\" height=\"12\" viewBox=\"0 0 12 12\" fill=\"none\" aria-hidden=\"true\" focusable=\"false\"><path d=\"M1.50002 4L6.00002 8L10.5 4\" stroke-width=\"1.5\"><\/path><\/svg><\/button><ul data-wp-on-async--focus=\"actions.openMenuOnFocus\" class=\"wp-block-navigation__submenu-container wp-block-navigation-submenu\"><li class=\" wp-block-navigation-item wp-block-navigation-link\"><a class=\"wp-block-navigation-item__content\"  href=\"https:\/\/paroquia-damaia.pt\/catequese\"><span class=\"wp-block-navigation-item__label\">Inf\u00e2ntil<\/span><\/a><\/li><li class=\" wp-block-navigation-item wp-block-navigation-link\"><a class=\"wp-block-navigation-item__content\"  href=\"https:\/\/paroquia-damaia.pt\/catequese-adultos\/\"><span class=\"wp-block-navigation-item__label\">Adultos<\/span><\/a><\/li><\/ul><\/li><li class=\" wp-block-navigation-item wp-block-navigation-link\"><a class=\"wp-block-navigation-item__content\"  href=\"https:\/\/paroquia-damaia.pt\/grupo-de-jovens\/\"><span class=\"wp-block-navigation-item__label\">Grupo de Jovens<\/span><\/a><\/li><li class=\" wp-block-navigation-item wp-block-navigation-link\"><a class=\"wp-block-navigation-item__content\"  href=\"http:\/\/paroquia-damaia.pt\/damaia-a-caminho\"><span class=\"wp-block-navigation-item__label\">Damaia a Caminho<\/span><\/a><\/li><li class=\" wp-block-navigation-item wp-block-navigation-link\"><a class=\"wp-block-navigation-item__content\"  href=\"https:\/\/paroquia-damaia.pt\/escuteiros-255-damaia\/\"><span class=\"wp-block-navigation-item__label\">Escuteiros 255-Damaia<\/span><\/a><\/li><li class=\" wp-block-navigation-item wp-block-navigation-link\"><a class=\"wp-block-navigation-item__content\"  href=\"https:\/\/paroquia-damaia.pt\/encontros-de-preparacao-batismo-e-encontros-de-preparacao-matrimonio\/\"><span class=\"wp-block-navigation-item__label\">Encontros de Prepara\u00e7\u00e3o Batismo e Encontros de Prepara\u00e7\u00e3o\u00a0Matrim\u00f3nio<\/span><\/a><\/li><li class=\" wp-block-navigation-item wp-block-navigation-link\"><a class=\"wp-block-navigation-item__content\"  href=\"https:\/\/paroquia-damaia.pt\/grupos-de-reflexao\/\"><span class=\"wp-block-navigation-item__label\">Grupos de Reflex\u00e3o<\/span><\/a><\/li><\/ul><\/li><li data-wp-context=\"{ &quot;submenuOpenedBy&quot;: { &quot;click&quot;: false, &quot;hover&quot;: false, &quot;focus&quot;: false }, &quot;type&quot;: &quot;submenu&quot; }\" data-wp-interactive=\"core\/navigation\" data-wp-on--focusout=\"actions.handleMenuFocusout\" data-wp-on--keydown=\"actions.handleMenuKeydown\" data-wp-on-async--mouseenter=\"actions.openMenuOnHover\" data-wp-on-async--mouseleave=\"actions.closeMenuOnHover\" data-wp-watch=\"callbacks.initMenu\" tabindex=\"-1\" class=\" wp-block-navigation-item has-child open-on-hover-click wp-block-navigation-submenu\"><a class=\"wp-block-navigation-item__content\" href=\"https:\/\/paroquia-damaia.pt\/missas\/\">Missas e Celebra\u00e7\u00f5es<\/a><button data-wp-bind--aria-expanded=\"state.isMenuOpen\" data-wp-on-async--click=\"actions.toggleMenuOnClick\" aria-label=\"Missas e Celebra\u00e7\u00f5es submenu\" class=\"wp-block-navigation__submenu-icon wp-block-navigation-submenu__toggle\" ><svg xmlns=\"http:\/\/www.w3.org\/2000\/svg\" width=\"12\" height=\"12\" viewBox=\"0 0 12 12\" fill=\"none\" aria-hidden=\"true\" focusable=\"false\"><path d=\"M1.50002 4L6.00002 8L10.5 4\" stroke-width=\"1.5\"><\/path><\/svg><\/button><ul data-wp-on-async--focus=\"actions.openMenuOnFocus\" class=\"wp-block-navigation__submenu-container wp-block-navigation-submenu\"><li class=\" wp-block-navigation-item wp-block-navigation-link\"><a class=\"wp-block-navigation-item__content\"  href=\"https:\/\/paroquia-damaia.pt\/missas\/\"><span class=\"wp-block-navigation-item__label\">Celebra\u00e7\u00f5es<\/span><\/a><\/li><li class=\" wp-block-navigation-item wp-block-navigation-link\"><a class=\"wp-block-navigation-item__content\"  href=\"https:\/\/paroquia-damaia.pt\/pastoral-liturgica\/\"><span class=\"wp-block-navigation-item__label\">Pastoral Lit\u00fargica<\/span><\/a><\/li><\/ul><\/li><li class=\" wp-block-navigation-item wp-block-navigation-link\"><a class=\"wp-block-navigation-item__content\"  href=\"https:\/\/paroquia-damaia.pt\/caridade\/\"><span class=\"wp-block-navigation-item__label\">Caridade<\/span><\/a><\/li><li class=\" wp-block-navigation-item wp-block-navigation-link\"><a class=\"wp-block-navigation-item__content\"  href=\"https:\/\/paroquia-damaia.pt\/secretaria-paroquial\/\"><span class=\"wp-block-navigation-item__label\">Secretaria Paroquial<\/span><\/a><\/li><li class=\" wp-block-navigation-item wp-block-navigation-link\"><a class=\"wp-block-navigation-item__content\"  href=\"https:\/\/www.paroquia-damaia.pt\/old\/wyd-2023-lisboa\/\" title=\"WYD 2023 - Lisbon\"><span class=\"wp-block-navigation-item__label\">WYD 2023 &#8211; Lisbon<\/span><\/a><\/li><\/ul><\/nav>\n\n\n<blockquote class=\"wp-block-quote has-text-align-center is-style-large is-layout-flow wp-block-quote-is-layout-flow\"><p>&#8220;Certo homem tinha uma figueira plantada na sua vinha. Foi procurar os frutos que nela houvesse, mas n\u00e3o os encontrou &#8220;<\/p><cite>Lc 13, 6<\/cite><\/blockquote>\n\n\n\n<p><strong>Domingo | 20\/03 \u2013 3\u00ba Domingo da Quaresma. <\/strong>Ofert\u00f3rio para Caritas Portuguesa.<\/p>\n\n\n\n<p><strong>2\u00aa Feira | 21\/03<\/strong> \u2013 Reuni\u00e3o do COP (21h).<\/p>\n\n\n\n<p><strong>3\u00aa Feira | 22\/03<\/strong> \u2013 Reuni\u00e3o dos padres e di\u00e1conos da Vigararia da Amadora (10h30).<\/p>\n\n\n\n<p><strong>4\u00aa Feira | 23\/03<\/strong> \u2013. Missas com a Novena Perp\u00e9tua (09h e 19h).<\/p>\n\n\n\n<p><strong>5\u00aa Feira | 24\/03<\/strong> \u2013 Adora\u00e7\u00e3o \u00e0s 18h15. Reuni\u00e3o da Equipa da Coordena\u00e7\u00e3o de Coros (21h).<\/p>\n\n\n\n<p><strong>6\u00aa Feira | 25\/03<\/strong> \u2013 Solenidade da Anuncia\u00e7\u00e3o do Senhor. Consagra\u00e7\u00e3o da R\u00fassia e da Ucr\u00e2nia ao <strong>Imaculado Cora\u00e7\u00e3o de Maria<\/strong>, \u00e0s 16h, em Roma e em F\u00e1tima. Via-Sacra, \u00e0s 18h, (Catequese).<\/p>\n\n\n\n<p><strong>S\u00e1bado | 26\/03 \u2013<\/strong> Retiro dos MEC (09h \u2013 17h) e retiro de nossos Di\u00e1conos. Por isso, o encontro para Leitores, como inicialmente foi planeado, foi suspenso.<\/p>\n\n\n\n<p><strong>Domingo | 27\/03<\/strong> \u2013 4\u00ba Domingo da Quaresma.<\/p>\n\n\n\n<p>Aos aniversariantes desta semana, desejamos muitas e copiosas b\u00ean\u00e7\u00e3os do Senhor e a prote\u00e7\u00e3o da M\u00e3e de Deus.<\/p>\n\n\n\n<p>Adquira uma rifa de um forno el\u00e9trico, e ajude a refazer as casas-de-banho, piso &#8220;0\u201d no Centro Pastoral Paroquial. Rifas na secretaria da Par\u00f3quia. Contamos com a vossa colabora\u00e7\u00e3o tamb\u00e9m atrav\u00e9s dos envelopes. Bem-haja.<\/p>\n\n\n\n<p>Visite o nosso bar, de 2\u00aa-feira a 6\u00aa -feira depois da missa de manh\u00e3; aos s\u00e1bados e domingos, depois de todas as missas. Bem-haja.<\/p>\n\n\n\n<p>Peregrina\u00e7\u00f5es paroquiais: Peregrina\u00e7\u00e3o mensal a F\u00e1tima, 02 de abril. Peregrina\u00e7\u00e3o da juventude: Santar\u00e9m- F\u00e1tima, Caminho do Tejo, nos dias 23 a 25 de abril. Informa\u00e7\u00f5es mais detalhadas e inscri\u00e7\u00f5es na Secretaria da Par\u00f3quia.<\/p>\n\n\n\n<p>Confiss\u00f5es durante a Quaresma: pela manh\u00e3, depois das missas, e \u00e0 tarde, a partir das 18h.<\/p>\n\n\n\n<p>Continuamos a rezar e jejuar pelo povo ucraniano e pela paz, como nos pede o Papa Francisco.<\/p>\n\n\n\n<p>Concerto da Primavera do Conservat\u00f3rio de M\u00fasica de Sintra, no s\u00e1bado, dia 02 de abri, \u00e0s 16h.<\/p>\n\n\n\n<p>Convoca\u00e7\u00e3o para a Reuni\u00e3o do Conselho Pastora Paroquial, a ser realizada no dia 30 de abril.<\/p>\n\n\n\n<p>Neste dia 23 de mar\u00e7o, como forma de prepara\u00e7\u00e3o \u00e0 JMJ_2023, os nossos jovens convidam para a ora\u00e7\u00e3o quaresmal em fam\u00edlia, conforme o esquema preparado a partir da mensagem do Papa Francisco. Os impressos est\u00e3o expostos na entrada da igreja.<\/p>\n\n\n\n<p>Recolha quaresmal de alimentos, nesta semana: enlatados. Confira o cartaz.<\/p>\n\n\n\n<p>Pe. Crist\u00f3v\u00e3o Dworak, CSsR \u2013 P\u00e1roco<\/p>\n\n\n\n<p>Damaia, 20 de mar\u00e7o de 2022<\/p>\n","protected":false},"excerpt":{"rendered":"<p>&#8220;Certo homem tinha uma figueira plantada na sua vinha. Foi procurar os frutos que nela houvesse, mas n\u00e3o os encontrou &#8220; Lc 13, 6 Domingo | 20\/03 \u2013 3\u00ba Domingo da Quaresma. Ofert\u00f3rio para Caritas Portuguesa. 2\u00aa Feira | 21\/03 \u2013 Reuni\u00e3o do COP (21h). 3\u00aa Feira | 22\/03 \u2013 Reuni\u00e3o dos padres e di\u00e1conos<a class=\"more-link\" href=\"https:\/\/www.paroquia-damaia.pt\/old\/comunicacoes-paroquiais-20-03-2022\/\">Continuar lendo <span class=\"screen-reader-text\">&#8220;Comunica\u00e7\u00f5es Paroquiais &#8211; 20\/03\/2022&#8221;<\/span><\/a><\/p>\n","protected":false},"author":5,"featured_media":32544,"comment_status":"closed","ping_status":"open","sticky":false,"template":"","format":"standard","meta":{"footnotes":""},"categories":[4],"tags":[],"class_list":["post-32543","post","type-post","status-publish","format-standard","has-post-thumbnail","hentry","category-avisos-paroquiais","entry"],"_links":{"self":[{"href":"https:\/\/www.paroquia-damaia.pt\/old\/wp-json\/wp\/v2\/posts\/32543","targetHints":{"allow":["GET"]}}],"collection":[{"href":"https:\/\/www.paroquia-damaia.pt\/old\/wp-json\/wp\/v2\/posts"}],"about":[{"href":"https:\/\/www.paroquia-damaia.pt\/old\/wp-json\/wp\/v2\/types\/post"}],"author":[{"embeddable":true,"href":"https:\/\/www.paroquia-damaia.pt\/old\/wp-json\/wp\/v2\/users\/5"}],"replies":[{"embeddable":true,"href":"https:\/\/www.paroquia-damaia.pt\/old\/wp-json\/wp\/v2\/comments?post=32543"}],"version-history":[{"count":1,"href":"https:\/\/www.paroquia-damaia.pt\/old\/wp-json\/wp\/v2\/posts\/32543\/revisions"}],"predecessor-version":[{"id":32545,"href":"https:\/\/www.paroquia-damaia.pt\/old\/wp-json\/wp\/v2\/posts\/32543\/revisions\/32545"}],"wp:featuredmedia":[{"embeddable":true,"href":"https:\/\/www.paroquia-damaia.pt\/old\/wp-json\/wp\/v2\/media\/32544"}],"wp:attachment":[{"href":"https:\/\/www.paroquia-damaia.pt\/old\/wp-json\/wp\/v2\/media?parent=32543"}],"wp:term":[{"taxonomy":"category","embeddable":true,"href":"https:\/\/www.paroquia-damaia.pt\/old\/wp-json\/wp\/v2\/categories?post=32543"},{"taxonomy":"post_tag","embeddable":true,"href":"https:\/\/www.paroquia-damaia.pt\/old\/wp-json\/wp\/v2\/tags?post=32543"}],"curies":[{"name":"wp","href":"https:\/\/api.w.org\/{rel}","templated":true}]}}