{"id":32900,"date":"2022-04-03T17:51:00","date_gmt":"2022-04-03T17:51:00","guid":{"rendered":"https:\/\/www.paroquia-damaia.pt\/old\/?p=32900"},"modified":"2022-04-05T18:24:27","modified_gmt":"2022-04-05T18:24:27","slug":"comunicacoes-paroquiais-03-04-2022","status":"publish","type":"post","link":"https:\/\/www.paroquia-damaia.pt\/old\/comunicacoes-paroquiais-03-04-2022\/","title":{"rendered":"Comunica\u00e7\u00f5es Paroquiais &#8211; 03\/04\/2022"},"content":{"rendered":"\n<figure class=\"wp-block-image alignwide size-large\"><a href=\"https:\/\/www.paroquia-damaia.pt\/old\/wp-content\/uploads\/2022\/04\/woman-taken-in-adultery-1617267-print.jpg\"><img loading=\"lazy\" decoding=\"async\" width=\"1024\" height=\"681\" src=\"https:\/\/www.paroquia-damaia.pt\/old\/wp-content\/uploads\/2022\/04\/woman-taken-in-adultery-1617267-print-1024x681.jpg\" alt=\"\" class=\"wp-image-32911\" srcset=\"https:\/\/www.paroquia-damaia.pt\/old\/wp-content\/uploads\/2022\/04\/woman-taken-in-adultery-1617267-print-1024x681.jpg 1024w, https:\/\/www.paroquia-damaia.pt\/old\/wp-content\/uploads\/2022\/04\/woman-taken-in-adultery-1617267-print-300x200.jpg 300w, https:\/\/www.paroquia-damaia.pt\/old\/wp-content\/uploads\/2022\/04\/woman-taken-in-adultery-1617267-print-768x511.jpg 768w, https:\/\/www.paroquia-damaia.pt\/old\/wp-content\/uploads\/2022\/04\/woman-taken-in-adultery-1617267-print-1536x1021.jpg 1536w, https:\/\/www.paroquia-damaia.pt\/old\/wp-content\/uploads\/2022\/04\/woman-taken-in-adultery-1617267-print-1200x798.jpg 1200w, https:\/\/www.paroquia-damaia.pt\/old\/wp-content\/uploads\/2022\/04\/woman-taken-in-adultery-1617267-print-1568x1043.jpg 1568w, https:\/\/www.paroquia-damaia.pt\/old\/wp-content\/uploads\/2022\/04\/woman-taken-in-adultery-1617267-print.jpg 1600w\" sizes=\"auto, (max-width: 1024px) 100vw, 1024px\" \/><\/a><\/figure>\n\n\n<nav style=\"background-color: #f6f6f6;\" class=\"has-background items-justified-center alignfull wp-block-navigation is-content-justification-center is-layout-flex wp-container-core-navigation-is-layout-1 wp-block-navigation-is-layout-flex\" aria-label=\"Navigation 3\"><ul style=\"background-color: #f6f6f6;\" class=\"wp-block-navigation__container has-background items-justified-center alignfull wp-block-navigation\"><li class=\" wp-block-navigation-item wp-block-navigation-link\"><a class=\"wp-block-navigation-item__content\"  href=\"https:\/\/www.paroquia-damaia.pt\/old\" rel=\"\"><span class=\"wp-block-navigation-item__label\">In\u00edcio<\/span><\/a><\/li><li data-wp-context=\"{ &quot;submenuOpenedBy&quot;: { &quot;click&quot;: false, &quot;hover&quot;: false, &quot;focus&quot;: false }, &quot;type&quot;: &quot;submenu&quot; }\" data-wp-interactive=\"core\/navigation\" data-wp-on--focusout=\"actions.handleMenuFocusout\" data-wp-on--keydown=\"actions.handleMenuKeydown\" data-wp-on-async--mouseenter=\"actions.openMenuOnHover\" data-wp-on-async--mouseleave=\"actions.closeMenuOnHover\" data-wp-watch=\"callbacks.initMenu\" tabindex=\"-1\" class=\" wp-block-navigation-item has-child open-on-hover-click wp-block-navigation-submenu\"><a class=\"wp-block-navigation-item__content\" href=\"http:\/\/paroquia-damaia.pt\/acolhimento\/\">A Par\u00f3quia<\/a><button data-wp-bind--aria-expanded=\"state.isMenuOpen\" data-wp-on-async--click=\"actions.toggleMenuOnClick\" aria-label=\"A Par\u00f3quia submenu\" class=\"wp-block-navigation__submenu-icon wp-block-navigation-submenu__toggle\" ><svg xmlns=\"http:\/\/www.w3.org\/2000\/svg\" width=\"12\" height=\"12\" viewBox=\"0 0 12 12\" fill=\"none\" aria-hidden=\"true\" focusable=\"false\"><path d=\"M1.50002 4L6.00002 8L10.5 4\" stroke-width=\"1.5\"><\/path><\/svg><\/button><ul data-wp-on-async--focus=\"actions.openMenuOnFocus\" class=\"wp-block-navigation__submenu-container wp-block-navigation-submenu\"><li class=\" wp-block-navigation-item wp-block-navigation-link\"><a class=\"wp-block-navigation-item__content\"  href=\"https:\/\/www.paroquia-damaia.pt\/old\/acolhimento\/\"><span class=\"wp-block-navigation-item__label\">Acolhimento<\/span><\/a><\/li><li class=\" wp-block-navigation-item wp-block-navigation-link\"><a class=\"wp-block-navigation-item__content\"  href=\"https:\/\/www.paroquia-damaia.pt\/old\/o-paroco-vigario-e-diaconos-da-comunidade\/\"><span class=\"wp-block-navigation-item__label\">O P\u00e1roco, Vig\u00e1rio e Di\u00e1conos da\u00a0Comunidade<\/span><\/a><\/li><li class=\" wp-block-navigation-item wp-block-navigation-link\"><a class=\"wp-block-navigation-item__content\"  href=\"https:\/\/www.paroquia-damaia.pt\/old\/a-nossa-historia\/\"><span class=\"wp-block-navigation-item__label\">A Nossa Hist\u00f3ria<\/span><\/a><\/li><\/ul><\/li><li data-wp-context=\"{ &quot;submenuOpenedBy&quot;: { &quot;click&quot;: false, &quot;hover&quot;: false, &quot;focus&quot;: false }, &quot;type&quot;: &quot;submenu&quot; }\" data-wp-interactive=\"core\/navigation\" data-wp-on--focusout=\"actions.handleMenuFocusout\" data-wp-on--keydown=\"actions.handleMenuKeydown\" data-wp-on-async--mouseenter=\"actions.openMenuOnHover\" data-wp-on-async--mouseleave=\"actions.closeMenuOnHover\" data-wp-watch=\"callbacks.initMenu\" tabindex=\"-1\" class=\" wp-block-navigation-item has-child open-on-hover-click wp-block-navigation-submenu\"><a class=\"wp-block-navigation-item__content\" href=\"https:\/\/paroquia-damaia.pt\/catequese\/\">Evangeliza\u00e7\u00e3o<\/a><button data-wp-bind--aria-expanded=\"state.isMenuOpen\" data-wp-on-async--click=\"actions.toggleMenuOnClick\" aria-label=\"Evangeliza\u00e7\u00e3o submenu\" class=\"wp-block-navigation__submenu-icon wp-block-navigation-submenu__toggle\" ><svg xmlns=\"http:\/\/www.w3.org\/2000\/svg\" width=\"12\" height=\"12\" viewBox=\"0 0 12 12\" fill=\"none\" aria-hidden=\"true\" focusable=\"false\"><path d=\"M1.50002 4L6.00002 8L10.5 4\" stroke-width=\"1.5\"><\/path><\/svg><\/button><ul data-wp-on-async--focus=\"actions.openMenuOnFocus\" class=\"wp-block-navigation__submenu-container wp-block-navigation-submenu\"><li data-wp-context=\"{ &quot;submenuOpenedBy&quot;: { &quot;click&quot;: false, &quot;hover&quot;: false, &quot;focus&quot;: false }, &quot;type&quot;: &quot;submenu&quot; }\" data-wp-interactive=\"core\/navigation\" data-wp-on--focusout=\"actions.handleMenuFocusout\" data-wp-on--keydown=\"actions.handleMenuKeydown\" data-wp-on-async--mouseenter=\"actions.openMenuOnHover\" data-wp-on-async--mouseleave=\"actions.closeMenuOnHover\" data-wp-watch=\"callbacks.initMenu\" tabindex=\"-1\" class=\" wp-block-navigation-item has-child open-on-hover-click wp-block-navigation-submenu\"><a class=\"wp-block-navigation-item__content\" href=\"https:\/\/paroquia-damaia.pt\/catequese\/\">Catequese<\/a><button data-wp-bind--aria-expanded=\"state.isMenuOpen\" data-wp-on-async--click=\"actions.toggleMenuOnClick\" aria-label=\"Catequese submenu\" class=\"wp-block-navigation__submenu-icon wp-block-navigation-submenu__toggle\" ><svg xmlns=\"http:\/\/www.w3.org\/2000\/svg\" width=\"12\" height=\"12\" viewBox=\"0 0 12 12\" fill=\"none\" aria-hidden=\"true\" focusable=\"false\"><path d=\"M1.50002 4L6.00002 8L10.5 4\" stroke-width=\"1.5\"><\/path><\/svg><\/button><ul data-wp-on-async--focus=\"actions.openMenuOnFocus\" class=\"wp-block-navigation__submenu-container wp-block-navigation-submenu\"><li class=\" wp-block-navigation-item wp-block-navigation-link\"><a class=\"wp-block-navigation-item__content\"  href=\"https:\/\/paroquia-damaia.pt\/catequese\"><span class=\"wp-block-navigation-item__label\">Inf\u00e2ntil<\/span><\/a><\/li><li class=\" wp-block-navigation-item wp-block-navigation-link\"><a class=\"wp-block-navigation-item__content\"  href=\"https:\/\/paroquia-damaia.pt\/catequese-adultos\/\"><span class=\"wp-block-navigation-item__label\">Adultos<\/span><\/a><\/li><\/ul><\/li><li class=\" wp-block-navigation-item wp-block-navigation-link\"><a class=\"wp-block-navigation-item__content\"  href=\"https:\/\/paroquia-damaia.pt\/grupo-de-jovens\/\"><span class=\"wp-block-navigation-item__label\">Grupo de Jovens<\/span><\/a><\/li><li class=\" wp-block-navigation-item wp-block-navigation-link\"><a class=\"wp-block-navigation-item__content\"  href=\"http:\/\/paroquia-damaia.pt\/damaia-a-caminho\"><span class=\"wp-block-navigation-item__label\">Damaia a Caminho<\/span><\/a><\/li><li class=\" wp-block-navigation-item wp-block-navigation-link\"><a class=\"wp-block-navigation-item__content\"  href=\"https:\/\/paroquia-damaia.pt\/escuteiros-255-damaia\/\"><span class=\"wp-block-navigation-item__label\">Escuteiros 255-Damaia<\/span><\/a><\/li><li class=\" wp-block-navigation-item wp-block-navigation-link\"><a class=\"wp-block-navigation-item__content\"  href=\"https:\/\/paroquia-damaia.pt\/encontros-de-preparacao-batismo-e-encontros-de-preparacao-matrimonio\/\"><span class=\"wp-block-navigation-item__label\">Encontros de Prepara\u00e7\u00e3o Batismo e Encontros de Prepara\u00e7\u00e3o\u00a0Matrim\u00f3nio<\/span><\/a><\/li><li class=\" wp-block-navigation-item wp-block-navigation-link\"><a class=\"wp-block-navigation-item__content\"  href=\"https:\/\/paroquia-damaia.pt\/grupos-de-reflexao\/\"><span class=\"wp-block-navigation-item__label\">Grupos de Reflex\u00e3o<\/span><\/a><\/li><\/ul><\/li><li data-wp-context=\"{ &quot;submenuOpenedBy&quot;: { &quot;click&quot;: false, &quot;hover&quot;: false, &quot;focus&quot;: false }, &quot;type&quot;: &quot;submenu&quot; }\" data-wp-interactive=\"core\/navigation\" data-wp-on--focusout=\"actions.handleMenuFocusout\" data-wp-on--keydown=\"actions.handleMenuKeydown\" data-wp-on-async--mouseenter=\"actions.openMenuOnHover\" data-wp-on-async--mouseleave=\"actions.closeMenuOnHover\" data-wp-watch=\"callbacks.initMenu\" tabindex=\"-1\" class=\" wp-block-navigation-item has-child open-on-hover-click wp-block-navigation-submenu\"><a class=\"wp-block-navigation-item__content\" href=\"https:\/\/paroquia-damaia.pt\/missas\/\">Missas e Celebra\u00e7\u00f5es<\/a><button data-wp-bind--aria-expanded=\"state.isMenuOpen\" data-wp-on-async--click=\"actions.toggleMenuOnClick\" aria-label=\"Missas e Celebra\u00e7\u00f5es submenu\" class=\"wp-block-navigation__submenu-icon wp-block-navigation-submenu__toggle\" ><svg xmlns=\"http:\/\/www.w3.org\/2000\/svg\" width=\"12\" height=\"12\" viewBox=\"0 0 12 12\" fill=\"none\" aria-hidden=\"true\" focusable=\"false\"><path d=\"M1.50002 4L6.00002 8L10.5 4\" stroke-width=\"1.5\"><\/path><\/svg><\/button><ul data-wp-on-async--focus=\"actions.openMenuOnFocus\" class=\"wp-block-navigation__submenu-container wp-block-navigation-submenu\"><li class=\" wp-block-navigation-item wp-block-navigation-link\"><a class=\"wp-block-navigation-item__content\"  href=\"https:\/\/paroquia-damaia.pt\/missas\/\"><span class=\"wp-block-navigation-item__label\">Celebra\u00e7\u00f5es<\/span><\/a><\/li><li class=\" wp-block-navigation-item wp-block-navigation-link\"><a class=\"wp-block-navigation-item__content\"  href=\"https:\/\/paroquia-damaia.pt\/pastoral-liturgica\/\"><span class=\"wp-block-navigation-item__label\">Pastoral Lit\u00fargica<\/span><\/a><\/li><\/ul><\/li><li class=\" wp-block-navigation-item wp-block-navigation-link\"><a class=\"wp-block-navigation-item__content\"  href=\"https:\/\/paroquia-damaia.pt\/caridade\/\"><span class=\"wp-block-navigation-item__label\">Caridade<\/span><\/a><\/li><li class=\" wp-block-navigation-item wp-block-navigation-link\"><a class=\"wp-block-navigation-item__content\"  href=\"https:\/\/paroquia-damaia.pt\/secretaria-paroquial\/\"><span class=\"wp-block-navigation-item__label\">Secretaria Paroquial<\/span><\/a><\/li><li class=\" wp-block-navigation-item wp-block-navigation-link\"><a class=\"wp-block-navigation-item__content\"  href=\"https:\/\/www.paroquia-damaia.pt\/old\/wyd-2023-lisboa\/\" title=\"WYD 2023 - Lisbon\"><span class=\"wp-block-navigation-item__label\">WYD 2023 &#8211; Lisbon<\/span><\/a><\/li><\/ul><\/nav>\n\n\n<blockquote class=\"wp-block-quote has-text-align-center is-style-large is-layout-flow wp-block-quote-is-layout-flow\"><p>&#8220;Ningu\u00e9m te condenou? (&#8230;) Nem Eu te condeno. Vai e n\u00e3o tornes a pecar&#8221; <\/p><cite>Jo 8, 11<\/cite><\/blockquote>\n\n\n\n<p><strong>Domingo | 03\/04 \u2013 5\u00ba Domingo da Quaresma<\/strong> &#8211; Missas \u00e0s 09h, \u00e0s 11h, \u00e0s 17h (catequese) e \u00e0s 19h.<br><strong>3a Feira | 05\/04 \u2013 Confiss\u00f5es \u2013 <\/strong>catequese; \u00e0s 19h. Ensaio de Coros (Vig\u00edlia), \u00e0s 20h30.<br><strong>4a Feira | 06\/04 \u2013<\/strong> Missas com a Novena Perp\u00e9tua (09h e 19h). Reuni\u00e3o com Salmistas (20h30).<br><strong>5a Feira | 07\/04 \u2013<\/strong> Adora\u00e7\u00e3o \u00e0s 18h15. Ensaio de Coros (Vig\u00edlia pascal), \u00e0s 20h30.<br><strong>6a Feira | 08\/04 \u2013<\/strong> Via-Sacra, pelas ruas da Damaia, saindo da igreja, \u00e0s 21h,. Trazer velas.<br><strong>S\u00e1bado | 09\/04 \u2013<\/strong> Batizados (11h). Missa vespertina do Domingo de Ramos, com b\u00ean\u00e7\u00e3o de ramos. (19h)<br><strong>Domingo | 10\/04 \u2013 <\/strong>Domingo de Ramos. De manh\u00e3 haver\u00e1 duas missas: a <strong>1\u00aa missa \u00e0s 09h<\/strong>; e a <strong>2\u00aa Missa com B\u00ean\u00e7\u00e3o de Ramos<\/strong> em frente do Centro de Sa\u00fade e Prociss\u00e3o, <strong>\u00e0s 10h30<\/strong>. <strong>3\u00aa Missa \u00e0 tarde, \u00e0s 19h.<\/strong> N\u00e3o haver\u00e1 missa \u00e0s 17h. Iniciamos a Semana Santa. Veja a programa\u00e7\u00e3o.<br>Aos aniversariantes desta semana, desejamos muitas e copiosas b\u00ean\u00e7\u00e3os do Senhor e a prote\u00e7\u00e3o da M\u00e3e de Deus.<br>Adquira uma rifa de um forno el\u00e9trico, e ajude a refazer as casas-de-banho, piso \u201c0\u201d no Centro Pastoral Paroquial. Rifas na secretaria da Par\u00f3quia. Contamos com a vossa colabora\u00e7\u00e3o tamb\u00e9m atrav\u00e9s dos envelopes. Bem-haja.<br>Visite o nosso bar, de 2\u00aa-feira a 6\u00aa-feira depois da missa da manh\u00e3; aos s\u00e1bados e domingos, depois de todas as missas. Bem-haja.<br><strong>Peregrina\u00e7\u00f5es paroquiais<\/strong>: Peregrina\u00e7\u00e3o a p\u00e9 de jovens: Santar\u00e9m- F\u00e1tima, Caminho do Tejo, nos dias <span style=\"text-decoration: underline\">23 a 25 de abril<\/span>. Teremos tamb\u00e9m o autocarro para o dia 25 de abril. Informa\u00e7\u00f5es mais detalhadas inscri\u00e7\u00f5es na Secretaria da Par\u00f3quia.<br><strong>Confiss\u00f5es durante a Quaresma:<\/strong> de manh\u00e3, depois das missas, e \u00e0 tarde, a partir das 18h.<br><strong>Recolha quaresmal de alimentos<\/strong>, esta semana: azeite e \u00f3leo.<br><strong>Os casais jubilares<\/strong>, que fazem 10, 25, 50, 60 ou mais anos de casados em 2022, s\u00e3o convidados a inscrever-se no site do Patriarcado: https:\/\/forms.gle\/LphqgtLyiZKvK33w5, ou falar com o Di\u00e1c. Jo\u00e3o Sala Pagou, para receberem o Diploma com a B\u00ean\u00e7\u00e3o Jubilar do Cardeal-Patriarca por ocasi\u00e3o da Festa da Fam\u00edlia, que ser\u00e1 celebrada no dia 26 de junho de 2022 na Vialonga.<br>J\u00e1 est\u00e3o dispon\u00edveis os <strong>envelopes da Ren\u00fancia Quaresmal<\/strong> que este ano ser\u00e1 destinada para um hospital em Palai (\u00cdndia) e para apoiar as necessidades do povo ucraniano.<\/p>\n\n\n\n<p>Pe. Crist\u00f3v\u00e3o Dworak, CSsR \u2013 P\u00e1roco<br>Damaia, 27 de mar\u00e7o de 2022<\/p>\n\n\n\n<div class=\"_df_book df-lite\" id=\"df_32904\"  _slug=\"semana-santa\" data-title=\"semana-santa\" wpoptions=\"true\" thumbtype=\"\" ><\/div><script class=\"df-shortcode-script\" type=\"application\/javascript\">window.option_df_32904 = {\"webgl\":\"true\",\"height\":\"auto\",\"duration\":800,\"hard\":\"none\",\"direction\":1,\"wpOptions\":\"true\"}; if(window.DFLIP && window.DFLIP.parseBooks){window.DFLIP.parseBooks();}<\/script>\n","protected":false},"excerpt":{"rendered":"<p>&#8220;Ningu\u00e9m te condenou? (&#8230;) Nem Eu te condeno. Vai e n\u00e3o tornes a pecar&#8221; Jo 8, 11 Domingo | 03\/04 \u2013 5\u00ba Domingo da Quaresma &#8211; Missas \u00e0s 09h, \u00e0s 11h, \u00e0s 17h (catequese) e \u00e0s 19h.3a Feira | 05\/04 \u2013 Confiss\u00f5es \u2013 catequese; \u00e0s 19h. Ensaio de Coros (Vig\u00edlia), \u00e0s 20h30.4a Feira | 06\/04<a class=\"more-link\" href=\"https:\/\/www.paroquia-damaia.pt\/old\/comunicacoes-paroquiais-03-04-2022\/\">Continuar lendo <span class=\"screen-reader-text\">&#8220;Comunica\u00e7\u00f5es Paroquiais &#8211; 03\/04\/2022&#8221;<\/span><\/a><\/p>\n","protected":false},"author":5,"featured_media":0,"comment_status":"closed","ping_status":"open","sticky":false,"template":"","format":"standard","meta":{"footnotes":""},"categories":[4],"tags":[],"class_list":["post-32900","post","type-post","status-publish","format-standard","hentry","category-avisos-paroquiais","entry"],"_links":{"self":[{"href":"https:\/\/www.paroquia-damaia.pt\/old\/wp-json\/wp\/v2\/posts\/32900","targetHints":{"allow":["GET"]}}],"collection":[{"href":"https:\/\/www.paroquia-damaia.pt\/old\/wp-json\/wp\/v2\/posts"}],"about":[{"href":"https:\/\/www.paroquia-damaia.pt\/old\/wp-json\/wp\/v2\/types\/post"}],"author":[{"embeddable":true,"href":"https:\/\/www.paroquia-damaia.pt\/old\/wp-json\/wp\/v2\/users\/5"}],"replies":[{"embeddable":true,"href":"https:\/\/www.paroquia-damaia.pt\/old\/wp-json\/wp\/v2\/comments?post=32900"}],"version-history":[{"count":4,"href":"https:\/\/www.paroquia-damaia.pt\/old\/wp-json\/wp\/v2\/posts\/32900\/revisions"}],"predecessor-version":[{"id":32913,"href":"https:\/\/www.paroquia-damaia.pt\/old\/wp-json\/wp\/v2\/posts\/32900\/revisions\/32913"}],"wp:attachment":[{"href":"https:\/\/www.paroquia-damaia.pt\/old\/wp-json\/wp\/v2\/media?parent=32900"}],"wp:term":[{"taxonomy":"category","embeddable":true,"href":"https:\/\/www.paroquia-damaia.pt\/old\/wp-json\/wp\/v2\/categories?post=32900"},{"taxonomy":"post_tag","embeddable":true,"href":"https:\/\/www.paroquia-damaia.pt\/old\/wp-json\/wp\/v2\/tags?post=32900"}],"curies":[{"name":"wp","href":"https:\/\/api.w.org\/{rel}","templated":true}]}}