{"id":3547,"date":"2021-07-18T15:12:00","date_gmt":"2021-07-18T15:12:00","guid":{"rendered":"https:\/\/www.paroquia-damaia.pt\/old\/?p=3547"},"modified":"2021-07-19T15:16:48","modified_gmt":"2021-07-19T15:16:48","slug":"comunicacoes-paroquiais-18-07-2021","status":"publish","type":"post","link":"https:\/\/www.paroquia-damaia.pt\/old\/comunicacoes-paroquiais-18-07-2021\/","title":{"rendered":"Comunica\u00e7\u00f5es Paroquiais &#8211; 18\/07\/2021"},"content":{"rendered":"\n\n\n<p class=\"has-text-align-center\"><strong><em>Solenidade do Sant\u00edssimo Redentor<\/em><\/strong><\/p>\n\n\n\n<blockquote class=\"wp-block-quote has-text-align-center is-style-large is-layout-flow wp-block-quote-is-layout-flow\"><p><strong><em>\u201cNele h\u00e1 miseric\u00f3rdia e com Ele \u00e9 abundante a reden\u00e7\u00e3o\u201d<\/em><\/strong><\/p><cite>(Sl 130,7)<\/cite><\/blockquote>\n\n\n\n<p><strong><u>Domingo | 18\/07<\/u><\/strong><strong> \u2013 <\/strong>16\u00ba Domingo TC. <strong>Solenidade do Sant\u00edssimo Redentor, <\/strong>Titular da Congrega\u00e7\u00e3o Redentorista e da Par\u00f3quia da Damaia. Missas \u00e0s 09h; 11h; 17h; 19h.<\/p>\n\n\n\n<p><strong><u>2\u00aa Feira | 19\/07<\/u><\/strong> \u2013 Comemora\u00e7\u00e3o da <strong>1\u00aa Missa na Damaia<\/strong>, celebrada no ano de 1964.&nbsp;&nbsp;&nbsp;&nbsp;&nbsp; &nbsp;&nbsp;&nbsp;&nbsp;<\/p>\n\n\n\n<p><strong><u>3\u00aa Feira | 20\/07 <\/u><\/strong><strong>\u2013 <\/strong>Mem\u00f3ria de<strong> S. Apolin\u00e1rio, <\/strong>bispo e m\u00e1rtir. <strong>Reuni\u00e3o da Comunidade Redentorista<\/strong> com o Pe. Rui Santiago, Provincial dos Redentoristas em Portugal.<strong><u>&nbsp; <\/u><\/strong>&nbsp;<\/p>\n\n\n\n<p><strong><u>4\u00aa Feira | 21\/07 <\/u><\/strong>\u2013 Mem\u00f3ria de <strong>S. Louren\u00e7o de Brindes<\/strong>, presb\u00edtero e doutor da Igreja. Missas com a <strong>Novena Perp\u00e9tua <\/strong>e b\u00ean\u00e7\u00e3o da sa\u00fade. <strong>Novena a S. Jos\u00e9<\/strong>, \u00e0s 18h.&nbsp;<\/p>\n\n\n\n<p><strong><u>5\u00aa Feira | 22\/07<\/u><\/strong><strong> <\/strong>\u2013 Festa de <strong>S. Madalena<\/strong>. <strong>Adora\u00e7\u00e3o<\/strong> \u00e0s 18h15.&nbsp;&nbsp;<\/p>\n\n\n\n<p><strong><u>6\u00aa Feira | 23\/07<\/u><\/strong><strong> <\/strong>&#8211; Mem\u00f3ria de <strong>S. Br\u00edgida<\/strong>, padroeira da Europa. Encontro para <strong>Pais e Padrinhos<\/strong> (20h).&nbsp;<\/p>\n\n\n\n<p><strong><u>S\u00e1bado | 24\/07<\/u><\/strong><strong> <\/strong>&#8211; Encontro para <strong>Pais e Padrinhos<\/strong> (10h). Baptizados, \u00e0s 11h.&nbsp;<\/p>\n\n\n\n<p><strong><u>Domingo | 25\/07<\/u><\/strong><strong> \u2013<\/strong> Comemora\u00e7\u00e3o dos <strong>50 nos da b\u00ean\u00e7\u00e3o da 1\u00aa Pedra<\/strong> da nossa Igreja Paroquial. <strong>B\u00ean\u00e7\u00e3o de condutores<\/strong> e ve\u00edculos em todas as missas, pela intercess\u00e3o de <strong>S. Crist\u00f3v\u00e3o,<\/strong> padroeiro de condutores e viajantes. Baptizado, \u00e0s 12h15.&nbsp;<\/p>\n\n\n\n<p><strong>No m\u00eas de agosto<\/strong> voltamos a celebras <strong>as missas dominicais<\/strong> em tr\u00eas hor\u00e1rios, isto \u00e9, \u00e0s 09h, \u00e0s 11h e \u00e0s 19h. N\u00e3o haver\u00e1, portanto, a missa \u00e0s 17h. As missas na semana: \u00e0s 09h e \u00e0s 19h.<\/p>\n\n\n\n<p><strong>A Secretaria da Par\u00f3quia<\/strong> no m\u00eas de agosto vai funcionar <strong>somente<\/strong> na parte da tarde, das <strong>16h30<\/strong> \u00e0s <strong>20h<\/strong>, e aos s\u00e1bados das <strong>09h30<\/strong> \u00e0s <strong>12h<\/strong>.<\/p>\n\n\n\n<p><strong>Visite o nosso site da Par\u00f3quia<\/strong> e leia mais uma edi\u00e7\u00e3o do <strong>Apelo do Redentor<\/strong> por ocasi\u00e3o dos 50 anos da B\u00ean\u00e7\u00e3o da 1\u00aa pedra. Leve tamb\u00e9m um exemplar para o seu vizinho.<\/p>\n\n\n\n<p>Continua a campanha do <strong>registo de paroquianos<\/strong>. Colabore com a sua par\u00f3quia, leve uma ficha e devolva-a preenchida na Secretaria da Par\u00f3quia. Bem-haja.<\/p>\n\n\n\n<p><strong>Aos aniversariantes desta semana<\/strong> que iniciamos: <strong>Filipe<\/strong> Oliveira Rodrigues, <strong>David<\/strong> Tom\u00e1s Brito, <strong>Joana <\/strong>Margarida Nobre Calisto, <strong>Jos\u00e9<\/strong> Ant\u00f3nio Tavares Mendes, desejamos muitas e copiosas b\u00ean\u00e7\u00e3os do Senhor e prote\u00e7\u00e3o da M\u00e3e de Deus.&nbsp;&nbsp;<\/p>\n\n\n\n<p>Pe. Crist\u00f3v\u00e3o Dworak, CSsR \u2013 P\u00e1roco&nbsp;&nbsp;&nbsp;&nbsp;&nbsp;&nbsp;&nbsp;&nbsp;&nbsp;&nbsp;&nbsp;&nbsp;&nbsp;&nbsp;&nbsp;&nbsp;&nbsp;&nbsp;&nbsp;&nbsp;&nbsp;&nbsp;&nbsp;&nbsp;&nbsp;&nbsp;&nbsp;&nbsp;&nbsp;&nbsp;&nbsp;&nbsp;&nbsp;&nbsp;&nbsp;&nbsp;&nbsp;&nbsp;&nbsp;&nbsp;&nbsp;&nbsp;&nbsp;&nbsp;<\/p>\n\n\n\n<p>Damaia, 18 de Julho de 2021<\/p>\n","protected":false},"excerpt":{"rendered":"<p>Solenidade do Sant\u00edssimo Redentor \u201cNele h\u00e1 miseric\u00f3rdia e com Ele \u00e9 abundante a reden\u00e7\u00e3o\u201d (Sl 130,7) Domingo | 18\/07 \u2013 16\u00ba Domingo TC. Solenidade do Sant\u00edssimo Redentor, Titular da Congrega\u00e7\u00e3o Redentorista e da Par\u00f3quia da Damaia. Missas \u00e0s 09h; 11h; 17h; 19h. 2\u00aa Feira | 19\/07 \u2013 Comemora\u00e7\u00e3o da 1\u00aa Missa na Damaia, celebrada no<a class=\"more-link\" href=\"https:\/\/www.paroquia-damaia.pt\/old\/comunicacoes-paroquiais-18-07-2021\/\">Continuar lendo <span class=\"screen-reader-text\">&#8220;Comunica\u00e7\u00f5es Paroquiais &#8211; 18\/07\/2021&#8221;<\/span><\/a><\/p>\n","protected":false},"author":5,"featured_media":3548,"comment_status":"closed","ping_status":"open","sticky":false,"template":"","format":"standard","meta":{"footnotes":""},"categories":[4],"tags":[],"class_list":["post-3547","post","type-post","status-publish","format-standard","has-post-thumbnail","hentry","category-avisos-paroquiais","entry"],"_links":{"self":[{"href":"https:\/\/www.paroquia-damaia.pt\/old\/wp-json\/wp\/v2\/posts\/3547","targetHints":{"allow":["GET"]}}],"collection":[{"href":"https:\/\/www.paroquia-damaia.pt\/old\/wp-json\/wp\/v2\/posts"}],"about":[{"href":"https:\/\/www.paroquia-damaia.pt\/old\/wp-json\/wp\/v2\/types\/post"}],"author":[{"embeddable":true,"href":"https:\/\/www.paroquia-damaia.pt\/old\/wp-json\/wp\/v2\/users\/5"}],"replies":[{"embeddable":true,"href":"https:\/\/www.paroquia-damaia.pt\/old\/wp-json\/wp\/v2\/comments?post=3547"}],"version-history":[{"count":1,"href":"https:\/\/www.paroquia-damaia.pt\/old\/wp-json\/wp\/v2\/posts\/3547\/revisions"}],"predecessor-version":[{"id":3549,"href":"https:\/\/www.paroquia-damaia.pt\/old\/wp-json\/wp\/v2\/posts\/3547\/revisions\/3549"}],"wp:featuredmedia":[{"embeddable":true,"href":"https:\/\/www.paroquia-damaia.pt\/old\/wp-json\/wp\/v2\/media\/3548"}],"wp:attachment":[{"href":"https:\/\/www.paroquia-damaia.pt\/old\/wp-json\/wp\/v2\/media?parent=3547"}],"wp:term":[{"taxonomy":"category","embeddable":true,"href":"https:\/\/www.paroquia-damaia.pt\/old\/wp-json\/wp\/v2\/categories?post=3547"},{"taxonomy":"post_tag","embeddable":true,"href":"https:\/\/www.paroquia-damaia.pt\/old\/wp-json\/wp\/v2\/tags?post=3547"}],"curies":[{"name":"wp","href":"https:\/\/api.w.org\/{rel}","templated":true}]}}