{"id":35886,"date":"2022-08-28T11:56:00","date_gmt":"2022-08-28T11:56:00","guid":{"rendered":"https:\/\/www.paroquia-damaia.pt\/old\/?p=35886"},"modified":"2022-09-05T12:08:50","modified_gmt":"2022-09-05T11:08:50","slug":"comunicacoes-paroquiais-28-08-2022","status":"publish","type":"post","link":"https:\/\/www.paroquia-damaia.pt\/old\/comunicacoes-paroquiais-28-08-2022\/","title":{"rendered":"Comunica\u00e7\u00f5es Paroquiais -28\/08\/2022"},"content":{"rendered":"\n<figure class=\"wp-block-image size-full is-resized\"><a href=\"https:\/\/www.paroquia-damaia.pt\/old\/wp-content\/uploads\/2022\/09\/hrweddingbanquet.jpg\"><img loading=\"lazy\" decoding=\"async\" src=\"https:\/\/www.paroquia-damaia.pt\/old\/wp-content\/uploads\/2022\/09\/hrweddingbanquet.jpg\" alt=\"\" class=\"wp-image-36040\" width=\"787\" height=\"443\" srcset=\"https:\/\/www.paroquia-damaia.pt\/old\/wp-content\/uploads\/2022\/09\/hrweddingbanquet.jpg 664w, https:\/\/www.paroquia-damaia.pt\/old\/wp-content\/uploads\/2022\/09\/hrweddingbanquet-300x169.jpg 300w\" sizes=\"auto, (max-width: 787px) 100vw, 787px\" \/><\/a><\/figure>\n\n\n<nav style=\"background-color: #f6f6f6;\" class=\"has-background items-justified-center alignfull wp-block-navigation is-content-justification-center is-layout-flex wp-container-core-navigation-is-layout-1 wp-block-navigation-is-layout-flex\" aria-label=\"Navigation 3\"><ul style=\"background-color: #f6f6f6;\" class=\"wp-block-navigation__container has-background items-justified-center alignfull wp-block-navigation\"><li class=\" wp-block-navigation-item wp-block-navigation-link\"><a class=\"wp-block-navigation-item__content\"  href=\"https:\/\/www.paroquia-damaia.pt\/old\" rel=\"\"><span class=\"wp-block-navigation-item__label\">In\u00edcio<\/span><\/a><\/li><li data-wp-context=\"{ &quot;submenuOpenedBy&quot;: { &quot;click&quot;: false, &quot;hover&quot;: false, &quot;focus&quot;: false }, &quot;type&quot;: &quot;submenu&quot; }\" data-wp-interactive=\"core\/navigation\" data-wp-on--focusout=\"actions.handleMenuFocusout\" data-wp-on--keydown=\"actions.handleMenuKeydown\" data-wp-on-async--mouseenter=\"actions.openMenuOnHover\" data-wp-on-async--mouseleave=\"actions.closeMenuOnHover\" data-wp-watch=\"callbacks.initMenu\" tabindex=\"-1\" class=\" wp-block-navigation-item has-child open-on-hover-click wp-block-navigation-submenu\"><a class=\"wp-block-navigation-item__content\" href=\"http:\/\/paroquia-damaia.pt\/acolhimento\/\">A Par\u00f3quia<\/a><button data-wp-bind--aria-expanded=\"state.isMenuOpen\" data-wp-on-async--click=\"actions.toggleMenuOnClick\" aria-label=\"A Par\u00f3quia submenu\" class=\"wp-block-navigation__submenu-icon wp-block-navigation-submenu__toggle\" ><svg xmlns=\"http:\/\/www.w3.org\/2000\/svg\" width=\"12\" height=\"12\" viewBox=\"0 0 12 12\" fill=\"none\" aria-hidden=\"true\" focusable=\"false\"><path d=\"M1.50002 4L6.00002 8L10.5 4\" stroke-width=\"1.5\"><\/path><\/svg><\/button><ul data-wp-on-async--focus=\"actions.openMenuOnFocus\" class=\"wp-block-navigation__submenu-container wp-block-navigation-submenu\"><li class=\" wp-block-navigation-item wp-block-navigation-link\"><a class=\"wp-block-navigation-item__content\"  href=\"https:\/\/www.paroquia-damaia.pt\/old\/acolhimento\/\"><span class=\"wp-block-navigation-item__label\">Acolhimento<\/span><\/a><\/li><li class=\" wp-block-navigation-item wp-block-navigation-link\"><a class=\"wp-block-navigation-item__content\"  href=\"https:\/\/www.paroquia-damaia.pt\/old\/o-paroco-vigario-e-diaconos-da-comunidade\/\"><span class=\"wp-block-navigation-item__label\">O P\u00e1roco, Vig\u00e1rio e Di\u00e1conos da\u00a0Comunidade<\/span><\/a><\/li><li class=\" wp-block-navigation-item wp-block-navigation-link\"><a class=\"wp-block-navigation-item__content\"  href=\"https:\/\/www.paroquia-damaia.pt\/old\/a-nossa-historia\/\"><span class=\"wp-block-navigation-item__label\">A Nossa Hist\u00f3ria<\/span><\/a><\/li><\/ul><\/li><li data-wp-context=\"{ &quot;submenuOpenedBy&quot;: { &quot;click&quot;: false, &quot;hover&quot;: false, &quot;focus&quot;: false }, &quot;type&quot;: &quot;submenu&quot; }\" data-wp-interactive=\"core\/navigation\" data-wp-on--focusout=\"actions.handleMenuFocusout\" data-wp-on--keydown=\"actions.handleMenuKeydown\" data-wp-on-async--mouseenter=\"actions.openMenuOnHover\" data-wp-on-async--mouseleave=\"actions.closeMenuOnHover\" data-wp-watch=\"callbacks.initMenu\" tabindex=\"-1\" class=\" wp-block-navigation-item has-child open-on-hover-click wp-block-navigation-submenu\"><a class=\"wp-block-navigation-item__content\" href=\"https:\/\/paroquia-damaia.pt\/catequese\/\">Evangeliza\u00e7\u00e3o<\/a><button data-wp-bind--aria-expanded=\"state.isMenuOpen\" data-wp-on-async--click=\"actions.toggleMenuOnClick\" aria-label=\"Evangeliza\u00e7\u00e3o submenu\" class=\"wp-block-navigation__submenu-icon wp-block-navigation-submenu__toggle\" ><svg xmlns=\"http:\/\/www.w3.org\/2000\/svg\" width=\"12\" height=\"12\" viewBox=\"0 0 12 12\" fill=\"none\" aria-hidden=\"true\" focusable=\"false\"><path d=\"M1.50002 4L6.00002 8L10.5 4\" stroke-width=\"1.5\"><\/path><\/svg><\/button><ul data-wp-on-async--focus=\"actions.openMenuOnFocus\" class=\"wp-block-navigation__submenu-container wp-block-navigation-submenu\"><li data-wp-context=\"{ &quot;submenuOpenedBy&quot;: { &quot;click&quot;: false, &quot;hover&quot;: false, &quot;focus&quot;: false }, &quot;type&quot;: &quot;submenu&quot; }\" data-wp-interactive=\"core\/navigation\" data-wp-on--focusout=\"actions.handleMenuFocusout\" data-wp-on--keydown=\"actions.handleMenuKeydown\" data-wp-on-async--mouseenter=\"actions.openMenuOnHover\" data-wp-on-async--mouseleave=\"actions.closeMenuOnHover\" data-wp-watch=\"callbacks.initMenu\" tabindex=\"-1\" class=\" wp-block-navigation-item has-child open-on-hover-click wp-block-navigation-submenu\"><a class=\"wp-block-navigation-item__content\" href=\"https:\/\/paroquia-damaia.pt\/catequese\/\">Catequese<\/a><button data-wp-bind--aria-expanded=\"state.isMenuOpen\" data-wp-on-async--click=\"actions.toggleMenuOnClick\" aria-label=\"Catequese submenu\" class=\"wp-block-navigation__submenu-icon wp-block-navigation-submenu__toggle\" ><svg xmlns=\"http:\/\/www.w3.org\/2000\/svg\" width=\"12\" height=\"12\" viewBox=\"0 0 12 12\" fill=\"none\" aria-hidden=\"true\" focusable=\"false\"><path d=\"M1.50002 4L6.00002 8L10.5 4\" stroke-width=\"1.5\"><\/path><\/svg><\/button><ul data-wp-on-async--focus=\"actions.openMenuOnFocus\" class=\"wp-block-navigation__submenu-container wp-block-navigation-submenu\"><li class=\" wp-block-navigation-item wp-block-navigation-link\"><a class=\"wp-block-navigation-item__content\"  href=\"https:\/\/paroquia-damaia.pt\/catequese\"><span class=\"wp-block-navigation-item__label\">Inf\u00e2ntil<\/span><\/a><\/li><li class=\" wp-block-navigation-item wp-block-navigation-link\"><a class=\"wp-block-navigation-item__content\"  href=\"https:\/\/paroquia-damaia.pt\/catequese-adultos\/\"><span class=\"wp-block-navigation-item__label\">Adultos<\/span><\/a><\/li><\/ul><\/li><li class=\" wp-block-navigation-item wp-block-navigation-link\"><a class=\"wp-block-navigation-item__content\"  href=\"https:\/\/paroquia-damaia.pt\/grupo-de-jovens\/\"><span class=\"wp-block-navigation-item__label\">Grupo de Jovens<\/span><\/a><\/li><li class=\" wp-block-navigation-item wp-block-navigation-link\"><a class=\"wp-block-navigation-item__content\"  href=\"http:\/\/paroquia-damaia.pt\/damaia-a-caminho\"><span class=\"wp-block-navigation-item__label\">Damaia a Caminho<\/span><\/a><\/li><li class=\" wp-block-navigation-item wp-block-navigation-link\"><a class=\"wp-block-navigation-item__content\"  href=\"https:\/\/paroquia-damaia.pt\/escuteiros-255-damaia\/\"><span class=\"wp-block-navigation-item__label\">Escuteiros 255-Damaia<\/span><\/a><\/li><li class=\" wp-block-navigation-item wp-block-navigation-link\"><a class=\"wp-block-navigation-item__content\"  href=\"https:\/\/paroquia-damaia.pt\/encontros-de-preparacao-batismo-e-encontros-de-preparacao-matrimonio\/\"><span class=\"wp-block-navigation-item__label\">Encontros de Prepara\u00e7\u00e3o Batismo e Encontros de Prepara\u00e7\u00e3o\u00a0Matrim\u00f3nio<\/span><\/a><\/li><li class=\" wp-block-navigation-item wp-block-navigation-link\"><a class=\"wp-block-navigation-item__content\"  href=\"https:\/\/paroquia-damaia.pt\/grupos-de-reflexao\/\"><span class=\"wp-block-navigation-item__label\">Grupos de Reflex\u00e3o<\/span><\/a><\/li><\/ul><\/li><li data-wp-context=\"{ &quot;submenuOpenedBy&quot;: { &quot;click&quot;: false, &quot;hover&quot;: false, &quot;focus&quot;: false }, &quot;type&quot;: &quot;submenu&quot; }\" data-wp-interactive=\"core\/navigation\" data-wp-on--focusout=\"actions.handleMenuFocusout\" data-wp-on--keydown=\"actions.handleMenuKeydown\" data-wp-on-async--mouseenter=\"actions.openMenuOnHover\" data-wp-on-async--mouseleave=\"actions.closeMenuOnHover\" data-wp-watch=\"callbacks.initMenu\" tabindex=\"-1\" class=\" wp-block-navigation-item has-child open-on-hover-click wp-block-navigation-submenu\"><a class=\"wp-block-navigation-item__content\" href=\"https:\/\/paroquia-damaia.pt\/missas\/\">Missas e Celebra\u00e7\u00f5es<\/a><button data-wp-bind--aria-expanded=\"state.isMenuOpen\" data-wp-on-async--click=\"actions.toggleMenuOnClick\" aria-label=\"Missas e Celebra\u00e7\u00f5es submenu\" class=\"wp-block-navigation__submenu-icon wp-block-navigation-submenu__toggle\" ><svg xmlns=\"http:\/\/www.w3.org\/2000\/svg\" width=\"12\" height=\"12\" viewBox=\"0 0 12 12\" fill=\"none\" aria-hidden=\"true\" focusable=\"false\"><path d=\"M1.50002 4L6.00002 8L10.5 4\" stroke-width=\"1.5\"><\/path><\/svg><\/button><ul data-wp-on-async--focus=\"actions.openMenuOnFocus\" class=\"wp-block-navigation__submenu-container wp-block-navigation-submenu\"><li class=\" wp-block-navigation-item wp-block-navigation-link\"><a class=\"wp-block-navigation-item__content\"  href=\"https:\/\/paroquia-damaia.pt\/missas\/\"><span class=\"wp-block-navigation-item__label\">Celebra\u00e7\u00f5es<\/span><\/a><\/li><li class=\" wp-block-navigation-item wp-block-navigation-link\"><a class=\"wp-block-navigation-item__content\"  href=\"https:\/\/paroquia-damaia.pt\/pastoral-liturgica\/\"><span class=\"wp-block-navigation-item__label\">Pastoral Lit\u00fargica<\/span><\/a><\/li><\/ul><\/li><li class=\" wp-block-navigation-item wp-block-navigation-link\"><a class=\"wp-block-navigation-item__content\"  href=\"https:\/\/paroquia-damaia.pt\/caridade\/\"><span class=\"wp-block-navigation-item__label\">Caridade<\/span><\/a><\/li><li class=\" wp-block-navigation-item wp-block-navigation-link\"><a class=\"wp-block-navigation-item__content\"  href=\"https:\/\/paroquia-damaia.pt\/secretaria-paroquial\/\"><span class=\"wp-block-navigation-item__label\">Secretaria Paroquial<\/span><\/a><\/li><li class=\" wp-block-navigation-item wp-block-navigation-link\"><a class=\"wp-block-navigation-item__content\"  href=\"https:\/\/www.paroquia-damaia.pt\/old\/wyd-2023-lisboa\/\" title=\"WYD 2023 - Lisbon\"><span class=\"wp-block-navigation-item__label\">WYD 2023 &#8211; Lisbon<\/span><\/a><\/li><\/ul><\/nav>\n\n\n<blockquote class=\"wp-block-quote has-text-align-center is-style-large is-layout-flow wp-block-quote-is-layout-flow\">\n<p><strong><em><strong><em>\u201c<\/em><\/strong><\/em><\/strong><em><strong><em>Quando fores convidado para um banquete nupcial, n\u00e3o tomes o primeiro lugar<\/em><\/strong><\/em><strong><em><strong><em>\u201d<\/em><\/strong><\/em><\/strong><\/p>\n<cite>Lc14,8<\/cite><\/blockquote>\n\n\n\n<p><strong>Domingo | 28\/08<\/strong><strong>&nbsp;\u2013&nbsp;<\/strong><strong>Missas<\/strong>&nbsp;\u00e0s 09h, \u00e0s 11h e \u00e0s 19h. &nbsp;&nbsp;&nbsp;<\/p>\n\n\n\n<p><strong>2\u00aa Feira | 29\/08&nbsp;<\/strong><strong>\u2013&nbsp;<\/strong>Mem\u00f3ria do&nbsp;<strong>Mart\u00edrio de S. Jo\u00e3o Batista<\/strong><strong>.&nbsp;<\/strong>&nbsp;<\/p>\n\n\n\n<p><strong>4\u00aa Feira | 31\/08&nbsp;<\/strong>\u2013. Missas com a&nbsp;<strong>Novena<\/strong>&nbsp;<strong>Perp\u00e9tua.<\/strong>&nbsp;&nbsp; &nbsp;&nbsp;<\/p>\n\n\n\n<p><strong>5\u00aa Feira | 01\/09<\/strong><strong>&nbsp;<\/strong>\u2013 A<strong>dora\u00e7\u00e3o<\/strong>&nbsp;ao Sant\u00edssimo Sacramento, \u00e0s 18h15. &nbsp;<\/p>\n\n\n\n<p><strong>6\u00aa Feira | 02\/09&nbsp;<\/strong><strong>\u2013 Primeira sexta<\/strong><strong>-f<\/strong><strong>eir<\/strong><strong>a do m\u00eas<\/strong><strong>.&nbsp;<\/strong>Missas com uma&nbsp;breve&nbsp;adora\u00e7\u00e3o&nbsp;e b\u00ean\u00e7\u00e3o do Sant\u00edssimo Sacramento.&nbsp;<strong>Vig\u00edlia&nbsp;<\/strong><strong>diocesana&nbsp;<\/strong><strong>de Adora\u00e7\u00e3o<\/strong>&nbsp;\u2013 JMJ (no&nbsp;Mosteiro das Clarissas).<\/p>\n\n\n\n<p><strong>S\u00e1bado |&nbsp;<\/strong><strong>03<\/strong><strong>\/0<\/strong><strong>9<\/strong>\u2013 Mem\u00f3ria de&nbsp;<strong>S.&nbsp;<\/strong><strong>Greg\u00f3rio Magno,&nbsp;<\/strong>papa e doutor da Igreja.<strong><\/strong><strong>Peregrina\u00e7\u00e3o<\/strong>&nbsp;paroquial para F\u00e1tima.&nbsp;&nbsp; &nbsp;<\/p>\n\n\n\n<p><strong>Aos aniversariantes&nbsp;<\/strong>desta semana<strong>,&nbsp;<\/strong>desejamos muitas e copiosas b\u00ean\u00e7\u00e3os do Sant\u00edssimo Redentor e a prote\u00e7\u00e3o da M\u00e3e de Deus. &nbsp;&nbsp;<\/p>\n\n\n\n<p>Primeira reuni\u00e3o da&nbsp;<strong>Comiss\u00e3o Permanente do CPP<\/strong>, na pr\u00f3xima&nbsp;sexta-feira, dia 02 de setembro, \u00e0s<strong>&nbsp;<\/strong>21h, no Centro Pastoral Paroquial.&nbsp;<\/p>\n\n\n\n<p><strong>Visite&nbsp;<\/strong>a nossa<strong>&nbsp;Sala de Conv\u00edvio &#8211; Bar<\/strong>, durante a semana, depois da missa das 09h, e aos s\u00e1bados e domingos, antes e depois das missas. Bem-haja.&nbsp;<\/p>\n\n\n\n<p><strong>Inscri\u00e7\u00f5es para&nbsp;<\/strong><strong>C<\/strong><strong>atequese<\/strong>&nbsp;para o ano catequ\u00e9tico 2022\/2023 v\u00e3o-se realizar&nbsp;a partir&nbsp;do dia&nbsp;<strong>18 de setembro<\/strong>,&nbsp;e a&nbsp;inscri\u00e7\u00e3o<strong>&nbsp;<\/strong>para o&nbsp;<strong>novo grupo de&nbsp;<\/strong><strong>A<\/strong><strong>c\u00f3litos<\/strong>, no s\u00e1bado, dia&nbsp;<strong>24 de setembro<\/strong>, no&nbsp;Centro Pastoral Paroquial Pe. Manuel Lopes.&nbsp;Convidamos&nbsp;tamb\u00e9m&nbsp;os antigos ac\u00f3litos a fazerem sua confirma\u00e7\u00e3o&nbsp;de&nbsp;<strong>continuidade no Grupo de Ac\u00f3litos<\/strong>&nbsp;da Par\u00f3quia do Sant\u00edssimo Redentor.&nbsp;Bem-haja.&nbsp;<\/p>\n\n\n\n<p>Quem desejar&nbsp;<strong>fazer parte de algum dos&nbsp;<\/strong><strong>C<\/strong><strong>oros da Par\u00f3quia<\/strong>, por favor, entrar em contato com os respetivos coordenadores.&nbsp;<\/p>\n\n\n\n<p>Nos dias de&nbsp;<strong>05 a 20 de setembro a secretaria<\/strong>&nbsp;vai funcionar somente \u00e0 tarde, devido \u00e0s ferias de D. Margarida.<\/p>\n\n\n\n<p>Este ano retoma suas as atividades o&nbsp;<strong>Grupo de Dan\u00e7a<\/strong>. Informa\u00e7\u00f5es no cartaz. &nbsp;&nbsp;<\/p>\n\n\n\n<p>Pe. Crist\u00f3v\u00e3o Dworak, CSsR \u2013 P\u00e1roco &nbsp; &nbsp; &nbsp; &nbsp; &nbsp; &nbsp; &nbsp; &nbsp; &nbsp; &nbsp; &nbsp; &nbsp; &nbsp; &nbsp; &nbsp; &nbsp; &nbsp; &nbsp; &nbsp; &nbsp; &nbsp; &nbsp;&nbsp;<\/p>\n\n\n\n<p>Damaia, 28 de Agosto de 2022<\/p>\n","protected":false},"excerpt":{"rendered":"<p>\u201cQuando fores convidado para um banquete nupcial, n\u00e3o tomes o primeiro lugar\u201d Lc14,8 Domingo | 28\/08&nbsp;\u2013&nbsp;Missas&nbsp;\u00e0s 09h, \u00e0s 11h e \u00e0s 19h. &nbsp;&nbsp;&nbsp; 2\u00aa Feira | 29\/08&nbsp;\u2013&nbsp;Mem\u00f3ria do&nbsp;Mart\u00edrio de S. Jo\u00e3o Batista.&nbsp;&nbsp; 4\u00aa Feira | 31\/08&nbsp;\u2013. Missas com a&nbsp;Novena&nbsp;Perp\u00e9tua.&nbsp;&nbsp; &nbsp;&nbsp; 5\u00aa Feira | 01\/09&nbsp;\u2013 Adora\u00e7\u00e3o&nbsp;ao Sant\u00edssimo Sacramento, \u00e0s 18h15. &nbsp; 6\u00aa Feira | 02\/09&nbsp;\u2013 Primeira<a class=\"more-link\" href=\"https:\/\/www.paroquia-damaia.pt\/old\/comunicacoes-paroquiais-28-08-2022\/\">Continuar lendo <span class=\"screen-reader-text\">&#8220;Comunica\u00e7\u00f5es Paroquiais -28\/08\/2022&#8221;<\/span><\/a><\/p>\n","protected":false},"author":5,"featured_media":0,"comment_status":"closed","ping_status":"open","sticky":false,"template":"","format":"standard","meta":{"footnotes":""},"categories":[4],"tags":[],"class_list":["post-35886","post","type-post","status-publish","format-standard","hentry","category-avisos-paroquiais","entry"],"_links":{"self":[{"href":"https:\/\/www.paroquia-damaia.pt\/old\/wp-json\/wp\/v2\/posts\/35886","targetHints":{"allow":["GET"]}}],"collection":[{"href":"https:\/\/www.paroquia-damaia.pt\/old\/wp-json\/wp\/v2\/posts"}],"about":[{"href":"https:\/\/www.paroquia-damaia.pt\/old\/wp-json\/wp\/v2\/types\/post"}],"author":[{"embeddable":true,"href":"https:\/\/www.paroquia-damaia.pt\/old\/wp-json\/wp\/v2\/users\/5"}],"replies":[{"embeddable":true,"href":"https:\/\/www.paroquia-damaia.pt\/old\/wp-json\/wp\/v2\/comments?post=35886"}],"version-history":[{"count":2,"href":"https:\/\/www.paroquia-damaia.pt\/old\/wp-json\/wp\/v2\/posts\/35886\/revisions"}],"predecessor-version":[{"id":36041,"href":"https:\/\/www.paroquia-damaia.pt\/old\/wp-json\/wp\/v2\/posts\/35886\/revisions\/36041"}],"wp:attachment":[{"href":"https:\/\/www.paroquia-damaia.pt\/old\/wp-json\/wp\/v2\/media?parent=35886"}],"wp:term":[{"taxonomy":"category","embeddable":true,"href":"https:\/\/www.paroquia-damaia.pt\/old\/wp-json\/wp\/v2\/categories?post=35886"},{"taxonomy":"post_tag","embeddable":true,"href":"https:\/\/www.paroquia-damaia.pt\/old\/wp-json\/wp\/v2\/tags?post=35886"}],"curies":[{"name":"wp","href":"https:\/\/api.w.org\/{rel}","templated":true}]}}