{"id":39401,"date":"2023-03-25T12:41:20","date_gmt":"2023-03-25T11:41:20","guid":{"rendered":"https:\/\/www.paroquia-damaia.pt\/old\/?p=39401"},"modified":"2023-03-25T12:41:20","modified_gmt":"2023-03-25T11:41:20","slug":"comunicacoes-paroquiais-26-03-2023","status":"publish","type":"post","link":"https:\/\/www.paroquia-damaia.pt\/old\/comunicacoes-paroquiais-26-03-2023\/","title":{"rendered":"\u00a0Comunica\u00e7\u00f5es Paroquiais-26\/03\/2023"},"content":{"rendered":"<nav style=\"background-color: #f6f6f6;\" class=\"has-background items-justified-center alignfull wp-block-navigation is-content-justification-center is-layout-flex wp-container-core-navigation-is-layout-1 wp-block-navigation-is-layout-flex\" aria-label=\"Navigation 3\"><ul style=\"background-color: #f6f6f6;\" class=\"wp-block-navigation__container has-background items-justified-center alignfull wp-block-navigation\"><li class=\" wp-block-navigation-item wp-block-navigation-link\"><a class=\"wp-block-navigation-item__content\"  href=\"https:\/\/www.paroquia-damaia.pt\/old\" rel=\"\"><span class=\"wp-block-navigation-item__label\">In\u00edcio<\/span><\/a><\/li><li data-wp-context=\"{ &quot;submenuOpenedBy&quot;: { &quot;click&quot;: false, &quot;hover&quot;: false, &quot;focus&quot;: false }, &quot;type&quot;: &quot;submenu&quot; }\" data-wp-interactive=\"core\/navigation\" data-wp-on--focusout=\"actions.handleMenuFocusout\" data-wp-on--keydown=\"actions.handleMenuKeydown\" data-wp-on-async--mouseenter=\"actions.openMenuOnHover\" data-wp-on-async--mouseleave=\"actions.closeMenuOnHover\" data-wp-watch=\"callbacks.initMenu\" tabindex=\"-1\" class=\" wp-block-navigation-item has-child open-on-hover-click wp-block-navigation-submenu\"><a class=\"wp-block-navigation-item__content\" href=\"http:\/\/paroquia-damaia.pt\/acolhimento\/\">A Par\u00f3quia<\/a><button data-wp-bind--aria-expanded=\"state.isMenuOpen\" data-wp-on-async--click=\"actions.toggleMenuOnClick\" aria-label=\"A Par\u00f3quia submenu\" class=\"wp-block-navigation__submenu-icon wp-block-navigation-submenu__toggle\" ><svg xmlns=\"http:\/\/www.w3.org\/2000\/svg\" width=\"12\" height=\"12\" viewBox=\"0 0 12 12\" fill=\"none\" aria-hidden=\"true\" focusable=\"false\"><path d=\"M1.50002 4L6.00002 8L10.5 4\" stroke-width=\"1.5\"><\/path><\/svg><\/button><ul data-wp-on-async--focus=\"actions.openMenuOnFocus\" class=\"wp-block-navigation__submenu-container wp-block-navigation-submenu\"><li class=\" wp-block-navigation-item wp-block-navigation-link\"><a class=\"wp-block-navigation-item__content\"  href=\"https:\/\/www.paroquia-damaia.pt\/old\/acolhimento\/\"><span class=\"wp-block-navigation-item__label\">Acolhimento<\/span><\/a><\/li><li class=\" wp-block-navigation-item wp-block-navigation-link\"><a class=\"wp-block-navigation-item__content\"  href=\"https:\/\/www.paroquia-damaia.pt\/old\/o-paroco-vigario-e-diaconos-da-comunidade\/\"><span class=\"wp-block-navigation-item__label\">O P\u00e1roco, Vig\u00e1rio e Di\u00e1conos da\u00a0Comunidade<\/span><\/a><\/li><li class=\" wp-block-navigation-item wp-block-navigation-link\"><a class=\"wp-block-navigation-item__content\"  href=\"https:\/\/www.paroquia-damaia.pt\/old\/a-nossa-historia\/\"><span class=\"wp-block-navigation-item__label\">A Nossa Hist\u00f3ria<\/span><\/a><\/li><\/ul><\/li><li data-wp-context=\"{ &quot;submenuOpenedBy&quot;: { &quot;click&quot;: false, &quot;hover&quot;: false, &quot;focus&quot;: false }, &quot;type&quot;: &quot;submenu&quot; }\" data-wp-interactive=\"core\/navigation\" data-wp-on--focusout=\"actions.handleMenuFocusout\" data-wp-on--keydown=\"actions.handleMenuKeydown\" data-wp-on-async--mouseenter=\"actions.openMenuOnHover\" data-wp-on-async--mouseleave=\"actions.closeMenuOnHover\" data-wp-watch=\"callbacks.initMenu\" tabindex=\"-1\" class=\" wp-block-navigation-item has-child open-on-hover-click wp-block-navigation-submenu\"><a class=\"wp-block-navigation-item__content\" href=\"https:\/\/paroquia-damaia.pt\/catequese\/\">Evangeliza\u00e7\u00e3o<\/a><button data-wp-bind--aria-expanded=\"state.isMenuOpen\" data-wp-on-async--click=\"actions.toggleMenuOnClick\" aria-label=\"Evangeliza\u00e7\u00e3o submenu\" class=\"wp-block-navigation__submenu-icon wp-block-navigation-submenu__toggle\" ><svg xmlns=\"http:\/\/www.w3.org\/2000\/svg\" width=\"12\" height=\"12\" viewBox=\"0 0 12 12\" fill=\"none\" aria-hidden=\"true\" focusable=\"false\"><path d=\"M1.50002 4L6.00002 8L10.5 4\" stroke-width=\"1.5\"><\/path><\/svg><\/button><ul data-wp-on-async--focus=\"actions.openMenuOnFocus\" class=\"wp-block-navigation__submenu-container wp-block-navigation-submenu\"><li data-wp-context=\"{ &quot;submenuOpenedBy&quot;: { &quot;click&quot;: false, &quot;hover&quot;: false, &quot;focus&quot;: false }, &quot;type&quot;: &quot;submenu&quot; }\" data-wp-interactive=\"core\/navigation\" data-wp-on--focusout=\"actions.handleMenuFocusout\" data-wp-on--keydown=\"actions.handleMenuKeydown\" data-wp-on-async--mouseenter=\"actions.openMenuOnHover\" data-wp-on-async--mouseleave=\"actions.closeMenuOnHover\" data-wp-watch=\"callbacks.initMenu\" tabindex=\"-1\" class=\" wp-block-navigation-item has-child open-on-hover-click wp-block-navigation-submenu\"><a class=\"wp-block-navigation-item__content\" href=\"https:\/\/paroquia-damaia.pt\/catequese\/\">Catequese<\/a><button data-wp-bind--aria-expanded=\"state.isMenuOpen\" data-wp-on-async--click=\"actions.toggleMenuOnClick\" aria-label=\"Catequese submenu\" class=\"wp-block-navigation__submenu-icon wp-block-navigation-submenu__toggle\" ><svg xmlns=\"http:\/\/www.w3.org\/2000\/svg\" width=\"12\" height=\"12\" viewBox=\"0 0 12 12\" fill=\"none\" aria-hidden=\"true\" focusable=\"false\"><path d=\"M1.50002 4L6.00002 8L10.5 4\" stroke-width=\"1.5\"><\/path><\/svg><\/button><ul data-wp-on-async--focus=\"actions.openMenuOnFocus\" class=\"wp-block-navigation__submenu-container wp-block-navigation-submenu\"><li class=\" wp-block-navigation-item wp-block-navigation-link\"><a class=\"wp-block-navigation-item__content\"  href=\"https:\/\/paroquia-damaia.pt\/catequese\"><span class=\"wp-block-navigation-item__label\">Inf\u00e2ntil<\/span><\/a><\/li><li class=\" wp-block-navigation-item wp-block-navigation-link\"><a class=\"wp-block-navigation-item__content\"  href=\"https:\/\/paroquia-damaia.pt\/catequese-adultos\/\"><span class=\"wp-block-navigation-item__label\">Adultos<\/span><\/a><\/li><\/ul><\/li><li class=\" wp-block-navigation-item wp-block-navigation-link\"><a class=\"wp-block-navigation-item__content\"  href=\"https:\/\/paroquia-damaia.pt\/grupo-de-jovens\/\"><span class=\"wp-block-navigation-item__label\">Grupo de Jovens<\/span><\/a><\/li><li class=\" wp-block-navigation-item wp-block-navigation-link\"><a class=\"wp-block-navigation-item__content\"  href=\"http:\/\/paroquia-damaia.pt\/damaia-a-caminho\"><span class=\"wp-block-navigation-item__label\">Damaia a Caminho<\/span><\/a><\/li><li class=\" wp-block-navigation-item wp-block-navigation-link\"><a class=\"wp-block-navigation-item__content\"  href=\"https:\/\/paroquia-damaia.pt\/escuteiros-255-damaia\/\"><span class=\"wp-block-navigation-item__label\">Escuteiros 255-Damaia<\/span><\/a><\/li><li class=\" wp-block-navigation-item wp-block-navigation-link\"><a class=\"wp-block-navigation-item__content\"  href=\"https:\/\/paroquia-damaia.pt\/encontros-de-preparacao-batismo-e-encontros-de-preparacao-matrimonio\/\"><span class=\"wp-block-navigation-item__label\">Encontros de Prepara\u00e7\u00e3o Batismo e Encontros de Prepara\u00e7\u00e3o\u00a0Matrim\u00f3nio<\/span><\/a><\/li><li class=\" wp-block-navigation-item wp-block-navigation-link\"><a class=\"wp-block-navigation-item__content\"  href=\"https:\/\/paroquia-damaia.pt\/grupos-de-reflexao\/\"><span class=\"wp-block-navigation-item__label\">Grupos de Reflex\u00e3o<\/span><\/a><\/li><\/ul><\/li><li data-wp-context=\"{ &quot;submenuOpenedBy&quot;: { &quot;click&quot;: false, &quot;hover&quot;: false, &quot;focus&quot;: false }, &quot;type&quot;: &quot;submenu&quot; }\" data-wp-interactive=\"core\/navigation\" data-wp-on--focusout=\"actions.handleMenuFocusout\" data-wp-on--keydown=\"actions.handleMenuKeydown\" data-wp-on-async--mouseenter=\"actions.openMenuOnHover\" data-wp-on-async--mouseleave=\"actions.closeMenuOnHover\" data-wp-watch=\"callbacks.initMenu\" tabindex=\"-1\" class=\" wp-block-navigation-item has-child open-on-hover-click wp-block-navigation-submenu\"><a class=\"wp-block-navigation-item__content\" href=\"https:\/\/paroquia-damaia.pt\/missas\/\">Missas e Celebra\u00e7\u00f5es<\/a><button data-wp-bind--aria-expanded=\"state.isMenuOpen\" data-wp-on-async--click=\"actions.toggleMenuOnClick\" aria-label=\"Missas e Celebra\u00e7\u00f5es submenu\" class=\"wp-block-navigation__submenu-icon wp-block-navigation-submenu__toggle\" ><svg xmlns=\"http:\/\/www.w3.org\/2000\/svg\" width=\"12\" height=\"12\" viewBox=\"0 0 12 12\" fill=\"none\" aria-hidden=\"true\" focusable=\"false\"><path d=\"M1.50002 4L6.00002 8L10.5 4\" stroke-width=\"1.5\"><\/path><\/svg><\/button><ul data-wp-on-async--focus=\"actions.openMenuOnFocus\" class=\"wp-block-navigation__submenu-container wp-block-navigation-submenu\"><li class=\" wp-block-navigation-item wp-block-navigation-link\"><a class=\"wp-block-navigation-item__content\"  href=\"https:\/\/paroquia-damaia.pt\/missas\/\"><span class=\"wp-block-navigation-item__label\">Celebra\u00e7\u00f5es<\/span><\/a><\/li><li class=\" wp-block-navigation-item wp-block-navigation-link\"><a class=\"wp-block-navigation-item__content\"  href=\"https:\/\/paroquia-damaia.pt\/pastoral-liturgica\/\"><span class=\"wp-block-navigation-item__label\">Pastoral Lit\u00fargica<\/span><\/a><\/li><\/ul><\/li><li class=\" wp-block-navigation-item wp-block-navigation-link\"><a class=\"wp-block-navigation-item__content\"  href=\"https:\/\/paroquia-damaia.pt\/caridade\/\"><span class=\"wp-block-navigation-item__label\">Caridade<\/span><\/a><\/li><li class=\" wp-block-navigation-item wp-block-navigation-link\"><a class=\"wp-block-navigation-item__content\"  href=\"https:\/\/paroquia-damaia.pt\/secretaria-paroquial\/\"><span class=\"wp-block-navigation-item__label\">Secretaria Paroquial<\/span><\/a><\/li><li class=\" wp-block-navigation-item wp-block-navigation-link\"><a class=\"wp-block-navigation-item__content\"  href=\"https:\/\/www.paroquia-damaia.pt\/old\/wyd-2023-lisboa\/\" title=\"WYD 2023 - Lisbon\"><span class=\"wp-block-navigation-item__label\">WYD 2023 &#8211; Lisbon<\/span><\/a><\/li><\/ul><\/nav>\n\n\n<blockquote class=\"wp-block-quote has-text-align-center is-style-large is-layout-flow wp-block-quote-is-layout-flow\">\n<p>\u201c<strong><em><strong><em>Eu sou a ressurrei\u00e7\u00e3o e a vida. Quem cr\u00ea em Mim, mesmo que tenha morrido, viver\u00e1\u00bb<\/em><\/strong><\/em><\/strong>\u201d<\/p>\n<cite>Jo 11,25<\/cite><\/blockquote>\n\n\n\n<p><strong><u>Domingo | 26\/03<\/u><\/strong> &#8211; <strong>5\u00ba Domingo<\/strong> da Quaresma. Catequese: <strong>Rito Penitencial<\/strong> (18h).<\/p>\n\n\n\n<p><strong><u>2\u00aa Feira | 27\/03 <\/u><\/strong>&nbsp;&nbsp;&#8211; Reuni\u00e3o do <strong>CEP<\/strong> (19h). Forma\u00e7\u00e3o b\u00edblica para <strong>Leitores<\/strong> (19h).&nbsp;&nbsp;<\/p>\n\n\n\n<p><strong><u>3\u00aa Feira | 28\/03 <\/u><\/strong>&nbsp;&nbsp;&#8211; Reuni\u00e3o da <strong>Comiss\u00e3o Permanente<\/strong> do CPP (21h15).<\/p>\n\n\n\n<p><strong><u>4\u00aa Feira | 29\/03 <\/u><\/strong>\u2013 Missas com a <strong>Novena Perp\u00e9tua<\/strong> (09h e 19h).&nbsp; <strong>&nbsp;&nbsp;<\/strong>&nbsp;&nbsp;&nbsp;<\/p>\n\n\n\n<p><strong><u>5\u00aa Feira | 30\/03<\/u><\/strong><strong> <\/strong>\u2013 <strong>Adora\u00e7\u00e3o<\/strong> ao Sant\u00edssimo Sacramento (18h15). <strong>Confiss\u00f5es<\/strong> das crian\u00e7as da catequese (19h).<\/p>\n\n\n\n<p><strong><u>6\u00aa Feira | 31\/03 <\/u><\/strong><strong>\u2013<\/strong> <strong>Dia de Reconcilia\u00e7\u00e3o<\/strong>, com confiss\u00f5es durante o dia todo: pela manh\u00e3, das 09h \u00e0s 12h e \u00e0 tarde, a partir das 15h.&nbsp; <strong>Via \u2013 Sacra<\/strong> pelas ruas da Damaia, \u00e0s 21h, coordenada pelos jovens.&nbsp; &nbsp;<strong>&nbsp;<\/strong>&nbsp;&nbsp;&nbsp;&nbsp;<\/p>\n\n\n\n<p><strong><u>S\u00e1bado | 01\/04 <\/u><\/strong><strong>\u2013<\/strong> Missa vespertina do <strong>Domingo de Ramos<\/strong> com a b\u00ean\u00e7\u00e3o de ramos no \u00e1trio da Igreja e a prociss\u00e3o (19h).&nbsp;&nbsp; &nbsp;<\/p>\n\n\n\n<p><strong><u>Domingo | 02\/04 <\/u><\/strong><strong>\u2013<\/strong> <strong>Domingo de Ramos na Paix\u00e3o do Senhor<\/strong>. In\u00edcio da Semana Santa. Missas com <strong>b\u00ean\u00e7\u00e3o de ramos e prociss\u00f5es<\/strong>: \u00e0s 09h; e \u00e0s 18h no \u00c1trio da Igreja e \u00e0s 10h30 ao lado do Centro de Sa\u00fade. A prociss\u00e3o seguira pelas ruas: Catarina Euf\u00eamia, Largo Alexandre de Gusm\u00e3o, Largo da Igreja, Rua Gen. Jo\u00e3o de Almeida. &nbsp;&nbsp;<\/p>\n\n\n\n<p><strong>Aos aniversariantes <\/strong>desta semana<strong>, <\/strong>desejamos muitas e copiosas b\u00ean\u00e7\u00e3os do Sant\u00edssimo Redentor e a prote\u00e7\u00e3o da M\u00e3e de Deus.<\/p>\n\n\n\n<p>Na Semana Santa, al\u00e9m das confiss\u00f5es durante toda a semana, teremos tamb\u00e9m uma <strong>Celebra\u00e7\u00e3o da Reconcilia\u00e7\u00e3o<\/strong>. Veja a Programa\u00e7\u00e3o da semana Santa e leve a para sua casa. &nbsp;&nbsp;&nbsp;<\/p>\n\n\n\n<p>Participe na <strong>Recolha de Alimentos<\/strong> nesta Quaresma. Veja cartaz. Contamos com a sua ajuda.&nbsp;<\/p>\n\n\n\n<p><strong>A 2\u00aa Corrida do Redentor<\/strong>, ser\u00e1 realizada no dia 22 de abril.&nbsp; Participemos.<\/p>\n\n\n\n<p><strong>No m\u00eas de abril as missas no domingo \u00e0 tarde<\/strong> continuar\u00e3o no mesmo hor\u00e1rio (\u00e0s 18h).<\/p>\n\n\n\n<p>Fa\u00e7a sua <strong>Ren\u00fancia Quaresmal<\/strong> destinada este ano \u00e0 constru\u00e7\u00e3o duma casa de acolhimento a adolescentes e jovens em Laleia (Timor Leste), gerida pelas Irm\u00e3s Franciscanas Mission\u00e1rias de Nossa Senhora, e \u00e0 Comunidade Vida e Paz, para poder refor\u00e7ar o seu apoio \u00e0s pessoas em situa\u00e7\u00e3o de sem-abrigo. &nbsp;<\/p>\n\n\n\n<p>Pe. Crist\u00f3v\u00e3o Dworak, CSsR \u2013 P\u00e1roco&nbsp;&nbsp;&nbsp;&nbsp;&nbsp;&nbsp;&nbsp;&nbsp;&nbsp;&nbsp;&nbsp;&nbsp;&nbsp;&nbsp;&nbsp;&nbsp;&nbsp;&nbsp;&nbsp;&nbsp;&nbsp;&nbsp;&nbsp;&nbsp;&nbsp;&nbsp;&nbsp;&nbsp;&nbsp;&nbsp;&nbsp;&nbsp;&nbsp;&nbsp;&nbsp;&nbsp;&nbsp;&nbsp;<\/p>\n\n\n\n<p>Damaia, 26 de mar\u00e7o de 2023<\/p>\n","protected":false},"excerpt":{"rendered":"<p>\u201cEu sou a ressurrei\u00e7\u00e3o e a vida. Quem cr\u00ea em Mim, mesmo que tenha morrido, viver\u00e1\u00bb\u201d Jo 11,25 Domingo | 26\/03 &#8211; 5\u00ba Domingo da Quaresma. Catequese: Rito Penitencial (18h). 2\u00aa Feira | 27\/03 &nbsp;&nbsp;&#8211; Reuni\u00e3o do CEP (19h). Forma\u00e7\u00e3o b\u00edblica para Leitores (19h).&nbsp;&nbsp; 3\u00aa Feira | 28\/03 &nbsp;&nbsp;&#8211; Reuni\u00e3o da Comiss\u00e3o Permanente do CPP<a class=\"more-link\" href=\"https:\/\/www.paroquia-damaia.pt\/old\/comunicacoes-paroquiais-26-03-2023\/\">Continuar lendo <span class=\"screen-reader-text\">&#8221;\u00a0Comunica\u00e7\u00f5es Paroquiais-26\/03\/2023&#8243;<\/span><\/a><\/p>\n","protected":false},"author":8,"featured_media":0,"comment_status":"closed","ping_status":"open","sticky":false,"template":"","format":"standard","meta":{"footnotes":""},"categories":[4],"tags":[],"class_list":["post-39401","post","type-post","status-publish","format-standard","hentry","category-avisos-paroquiais","entry"],"_links":{"self":[{"href":"https:\/\/www.paroquia-damaia.pt\/old\/wp-json\/wp\/v2\/posts\/39401","targetHints":{"allow":["GET"]}}],"collection":[{"href":"https:\/\/www.paroquia-damaia.pt\/old\/wp-json\/wp\/v2\/posts"}],"about":[{"href":"https:\/\/www.paroquia-damaia.pt\/old\/wp-json\/wp\/v2\/types\/post"}],"author":[{"embeddable":true,"href":"https:\/\/www.paroquia-damaia.pt\/old\/wp-json\/wp\/v2\/users\/8"}],"replies":[{"embeddable":true,"href":"https:\/\/www.paroquia-damaia.pt\/old\/wp-json\/wp\/v2\/comments?post=39401"}],"version-history":[{"count":2,"href":"https:\/\/www.paroquia-damaia.pt\/old\/wp-json\/wp\/v2\/posts\/39401\/revisions"}],"predecessor-version":[{"id":39403,"href":"https:\/\/www.paroquia-damaia.pt\/old\/wp-json\/wp\/v2\/posts\/39401\/revisions\/39403"}],"wp:attachment":[{"href":"https:\/\/www.paroquia-damaia.pt\/old\/wp-json\/wp\/v2\/media?parent=39401"}],"wp:term":[{"taxonomy":"category","embeddable":true,"href":"https:\/\/www.paroquia-damaia.pt\/old\/wp-json\/wp\/v2\/categories?post=39401"},{"taxonomy":"post_tag","embeddable":true,"href":"https:\/\/www.paroquia-damaia.pt\/old\/wp-json\/wp\/v2\/tags?post=39401"}],"curies":[{"name":"wp","href":"https:\/\/api.w.org\/{rel}","templated":true}]}}