{"id":39735,"date":"2023-07-23T17:50:13","date_gmt":"2023-07-23T16:50:13","guid":{"rendered":"https:\/\/www.paroquia-damaia.pt\/old\/?p=39735"},"modified":"2023-07-23T17:52:21","modified_gmt":"2023-07-23T16:52:21","slug":"comunicacoes-paroquiais-domingo-xvi-do-tempo-comum-23-07-2023","status":"publish","type":"post","link":"https:\/\/www.paroquia-damaia.pt\/old\/comunicacoes-paroquiais-domingo-xvi-do-tempo-comum-23-07-2023\/","title":{"rendered":"Comunica\u00e7\u00f5es Paroquiais &#8211; 23\/07\/2023"},"content":{"rendered":"<nav style=\"background-color: #f6f6f6;\" class=\"has-background items-justified-center alignfull wp-block-navigation is-content-justification-center is-layout-flex wp-container-core-navigation-is-layout-1 wp-block-navigation-is-layout-flex\" aria-label=\"Navigation 3\"><ul style=\"background-color: #f6f6f6;\" class=\"wp-block-navigation__container has-background items-justified-center alignfull wp-block-navigation\"><li class=\" wp-block-navigation-item wp-block-navigation-link\"><a class=\"wp-block-navigation-item__content\"  href=\"https:\/\/www.paroquia-damaia.pt\/old\" rel=\"\"><span class=\"wp-block-navigation-item__label\">In\u00edcio<\/span><\/a><\/li><li data-wp-context=\"{ &quot;submenuOpenedBy&quot;: { &quot;click&quot;: false, &quot;hover&quot;: false, &quot;focus&quot;: false }, &quot;type&quot;: &quot;submenu&quot; }\" data-wp-interactive=\"core\/navigation\" data-wp-on--focusout=\"actions.handleMenuFocusout\" data-wp-on--keydown=\"actions.handleMenuKeydown\" data-wp-on-async--mouseenter=\"actions.openMenuOnHover\" data-wp-on-async--mouseleave=\"actions.closeMenuOnHover\" data-wp-watch=\"callbacks.initMenu\" tabindex=\"-1\" class=\" wp-block-navigation-item has-child open-on-hover-click wp-block-navigation-submenu\"><a class=\"wp-block-navigation-item__content\" href=\"http:\/\/paroquia-damaia.pt\/acolhimento\/\">A Par\u00f3quia<\/a><button data-wp-bind--aria-expanded=\"state.isMenuOpen\" data-wp-on-async--click=\"actions.toggleMenuOnClick\" aria-label=\"A Par\u00f3quia submenu\" class=\"wp-block-navigation__submenu-icon wp-block-navigation-submenu__toggle\" ><svg xmlns=\"http:\/\/www.w3.org\/2000\/svg\" width=\"12\" height=\"12\" viewBox=\"0 0 12 12\" fill=\"none\" aria-hidden=\"true\" focusable=\"false\"><path d=\"M1.50002 4L6.00002 8L10.5 4\" stroke-width=\"1.5\"><\/path><\/svg><\/button><ul data-wp-on-async--focus=\"actions.openMenuOnFocus\" class=\"wp-block-navigation__submenu-container wp-block-navigation-submenu\"><li class=\" wp-block-navigation-item wp-block-navigation-link\"><a class=\"wp-block-navigation-item__content\"  href=\"https:\/\/www.paroquia-damaia.pt\/old\/acolhimento\/\"><span class=\"wp-block-navigation-item__label\">Acolhimento<\/span><\/a><\/li><li class=\" wp-block-navigation-item wp-block-navigation-link\"><a class=\"wp-block-navigation-item__content\"  href=\"https:\/\/www.paroquia-damaia.pt\/old\/o-paroco-vigario-e-diaconos-da-comunidade\/\"><span class=\"wp-block-navigation-item__label\">O P\u00e1roco, Vig\u00e1rio e Di\u00e1conos da\u00a0Comunidade<\/span><\/a><\/li><li class=\" wp-block-navigation-item wp-block-navigation-link\"><a class=\"wp-block-navigation-item__content\"  href=\"https:\/\/www.paroquia-damaia.pt\/old\/a-nossa-historia\/\"><span class=\"wp-block-navigation-item__label\">A Nossa Hist\u00f3ria<\/span><\/a><\/li><\/ul><\/li><li data-wp-context=\"{ &quot;submenuOpenedBy&quot;: { &quot;click&quot;: false, &quot;hover&quot;: false, &quot;focus&quot;: false }, &quot;type&quot;: &quot;submenu&quot; }\" data-wp-interactive=\"core\/navigation\" data-wp-on--focusout=\"actions.handleMenuFocusout\" data-wp-on--keydown=\"actions.handleMenuKeydown\" data-wp-on-async--mouseenter=\"actions.openMenuOnHover\" data-wp-on-async--mouseleave=\"actions.closeMenuOnHover\" data-wp-watch=\"callbacks.initMenu\" tabindex=\"-1\" class=\" wp-block-navigation-item has-child open-on-hover-click wp-block-navigation-submenu\"><a class=\"wp-block-navigation-item__content\" href=\"https:\/\/paroquia-damaia.pt\/catequese\/\">Evangeliza\u00e7\u00e3o<\/a><button data-wp-bind--aria-expanded=\"state.isMenuOpen\" data-wp-on-async--click=\"actions.toggleMenuOnClick\" aria-label=\"Evangeliza\u00e7\u00e3o submenu\" class=\"wp-block-navigation__submenu-icon wp-block-navigation-submenu__toggle\" ><svg xmlns=\"http:\/\/www.w3.org\/2000\/svg\" width=\"12\" height=\"12\" viewBox=\"0 0 12 12\" fill=\"none\" aria-hidden=\"true\" focusable=\"false\"><path d=\"M1.50002 4L6.00002 8L10.5 4\" stroke-width=\"1.5\"><\/path><\/svg><\/button><ul data-wp-on-async--focus=\"actions.openMenuOnFocus\" class=\"wp-block-navigation__submenu-container wp-block-navigation-submenu\"><li data-wp-context=\"{ &quot;submenuOpenedBy&quot;: { &quot;click&quot;: false, &quot;hover&quot;: false, &quot;focus&quot;: false }, &quot;type&quot;: &quot;submenu&quot; }\" data-wp-interactive=\"core\/navigation\" data-wp-on--focusout=\"actions.handleMenuFocusout\" data-wp-on--keydown=\"actions.handleMenuKeydown\" data-wp-on-async--mouseenter=\"actions.openMenuOnHover\" data-wp-on-async--mouseleave=\"actions.closeMenuOnHover\" data-wp-watch=\"callbacks.initMenu\" tabindex=\"-1\" class=\" wp-block-navigation-item has-child open-on-hover-click wp-block-navigation-submenu\"><a class=\"wp-block-navigation-item__content\" href=\"https:\/\/paroquia-damaia.pt\/catequese\/\">Catequese<\/a><button data-wp-bind--aria-expanded=\"state.isMenuOpen\" data-wp-on-async--click=\"actions.toggleMenuOnClick\" aria-label=\"Catequese submenu\" class=\"wp-block-navigation__submenu-icon wp-block-navigation-submenu__toggle\" ><svg xmlns=\"http:\/\/www.w3.org\/2000\/svg\" width=\"12\" height=\"12\" viewBox=\"0 0 12 12\" fill=\"none\" aria-hidden=\"true\" focusable=\"false\"><path d=\"M1.50002 4L6.00002 8L10.5 4\" stroke-width=\"1.5\"><\/path><\/svg><\/button><ul data-wp-on-async--focus=\"actions.openMenuOnFocus\" class=\"wp-block-navigation__submenu-container wp-block-navigation-submenu\"><li class=\" wp-block-navigation-item wp-block-navigation-link\"><a class=\"wp-block-navigation-item__content\"  href=\"https:\/\/paroquia-damaia.pt\/catequese\"><span class=\"wp-block-navigation-item__label\">Inf\u00e2ntil<\/span><\/a><\/li><li class=\" wp-block-navigation-item wp-block-navigation-link\"><a class=\"wp-block-navigation-item__content\"  href=\"https:\/\/paroquia-damaia.pt\/catequese-adultos\/\"><span class=\"wp-block-navigation-item__label\">Adultos<\/span><\/a><\/li><\/ul><\/li><li class=\" wp-block-navigation-item wp-block-navigation-link\"><a class=\"wp-block-navigation-item__content\"  href=\"https:\/\/paroquia-damaia.pt\/grupo-de-jovens\/\"><span class=\"wp-block-navigation-item__label\">Grupo de Jovens<\/span><\/a><\/li><li class=\" wp-block-navigation-item wp-block-navigation-link\"><a class=\"wp-block-navigation-item__content\"  href=\"http:\/\/paroquia-damaia.pt\/damaia-a-caminho\"><span class=\"wp-block-navigation-item__label\">Damaia a Caminho<\/span><\/a><\/li><li class=\" wp-block-navigation-item wp-block-navigation-link\"><a class=\"wp-block-navigation-item__content\"  href=\"https:\/\/paroquia-damaia.pt\/escuteiros-255-damaia\/\"><span class=\"wp-block-navigation-item__label\">Escuteiros 255-Damaia<\/span><\/a><\/li><li class=\" wp-block-navigation-item wp-block-navigation-link\"><a class=\"wp-block-navigation-item__content\"  href=\"https:\/\/paroquia-damaia.pt\/encontros-de-preparacao-batismo-e-encontros-de-preparacao-matrimonio\/\"><span class=\"wp-block-navigation-item__label\">Encontros de Prepara\u00e7\u00e3o Batismo e Encontros de Prepara\u00e7\u00e3o\u00a0Matrim\u00f3nio<\/span><\/a><\/li><li class=\" wp-block-navigation-item wp-block-navigation-link\"><a class=\"wp-block-navigation-item__content\"  href=\"https:\/\/paroquia-damaia.pt\/grupos-de-reflexao\/\"><span class=\"wp-block-navigation-item__label\">Grupos de Reflex\u00e3o<\/span><\/a><\/li><\/ul><\/li><li data-wp-context=\"{ &quot;submenuOpenedBy&quot;: { &quot;click&quot;: false, &quot;hover&quot;: false, &quot;focus&quot;: false }, &quot;type&quot;: &quot;submenu&quot; }\" data-wp-interactive=\"core\/navigation\" data-wp-on--focusout=\"actions.handleMenuFocusout\" data-wp-on--keydown=\"actions.handleMenuKeydown\" data-wp-on-async--mouseenter=\"actions.openMenuOnHover\" data-wp-on-async--mouseleave=\"actions.closeMenuOnHover\" data-wp-watch=\"callbacks.initMenu\" tabindex=\"-1\" class=\" wp-block-navigation-item has-child open-on-hover-click wp-block-navigation-submenu\"><a class=\"wp-block-navigation-item__content\" href=\"https:\/\/paroquia-damaia.pt\/missas\/\">Missas e Celebra\u00e7\u00f5es<\/a><button data-wp-bind--aria-expanded=\"state.isMenuOpen\" data-wp-on-async--click=\"actions.toggleMenuOnClick\" aria-label=\"Missas e Celebra\u00e7\u00f5es submenu\" class=\"wp-block-navigation__submenu-icon wp-block-navigation-submenu__toggle\" ><svg xmlns=\"http:\/\/www.w3.org\/2000\/svg\" width=\"12\" height=\"12\" viewBox=\"0 0 12 12\" fill=\"none\" aria-hidden=\"true\" focusable=\"false\"><path d=\"M1.50002 4L6.00002 8L10.5 4\" stroke-width=\"1.5\"><\/path><\/svg><\/button><ul data-wp-on-async--focus=\"actions.openMenuOnFocus\" class=\"wp-block-navigation__submenu-container wp-block-navigation-submenu\"><li class=\" wp-block-navigation-item wp-block-navigation-link\"><a class=\"wp-block-navigation-item__content\"  href=\"https:\/\/paroquia-damaia.pt\/missas\/\"><span class=\"wp-block-navigation-item__label\">Celebra\u00e7\u00f5es<\/span><\/a><\/li><li class=\" wp-block-navigation-item wp-block-navigation-link\"><a class=\"wp-block-navigation-item__content\"  href=\"https:\/\/paroquia-damaia.pt\/pastoral-liturgica\/\"><span class=\"wp-block-navigation-item__label\">Pastoral Lit\u00fargica<\/span><\/a><\/li><\/ul><\/li><li class=\" wp-block-navigation-item wp-block-navigation-link\"><a class=\"wp-block-navigation-item__content\"  href=\"https:\/\/paroquia-damaia.pt\/caridade\/\"><span class=\"wp-block-navigation-item__label\">Caridade<\/span><\/a><\/li><li class=\" wp-block-navigation-item wp-block-navigation-link\"><a class=\"wp-block-navigation-item__content\"  href=\"https:\/\/paroquia-damaia.pt\/secretaria-paroquial\/\"><span class=\"wp-block-navigation-item__label\">Secretaria Paroquial<\/span><\/a><\/li><li class=\" wp-block-navigation-item wp-block-navigation-link\"><a class=\"wp-block-navigation-item__content\"  href=\"https:\/\/www.paroquia-damaia.pt\/old\/wyd-2023-lisboa\/\" title=\"WYD 2023 - Lisbon\"><span class=\"wp-block-navigation-item__label\">WYD 2023 &#8211; Lisbon<\/span><\/a><\/li><\/ul><\/nav>\n\n\n<blockquote class=\"wp-block-quote has-text-align-center is-style-large is-layout-flow wp-block-quote-is-layout-flow\">\n<p><strong><em>\u201cO reino dos C\u00e9us pode comparar-se a um homem que semeou boa semente no seu campo\u201d<\/em><\/strong><\/p>\n<cite>Mt 13,24<\/cite><\/blockquote>\n\n\n\n<p><strong><u>Domingo | 23\/07<\/u><\/strong><strong> \u2013<\/strong><strong> <\/strong><strong>Faltam 09 dias<\/strong> para o in\u00edcio da <strong>Jornada Mundial da Juventude<\/strong>. <strong>Dia Mundial dos Av\u00f3s e dos Idosos<\/strong>. B<strong>\u00ean\u00e7\u00e3o dos condutores <\/strong>depois das missas. <strong>Reuni\u00e3o<\/strong> geral para todos os <strong>Volunt\u00e1rios da JMJ<\/strong> (14h30). <strong>Ter\u00e7o pelas Jornadas<\/strong>, no Parque do Neudel, (21h).<strong><\/strong><\/p>\n\n\n\n<p><strong><u>2\u00aa Feira | 24\/07<\/u><\/strong><strong><u> <\/u><\/strong>\u2013&nbsp;&nbsp; Mem\u00f3ria de <strong>S. Sarb\u00e9lio<\/strong>, presb\u00edtero. &nbsp;&nbsp;<\/p>\n\n\n\n<p><strong><u>3\u00aa Feira | 25\/07<\/u><\/strong><strong> \u2013 <\/strong>Festa de <strong>S. Tiago Ap\u00f3stolo<\/strong>.<\/p>\n\n\n\n<p><strong><u>4\u00aa Feira | 26\/07<\/u><\/strong><strong><u> <\/u><\/strong>\u2013 Mem\u00f3ria de <strong>Santos Joaquim e Ana<\/strong>, pais da Virgem Santa Maria <strong>Novena Perp\u00e9tua<\/strong> e b\u00ean\u00e7\u00e3o da \u00e1gua e da sa\u00fade.&nbsp;&nbsp;&nbsp; <strong>&nbsp;&nbsp;<\/strong>&nbsp;&nbsp;&nbsp;<\/p>\n\n\n\n<p><strong><u>5\u00aa Feira | 27\/07<\/u><\/strong><strong> <\/strong>\u2013 <strong>Adora\u00e7\u00e3o<\/strong> ao Sant\u00edssimo Sacramento, \u00e0s 18h15.&nbsp;<\/p>\n\n\n\n<p><strong><u>6\u00aa Feira | 28\/07<\/u><\/strong><strong> <\/strong>\u2013 52\u00ba Anivers\u00e1rio da <strong>B\u00ean\u00e7\u00e3o da 1\u00aa Pedra<\/strong> da Igreja Paroquial (1971)<\/p>\n\n\n\n<p><strong><u>S\u00e1bado | 29\/07<\/u><\/strong><strong> <\/strong>\u2013 Mem\u00f3ria de <strong>Santos Marta, Maria e L\u00e1zaro, <\/strong>hospedeiros do Senhor.<\/p>\n\n\n\n<p><strong><u>Domingo | 30\/07<\/u><\/strong><strong><u> <\/u><\/strong><strong>\u2013<\/strong> <strong>&nbsp;&nbsp;XVII Domingo <\/strong>do Tempo Comum.&nbsp; &nbsp;&nbsp;&nbsp;&nbsp;&nbsp;&nbsp;&nbsp;&nbsp;&nbsp;<\/p>\n\n\n\n<p><strong>Aos aniversariantes <\/strong>desta semana<strong>, <\/strong>desejamos muitas e copiosas b\u00ean\u00e7\u00e3os do Sant\u00edssimo Redentor e a prote\u00e7\u00e3o da M\u00e3e de Deus.<\/p>\n\n\n\n<p>Participe na <strong><em>Campanha \u201cDamaia nas cores da Jornada\u201d<\/em><\/strong>, adquirindo uma camisola, no valor de 5 \u20ac, branca e de 7\u20ac, colorida.<\/p>\n\n\n\n<p>Participe na<strong> Campanha da recolha<\/strong> de produtos em vista da Jornada Mundial da Juventude: ofere\u00e7a garrafas de \u00e1gua, bolachas, barras de cereais, snacks. Colabore. Bem-haja. &nbsp;&nbsp;&nbsp;&nbsp;&nbsp;&nbsp;<\/p>\n\n\n\n<p><strong>Visite o nosso Bar \u2013 Sala de Conv\u00edvio<\/strong> no Centro Pastoral Paroquial. Confira os hor\u00e1rios do funcionamento e seja bem-vindo.<\/p>\n\n\n\n<p><strong>Agradecemos<\/strong> a uma pequena equipa dos nossos paroquianos pelo excelente trabalho que foi realizada na semana passada na <strong>limpeza da nossa igreja<\/strong>. Bem-haja. &nbsp;&nbsp;<\/p>\n\n\n\n<p><strong>Peregrina\u00e7\u00e3o para F\u00e1tima<\/strong>, no dia 05 de agosto, vai depender de n\u00famero de inscritos. Mais informa\u00e7\u00f5es na Secretaria da Par\u00f3quia.<\/p>\n\n\n\n<p>Esta semana ser\u00e1 de uma intensa prepara\u00e7\u00e3o para a <strong>rece\u00e7\u00e3o de peregrinos<\/strong>. O nosso Centro Paroquial servir\u00e1 como <strong>centro de apoio aos peregrinos<\/strong> alojados na Damaia, Buraca e Venda Nova. Estar\u00e3o tamb\u00e9m alojados no nosso CPP aproximadamente <strong>quinze padres e seminaristas redentoristas<\/strong> vindos da Pol\u00f3nia, do Brasil, do Per\u00fa, da Angola e da \u00cdndia.<\/p>\n\n\n\n<p><strong>Confira a Programa\u00e7\u00e3o Oficial<\/strong> da Jornada Mundial da Juventude Lisboa 2023.&nbsp; &nbsp;&nbsp;&nbsp;<\/p>\n\n\n\n<p>Pe. Crist\u00f3v\u00e3o Dworak, CSsR &#8211; P\u00e1roco&nbsp;&nbsp;&nbsp;&nbsp;&nbsp;&nbsp;&nbsp;&nbsp;&nbsp;&nbsp;&nbsp;&nbsp;&nbsp;&nbsp;&nbsp;&nbsp;&nbsp;&nbsp;&nbsp;&nbsp;&nbsp;&nbsp;&nbsp;&nbsp;&nbsp;&nbsp;&nbsp;&nbsp;&nbsp;&nbsp;&nbsp;&nbsp;&nbsp;&nbsp;&nbsp;&nbsp; <\/p>\n\n\n\n<p>Damaia, 23 de Julho de 2023<\/p>\n","protected":false},"excerpt":{"rendered":"<p>\u201cO reino dos C\u00e9us pode comparar-se a um homem que semeou boa semente no seu campo\u201d Mt 13,24 Domingo | 23\/07 \u2013 Faltam 09 dias para o in\u00edcio da Jornada Mundial da Juventude. Dia Mundial dos Av\u00f3s e dos Idosos. B\u00ean\u00e7\u00e3o dos condutores depois das missas. Reuni\u00e3o geral para todos os Volunt\u00e1rios da JMJ (14h30).<a class=\"more-link\" href=\"https:\/\/www.paroquia-damaia.pt\/old\/comunicacoes-paroquiais-domingo-xvi-do-tempo-comum-23-07-2023\/\">Continuar lendo <span class=\"screen-reader-text\">&#8220;Comunica\u00e7\u00f5es Paroquiais &#8211; 23\/07\/2023&#8221;<\/span><\/a><\/p>\n","protected":false},"author":5,"featured_media":39736,"comment_status":"closed","ping_status":"open","sticky":false,"template":"","format":"standard","meta":{"footnotes":""},"categories":[4],"tags":[],"class_list":["post-39735","post","type-post","status-publish","format-standard","has-post-thumbnail","hentry","category-avisos-paroquiais","entry"],"_links":{"self":[{"href":"https:\/\/www.paroquia-damaia.pt\/old\/wp-json\/wp\/v2\/posts\/39735","targetHints":{"allow":["GET"]}}],"collection":[{"href":"https:\/\/www.paroquia-damaia.pt\/old\/wp-json\/wp\/v2\/posts"}],"about":[{"href":"https:\/\/www.paroquia-damaia.pt\/old\/wp-json\/wp\/v2\/types\/post"}],"author":[{"embeddable":true,"href":"https:\/\/www.paroquia-damaia.pt\/old\/wp-json\/wp\/v2\/users\/5"}],"replies":[{"embeddable":true,"href":"https:\/\/www.paroquia-damaia.pt\/old\/wp-json\/wp\/v2\/comments?post=39735"}],"version-history":[{"count":3,"href":"https:\/\/www.paroquia-damaia.pt\/old\/wp-json\/wp\/v2\/posts\/39735\/revisions"}],"predecessor-version":[{"id":39739,"href":"https:\/\/www.paroquia-damaia.pt\/old\/wp-json\/wp\/v2\/posts\/39735\/revisions\/39739"}],"wp:featuredmedia":[{"embeddable":true,"href":"https:\/\/www.paroquia-damaia.pt\/old\/wp-json\/wp\/v2\/media\/39736"}],"wp:attachment":[{"href":"https:\/\/www.paroquia-damaia.pt\/old\/wp-json\/wp\/v2\/media?parent=39735"}],"wp:term":[{"taxonomy":"category","embeddable":true,"href":"https:\/\/www.paroquia-damaia.pt\/old\/wp-json\/wp\/v2\/categories?post=39735"},{"taxonomy":"post_tag","embeddable":true,"href":"https:\/\/www.paroquia-damaia.pt\/old\/wp-json\/wp\/v2\/tags?post=39735"}],"curies":[{"name":"wp","href":"https:\/\/api.w.org\/{rel}","templated":true}]}}