{"id":39898,"date":"2023-08-20T20:52:26","date_gmt":"2023-08-20T19:52:26","guid":{"rendered":"https:\/\/www.paroquia-damaia.pt\/old\/?p=39898"},"modified":"2023-08-20T20:52:26","modified_gmt":"2023-08-20T19:52:26","slug":"comunicacoes-paroquiais-20-08-2023","status":"publish","type":"post","link":"https:\/\/www.paroquia-damaia.pt\/old\/comunicacoes-paroquiais-20-08-2023\/","title":{"rendered":"Comunica\u00e7\u00f5es Paroquiais &#8211; 20\/08\/2023"},"content":{"rendered":"\n<p class=\"has-text-align-center\"><strong>Domingo XX do Tempo Comum<\/strong><\/p>\n\n\n\n<p class=\"has-text-align-center\"><strong><em>\u201cMulher, \u00e9 grande a tua f\u00e9. Fa\u00e7a-se como desejas \u201d. (Mt 15,28)<\/em><\/strong><\/p>\n\n\n\n<p><strong><u>2\u00aa Feira | 21\/08 <\/u><\/strong>\u2013 Mem\u00f3ria de <strong>S. Pio X, <\/strong>Papa.&nbsp;&nbsp;<\/p>\n\n\n\n<p><strong><u>3\u00aa Feira | 22\/08<\/u><\/strong><strong> <\/strong>\u2013 Mem\u00f3ria de<strong> Virgem Santa Maria, Rainha. <\/strong>&nbsp;&nbsp;<strong><\/strong><\/p>\n\n\n\n<p><strong><u>4\u00aa Feira | 23\/08 <\/u><\/strong>\u2013 Mem\u00f3ria de <strong>S. Rosa de Lima, <\/strong>Virgem.<strong> <\/strong>Missas com a <strong>Novena Perp\u00e9tua; <\/strong>B\u00ean\u00e7\u00e3o da \u00e1gua e da sa\u00fade.&nbsp;&nbsp;&nbsp;&nbsp;&nbsp;&nbsp;&nbsp; <strong>&nbsp;&nbsp;<\/strong>&nbsp;&nbsp;&nbsp;<\/p>\n\n\n\n<p><strong><u>5\u00aa Feira | 24\/08<\/u><\/strong><strong> <\/strong>\u2013 Festa de <strong>S. Bartolomeu,<\/strong> Ap\u00f3stolo. <strong>Adora\u00e7\u00e3o<\/strong> ao Sant\u00edssimo Sacramento, \u00e0s 18h15.&nbsp;&nbsp;&nbsp;<\/p>\n\n\n\n<p><strong><u>6\u00aa Feira | 25\/08<\/u><\/strong><strong> <\/strong>\u2013 Mem\u00f3ria de <strong>S. Lu\u00eds de Fran\u00e7a<\/strong> e de <strong>S. Jos\u00e9 de Calasanz<\/strong>, presb\u00edtero.<\/p>\n\n\n\n<p><strong><u>Domingo | 27\/08 <\/u><\/strong><strong>\u2013<\/strong> <strong>XXI Domingo <\/strong>do Tempo Comum.<strong><\/strong><\/p>\n\n\n\n<p><strong>Aos aniversariantes <\/strong>desta semana<strong>, <\/strong>desejamos muitas e copiosas b\u00ean\u00e7\u00e3os do Sant\u00edssimo Redentor e a prote\u00e7\u00e3o da M\u00e3e de Deus.<\/p>\n\n\n\n<p>Lembramos, que no m\u00eas de agosto a <strong>Secretaria da Par\u00f3quia<\/strong> estar\u00e1 aberta apenas no per\u00edodo da tarde, no hor\u00e1rio das 16h30 \u00e0s 20h.&nbsp;<\/p>\n\n\n\n<p><strong>Peregrina\u00e7\u00e3o paroquial para F\u00e1tima<\/strong>, no dia 02 de setembro. Informa\u00e7\u00f5es e inscri\u00e7\u00f5es na Secretaria da Par\u00f3quia.<\/p>\n\n\n\n<p>Lembramos aos pais e aos av\u00f3s que a partir do dia <strong>03 de setembro<\/strong> estar\u00e3o abertas as <strong>inscri\u00e7\u00f5es para a Catequese<\/strong> 2023\/2024.<\/p>\n\n\n\n<p>Estar\u00e3o abertas tamb\u00e9m para os mi\u00fados e mi\u00fadas que j\u00e1 fizerem a 1\u00aa Comunh\u00e3o as inscri\u00e7\u00f5es para o <strong>grupo de Ac\u00f3litos<\/strong> da nossa Par\u00f3quia. Pedimos aos <strong>ac\u00f3litos ativos e inativos<\/strong> <strong>a confirmarem<\/strong> a sua vontade de continuar no grupo de ac\u00f3litos. Inscri\u00e7\u00f5es na Secretaria da Par\u00f3quia, a partir do dia 05 de setembro.<\/p>\n\n\n\n<p>Agradecemos ao <strong>Pe. Stanis\u0142aw Wilczek<\/strong>, mission\u00e1rio Redentorista pela presen\u00e7a e pela ajuda missionaria na nossa Par\u00f3quia. Bem-haja. &nbsp;<\/p>\n\n\n\n<p>Pe. Crist\u00f3v\u00e3o Dworak, CSsR &#8211; P\u00e1roco&nbsp;&nbsp;&nbsp;&nbsp;&nbsp;&nbsp;&nbsp;&nbsp;&nbsp;&nbsp;&nbsp;&nbsp;&nbsp;&nbsp;&nbsp;&nbsp;&nbsp;&nbsp;&nbsp;&nbsp;&nbsp;&nbsp;&nbsp;&nbsp;&nbsp;&nbsp;&nbsp;&nbsp;&nbsp;&nbsp;&nbsp;&nbsp;&nbsp; &nbsp;&nbsp;&nbsp;<\/p>\n\n\n\n<p>Damaia, 20 de Agosto de 2023<\/p>\n","protected":false},"excerpt":{"rendered":"<p>Domingo XX do Tempo Comum \u201cMulher, \u00e9 grande a tua f\u00e9. Fa\u00e7a-se como desejas \u201d. (Mt 15,28) 2\u00aa Feira | 21\/08 \u2013 Mem\u00f3ria de S. Pio X, Papa.&nbsp;&nbsp; 3\u00aa Feira | 22\/08 \u2013 Mem\u00f3ria de Virgem Santa Maria, Rainha. &nbsp;&nbsp; 4\u00aa Feira | 23\/08 \u2013 Mem\u00f3ria de S. Rosa de Lima, Virgem. Missas com a<a class=\"more-link\" href=\"https:\/\/www.paroquia-damaia.pt\/old\/comunicacoes-paroquiais-20-08-2023\/\">Continuar lendo <span class=\"screen-reader-text\">&#8220;Comunica\u00e7\u00f5es Paroquiais &#8211; 20\/08\/2023&#8221;<\/span><\/a><\/p>\n","protected":false},"author":5,"featured_media":0,"comment_status":"closed","ping_status":"open","sticky":false,"template":"","format":"standard","meta":{"footnotes":""},"categories":[4],"tags":[],"class_list":["post-39898","post","type-post","status-publish","format-standard","hentry","category-avisos-paroquiais","entry"],"_links":{"self":[{"href":"https:\/\/www.paroquia-damaia.pt\/old\/wp-json\/wp\/v2\/posts\/39898","targetHints":{"allow":["GET"]}}],"collection":[{"href":"https:\/\/www.paroquia-damaia.pt\/old\/wp-json\/wp\/v2\/posts"}],"about":[{"href":"https:\/\/www.paroquia-damaia.pt\/old\/wp-json\/wp\/v2\/types\/post"}],"author":[{"embeddable":true,"href":"https:\/\/www.paroquia-damaia.pt\/old\/wp-json\/wp\/v2\/users\/5"}],"replies":[{"embeddable":true,"href":"https:\/\/www.paroquia-damaia.pt\/old\/wp-json\/wp\/v2\/comments?post=39898"}],"version-history":[{"count":1,"href":"https:\/\/www.paroquia-damaia.pt\/old\/wp-json\/wp\/v2\/posts\/39898\/revisions"}],"predecessor-version":[{"id":39899,"href":"https:\/\/www.paroquia-damaia.pt\/old\/wp-json\/wp\/v2\/posts\/39898\/revisions\/39899"}],"wp:attachment":[{"href":"https:\/\/www.paroquia-damaia.pt\/old\/wp-json\/wp\/v2\/media?parent=39898"}],"wp:term":[{"taxonomy":"category","embeddable":true,"href":"https:\/\/www.paroquia-damaia.pt\/old\/wp-json\/wp\/v2\/categories?post=39898"},{"taxonomy":"post_tag","embeddable":true,"href":"https:\/\/www.paroquia-damaia.pt\/old\/wp-json\/wp\/v2\/tags?post=39898"}],"curies":[{"name":"wp","href":"https:\/\/api.w.org\/{rel}","templated":true}]}}