{"id":39939,"date":"2023-09-04T16:40:11","date_gmt":"2023-09-04T15:40:11","guid":{"rendered":"https:\/\/www.paroquia-damaia.pt\/old\/?p=39939"},"modified":"2023-09-04T16:40:11","modified_gmt":"2023-09-04T15:40:11","slug":"comunicacoes-paroquiais-27-08-2023","status":"publish","type":"post","link":"https:\/\/www.paroquia-damaia.pt\/old\/comunicacoes-paroquiais-27-08-2023\/","title":{"rendered":"Comunica\u00e7\u00f5es Paroquiais &#8211; 27\/08\/2023"},"content":{"rendered":"\n<p><\/p>\n\n\n\n<p class=\"has-text-align-center\"><strong>Domingo XXI do Tempo Comum<\/strong><\/p>\n\n\n\n<p class=\"has-text-align-center\"><strong><em>\u201cTu \u00e9 Pedro, e sobre esta pedra edificarei a minha Igreja, e as portas do inferno nada poder\u00e3o contra ela\u201d. (Mt 16,19)<\/em><\/strong><\/p>\n\n\n\n<p><strong><u>2\u00aa Feira | 28\/08 <\/u><\/strong>\u2013 Mem\u00f3ria de <strong>S. Agostinho, <\/strong>Bispo e Doutor da Igreja.&nbsp;&nbsp;<\/p>\n\n\n\n<p><strong><u>3\u00aa Feira | 29\/08<\/u><\/strong><strong> <\/strong>\u2013 Mem\u00f3ria do <strong>Mart\u00edrio de S. Jo\u00e3o Batista. <\/strong>&nbsp;&nbsp;<strong><\/strong><\/p>\n\n\n\n<p><strong><u>4\u00aa Feira | 30\/08 <\/u><\/strong>\u2013 Missas com a <strong>Novena Perp\u00e9tua; <\/strong>B\u00ean\u00e7\u00e3o da \u00e1gua e da sa\u00fade.&nbsp;&nbsp;&nbsp;&nbsp;&nbsp;&nbsp;&nbsp; <strong>&nbsp;&nbsp;<\/strong>&nbsp;&nbsp;&nbsp;<\/p>\n\n\n\n<p><strong><u>5\u00aa Feira | 31\/08<\/u><\/strong><strong> <\/strong>\u2013 <strong>Adora\u00e7\u00e3o<\/strong> ao Sant\u00edssimo Sacramento, \u00e0s 18h15.&nbsp;&nbsp;&nbsp;<\/p>\n\n\n\n<p><strong><u>6\u00aa Feira | 01\/09<\/u><\/strong><strong> <\/strong>\u2013 <strong>1\u00aa Sexta Feira do m\u00eas<\/strong>. Missas com a b\u00ean\u00e7\u00e3o do Sant\u00edssimo Sacramento.<\/p>\n\n\n\n<p><strong><u>S\u00e1bado | 02\/09<\/u><\/strong><strong> <\/strong>\u2013 Peregrina\u00e7\u00e3o paroquial para F\u00e1tima. Tomada de <strong>Posse de D. Rui Val\u00e9rio<\/strong> na S\u00e9 Patriarcal (11h)<\/p>\n\n\n\n<p><strong><u>Domingo | 03\/09 <\/u><\/strong><strong>\u2013<\/strong> <strong>XXII Domingo <\/strong>do Tempo Comum.<strong> <\/strong>Entrada solene de <strong>D. Rui Val\u00e9rio<\/strong> no Mosteiro dos Jer\u00f3nimos (16h).<\/p>\n\n\n\n<p><strong>Aos aniversariantes <\/strong>desta semana<strong>, <\/strong>desejamos muitas e copiosas b\u00ean\u00e7\u00e3os do Sant\u00edssimo Redentor e a prote\u00e7\u00e3o da M\u00e3e de Deus.<\/p>\n\n\n\n<p>Reuni\u00e3o do P\u00e1roco com a <strong>Coordena\u00e7\u00e3o da Catequese<\/strong>, na pr\u00f3xima 6\u00aa Feira, \u00e0s 21h.<\/p>\n\n\n\n<p>As inscri\u00e7\u00f5es <strong>para a Catequese<\/strong> 2023\/2024, online, estar\u00e3o abertas a partir do dia <strong>05 de setembro<\/strong>. <strong>&nbsp;<\/strong><\/p>\n\n\n\n<p>Estar\u00e3o abertas tamb\u00e9m as inscri\u00e7\u00f5es para o <strong>grupo de Ac\u00f3litos<\/strong>. Pedimos aos <strong>ac\u00f3litos ativos e inativos<\/strong> <strong>a confirmarem<\/strong> a sua vontade de continuar no grupo de ac\u00f3litos. Inscri\u00e7\u00f5es na Secretaria da Par\u00f3quia, a partir do dia 05 de setembro.<\/p>\n\n\n\n<p>A partir do m\u00eas de setembro ser\u00e3oretomadas pelos ministros, padres e di\u00e1conos<strong> as visitas aos doentes<\/strong>. Por favor, trazer para a Secretaria da Par\u00f3quia os nomes e os principais dados de doentes que queiram ser visitados.<\/p>\n\n\n\n<p>Pe. Crist\u00f3v\u00e3o Dworak, CSsR &#8211; P\u00e1roco&nbsp;&nbsp;&nbsp;&nbsp;&nbsp;&nbsp;&nbsp;&nbsp;&nbsp;&nbsp;&nbsp;&nbsp;&nbsp;&nbsp;&nbsp;&nbsp;&nbsp;&nbsp;&nbsp;&nbsp;&nbsp;&nbsp;&nbsp;&nbsp;&nbsp;&nbsp;&nbsp;&nbsp;&nbsp;&nbsp;&nbsp;&nbsp;&nbsp;&nbsp;&nbsp;&nbsp;<\/p>\n\n\n\n<p>Damaia, 27 de Agosto de 2023<\/p>\n","protected":false},"excerpt":{"rendered":"<p>Domingo XXI do Tempo Comum \u201cTu \u00e9 Pedro, e sobre esta pedra edificarei a minha Igreja, e as portas do inferno nada poder\u00e3o contra ela\u201d. (Mt 16,19) 2\u00aa Feira | 28\/08 \u2013 Mem\u00f3ria de S. Agostinho, Bispo e Doutor da Igreja.&nbsp;&nbsp; 3\u00aa Feira | 29\/08 \u2013 Mem\u00f3ria do Mart\u00edrio de S. Jo\u00e3o Batista. &nbsp;&nbsp; 4\u00aa<a class=\"more-link\" href=\"https:\/\/www.paroquia-damaia.pt\/old\/comunicacoes-paroquiais-27-08-2023\/\">Continuar lendo <span class=\"screen-reader-text\">&#8220;Comunica\u00e7\u00f5es Paroquiais &#8211; 27\/08\/2023&#8221;<\/span><\/a><\/p>\n","protected":false},"author":5,"featured_media":0,"comment_status":"closed","ping_status":"open","sticky":false,"template":"","format":"standard","meta":{"footnotes":""},"categories":[4],"tags":[],"class_list":["post-39939","post","type-post","status-publish","format-standard","hentry","category-avisos-paroquiais","entry"],"_links":{"self":[{"href":"https:\/\/www.paroquia-damaia.pt\/old\/wp-json\/wp\/v2\/posts\/39939","targetHints":{"allow":["GET"]}}],"collection":[{"href":"https:\/\/www.paroquia-damaia.pt\/old\/wp-json\/wp\/v2\/posts"}],"about":[{"href":"https:\/\/www.paroquia-damaia.pt\/old\/wp-json\/wp\/v2\/types\/post"}],"author":[{"embeddable":true,"href":"https:\/\/www.paroquia-damaia.pt\/old\/wp-json\/wp\/v2\/users\/5"}],"replies":[{"embeddable":true,"href":"https:\/\/www.paroquia-damaia.pt\/old\/wp-json\/wp\/v2\/comments?post=39939"}],"version-history":[{"count":1,"href":"https:\/\/www.paroquia-damaia.pt\/old\/wp-json\/wp\/v2\/posts\/39939\/revisions"}],"predecessor-version":[{"id":39940,"href":"https:\/\/www.paroquia-damaia.pt\/old\/wp-json\/wp\/v2\/posts\/39939\/revisions\/39940"}],"wp:attachment":[{"href":"https:\/\/www.paroquia-damaia.pt\/old\/wp-json\/wp\/v2\/media?parent=39939"}],"wp:term":[{"taxonomy":"category","embeddable":true,"href":"https:\/\/www.paroquia-damaia.pt\/old\/wp-json\/wp\/v2\/categories?post=39939"},{"taxonomy":"post_tag","embeddable":true,"href":"https:\/\/www.paroquia-damaia.pt\/old\/wp-json\/wp\/v2\/tags?post=39939"}],"curies":[{"name":"wp","href":"https:\/\/api.w.org\/{rel}","templated":true}]}}