{"id":39941,"date":"2023-09-04T16:46:14","date_gmt":"2023-09-04T15:46:14","guid":{"rendered":"https:\/\/www.paroquia-damaia.pt\/old\/?p=39941"},"modified":"2023-09-04T16:46:14","modified_gmt":"2023-09-04T15:46:14","slug":"comunicacoes-paroquiais-03-09-2023","status":"publish","type":"post","link":"https:\/\/www.paroquia-damaia.pt\/old\/comunicacoes-paroquiais-03-09-2023\/","title":{"rendered":"Comunica\u00e7\u00f5es Paroquiais &#8211; 03\/09\/2023"},"content":{"rendered":"\n<p><\/p>\n\n\n\n<p class=\"has-text-align-center\"><strong>Domingo XXII do Tempo Comum<\/strong><\/p>\n\n\n\n<p class=\"has-text-align-center\"><strong><em>\u201cSe algu\u00e9m quiser seguir-Me, renuncie a si mesmo, tome a sua cruz e siga-Me\u201d. (Mt 16,24)<\/em><\/strong><\/p>\n\n\n\n<p><strong><u>Domingo | 10\/09 <\/u><\/strong><strong>\u2013<\/strong> <strong>XXII Domingo <\/strong>do Tempo Comum.<strong> <\/strong>Entrada solene de <strong>D. Rui Val\u00e9rio<\/strong> no Mosteiro dos Jer\u00f3nimos (16h).<\/p>\n\n\n\n<p><strong><u>4\u00aa Feira | 06\/09 <\/u><\/strong>\u2013 Missas com a <strong>Novena Perp\u00e9tua; <\/strong>B\u00ean\u00e7\u00e3o da \u00e1gua e da sa\u00fade.&nbsp;&nbsp;&nbsp;&nbsp;&nbsp;&nbsp;&nbsp; <strong>&nbsp;&nbsp;<\/strong>&nbsp;&nbsp;&nbsp;<\/p>\n\n\n\n<p><strong><u>5\u00aa Feira | 07\/09<\/u><\/strong><strong> <\/strong>\u2013 <strong>Adora\u00e7\u00e3o<\/strong> ao Sant\u00edssimo Sacramento, \u00e0s 18h15.&nbsp;&nbsp;&nbsp;<\/p>\n\n\n\n<p><strong><u>6\u00aa Feira | 08\/09<\/u><\/strong><strong> <\/strong>\u2013 Festa da <strong>Natividade da Virgem Santa Maria<\/strong>.<\/p>\n\n\n\n<p><strong><u>S\u00e1bado | 09\/09<\/u><\/strong><strong> <\/strong>\u2013 Mem\u00f3ria de <strong>S. Pedro Claver<\/strong>, presb\u00edtero.&nbsp;<\/p>\n\n\n\n<p><strong>Aos aniversariantes <\/strong>desta semana<strong>, <\/strong>desejamos muitas e copiosas b\u00ean\u00e7\u00e3os do Sant\u00edssimo Redentor e a prote\u00e7\u00e3o da M\u00e3e de Deus.<\/p>\n\n\n\n<p>As inscri\u00e7\u00f5es <strong>para a Catequese<\/strong> 2023\/2024, online, est\u00e3o a ser preparadas e estar\u00e3o abertas em breve. <strong>&nbsp;<\/strong><\/p>\n\n\n\n<p>Estar\u00e3o abertas tamb\u00e9m as inscri\u00e7\u00f5es para o <strong>grupo de Ac\u00f3litos<\/strong>. Pedimos aos <strong>ac\u00f3litos ativos e inativos<\/strong> <strong>a confirmarem<\/strong> a sua vontade de continuar no grupo de ac\u00f3litos. Inscri\u00e7\u00f5es na Secretaria da Par\u00f3quia, a partir do dia 05 de setembro.<\/p>\n\n\n\n<p>A partir do m\u00eas de setembro ser\u00e3oretomadas pelos ministros, padres e di\u00e1conos<strong> as visitas aos doentes<\/strong>. Torne-se um evangelizador, pergunte seu vizinho\/a que n\u00e3o pode vir \u00e0 igreja se gostava de receber a visita dos padres, do Di\u00e1cono e dos MEC. <strong>Leve e preencha a ficha<\/strong> de visita\u00e7\u00e3o e devolva-a na secretaria da Par\u00f3quia. Bem-haja. &nbsp;<\/p>\n\n\n\n<p>O nosso <strong>Bar-Sala de Conv\u00edvio<\/strong> retomou suas atividades. Na oportunidade visite a <strong>exposi\u00e7\u00e3o de fotos<\/strong> do que aconteceu, aqui na nossa Par\u00f3quia nos dias da JMJ.<\/p>\n\n\n\n<p><strong>Estudos b\u00edblicos para leitores<\/strong>, nesta pr\u00f3xima ter\u00e7a-feira, dia 05 de setembro, \u00e0s 19h.<\/p>\n\n\n\n<p>Reuni\u00e3o com a <strong>Equipa da Novena Perpetua<\/strong>, nesta 4\u00aa feira, dia 06, logo ap\u00f3s a Novena Perp\u00e9tua, \u00e0s 20h<\/p>\n\n\n\n<p>Reuni\u00e3o do P\u00e1roco com a <strong>Coordena\u00e7\u00e3o dos Escuteiros<\/strong>, esta 6\u00aa -feira, \u00e0s 21h.<\/p>\n\n\n\n<p>No pr\u00f3ximo s\u00e1bado, dia 09 de setembro teremos reuni\u00e3o da <strong>forma\u00e7\u00e3o do Grupo Mission\u00e1rio Paroquial Redentorista<\/strong>, \u00e0s 11h e a reuni\u00e3o da <strong>Equipa do Apelo<\/strong> do Redentor, \u00e0s 16h.<\/p>\n\n\n\n<p>No pr\u00f3ximo domingo, dia 10 de setembro haver\u00e1 um <strong>concerto filantr\u00f3pico cabo-verdiano<\/strong>, \u00e0s 15h. Haver\u00e1 tamb\u00e9m a reuni\u00e3o de planeamento da <strong>Equipa de Liturgia<\/strong>, \u00e0s 16h30.<\/p>\n\n\n\n<p>A partir do m\u00eas de <strong>outubro<\/strong> as <strong>missas da tarde de s\u00e1bado e de domingo<\/strong> passam a ser celebradas no novo hor\u00e1rio, isto \u00e9, \u00e0s <strong>18h30<\/strong>. &nbsp;&nbsp;<\/p>\n\n\n\n<p>&nbsp;Pe. Crist\u00f3v\u00e3o Dworak, CSsR &#8211; P\u00e1roco&nbsp;&nbsp;&nbsp;&nbsp;&nbsp;&nbsp;&nbsp;&nbsp;&nbsp;&nbsp;&nbsp;&nbsp;&nbsp;&nbsp;&nbsp;&nbsp;&nbsp;&nbsp;&nbsp;&nbsp;&nbsp;&nbsp;&nbsp;&nbsp;&nbsp;&nbsp;&nbsp;&nbsp;&nbsp;&nbsp;&nbsp;&nbsp;&nbsp;&nbsp;&nbsp;&nbsp;<\/p>\n\n\n\n<p>Damaia, 03 de Setembro de 2023<\/p>\n","protected":false},"excerpt":{"rendered":"<p>Domingo XXII do Tempo Comum \u201cSe algu\u00e9m quiser seguir-Me, renuncie a si mesmo, tome a sua cruz e siga-Me\u201d. (Mt 16,24) Domingo | 10\/09 \u2013 XXII Domingo do Tempo Comum. Entrada solene de D. Rui Val\u00e9rio no Mosteiro dos Jer\u00f3nimos (16h). 4\u00aa Feira | 06\/09 \u2013 Missas com a Novena Perp\u00e9tua; B\u00ean\u00e7\u00e3o da \u00e1gua e<a class=\"more-link\" href=\"https:\/\/www.paroquia-damaia.pt\/old\/comunicacoes-paroquiais-03-09-2023\/\">Continuar lendo <span class=\"screen-reader-text\">&#8220;Comunica\u00e7\u00f5es Paroquiais &#8211; 03\/09\/2023&#8221;<\/span><\/a><\/p>\n","protected":false},"author":5,"featured_media":0,"comment_status":"closed","ping_status":"open","sticky":false,"template":"","format":"standard","meta":{"footnotes":""},"categories":[4],"tags":[],"class_list":["post-39941","post","type-post","status-publish","format-standard","hentry","category-avisos-paroquiais","entry"],"_links":{"self":[{"href":"https:\/\/www.paroquia-damaia.pt\/old\/wp-json\/wp\/v2\/posts\/39941","targetHints":{"allow":["GET"]}}],"collection":[{"href":"https:\/\/www.paroquia-damaia.pt\/old\/wp-json\/wp\/v2\/posts"}],"about":[{"href":"https:\/\/www.paroquia-damaia.pt\/old\/wp-json\/wp\/v2\/types\/post"}],"author":[{"embeddable":true,"href":"https:\/\/www.paroquia-damaia.pt\/old\/wp-json\/wp\/v2\/users\/5"}],"replies":[{"embeddable":true,"href":"https:\/\/www.paroquia-damaia.pt\/old\/wp-json\/wp\/v2\/comments?post=39941"}],"version-history":[{"count":1,"href":"https:\/\/www.paroquia-damaia.pt\/old\/wp-json\/wp\/v2\/posts\/39941\/revisions"}],"predecessor-version":[{"id":39942,"href":"https:\/\/www.paroquia-damaia.pt\/old\/wp-json\/wp\/v2\/posts\/39941\/revisions\/39942"}],"wp:attachment":[{"href":"https:\/\/www.paroquia-damaia.pt\/old\/wp-json\/wp\/v2\/media?parent=39941"}],"wp:term":[{"taxonomy":"category","embeddable":true,"href":"https:\/\/www.paroquia-damaia.pt\/old\/wp-json\/wp\/v2\/categories?post=39941"},{"taxonomy":"post_tag","embeddable":true,"href":"https:\/\/www.paroquia-damaia.pt\/old\/wp-json\/wp\/v2\/tags?post=39941"}],"curies":[{"name":"wp","href":"https:\/\/api.w.org\/{rel}","templated":true}]}}