{"id":39964,"date":"2023-09-11T11:49:02","date_gmt":"2023-09-11T10:49:02","guid":{"rendered":"https:\/\/www.paroquia-damaia.pt\/old\/?p=39964"},"modified":"2023-09-11T11:49:02","modified_gmt":"2023-09-11T10:49:02","slug":"comunicacoes-paroquiais-10-09-2023","status":"publish","type":"post","link":"https:\/\/www.paroquia-damaia.pt\/old\/comunicacoes-paroquiais-10-09-2023\/","title":{"rendered":"Comunica\u00e7\u00f5es Paroquiais &#8211; 10\/09\/2023"},"content":{"rendered":"\n<p class=\"has-text-align-center\"><strong>Domingo XXIII do Tempo Comum<\/strong><\/p>\n\n\n\n<p class=\"has-text-align-center\"><strong><em>\u201cOnde est\u00e3o dois ou tr\u00eas reunidos em meu nome, Eu estou no meio deles\u201d. (Mt 18,20)<\/em><\/strong><\/p>\n\n\n\n<p><strong><u>3\u00aa Feira | 12\/09<\/u><\/strong><strong> &#8211; Ter\u00e7o das Apari\u00e7\u00f5es<\/strong> (21h). Vista a sua camisola da JMJ.<\/p>\n\n\n\n<p><strong><u>4\u00aa Feira | 13\/09 <\/u><\/strong>\u2013 Mem\u00f3ria de <strong>S. Jo\u00e3o Cris\u00f3stomo<\/strong>. Missas com a <strong>Novena Perp\u00e9tua; <\/strong>B\u00ean\u00e7\u00e3o da \u00e1gua e da sa\u00fade.&nbsp;&nbsp;&nbsp;&nbsp;&nbsp;&nbsp;&nbsp; <strong>&nbsp;&nbsp;<\/strong>&nbsp;&nbsp;&nbsp;<\/p>\n\n\n\n<p><strong><u>5\u00aa Feira | 14\/09<\/u><\/strong><strong> <\/strong>\u2013 Festa da <strong>Exalta\u00e7\u00e3o da Santa Cruz<\/strong>. <strong>Adora\u00e7\u00e3o<\/strong> ao Sant\u00edssimo Sacramento, \u00e0s 18h15.&nbsp;&nbsp;&nbsp;<\/p>\n\n\n\n<p><strong><u>6\u00aa Feira | 15\/09<\/u><\/strong><strong> <\/strong>\u2013 Mem\u00f3ria da <strong>Virgem Santa Maria das Dores<\/strong>.<\/p>\n\n\n\n<p><strong><u>S\u00e1bado | 16\/09<\/u><\/strong><strong> <\/strong>\u2013 Mem\u00f3ria de <strong>S. Corn\u00e9lio, <\/strong>papa e<strong> S. Cipriano, <\/strong>bispo e m\u00e1rtir.<strong> Mil Ave Marias, <\/strong>na Capela;<strong> Missa na Damaia de Baixo<\/strong>, \u00e0s 17h. &nbsp;<\/p>\n\n\n\n<p><strong>Aos aniversariantes <\/strong>desta semana<strong>, <\/strong>desejamos muitas e copiosas b\u00ean\u00e7\u00e3os do Sant\u00edssimo Redentor e a prote\u00e7\u00e3o da M\u00e3e de Deus.<\/p>\n\n\n\n<p>Est\u00e3o abertas inscri\u00e7\u00f5es para o <strong>grupo de Ac\u00f3litos<\/strong>. Inscri\u00e7\u00f5es na Secretaria da Par\u00f3quia.<\/p>\n\n\n\n<p class=\"has-text-align-left\">Gost\u00e1vamos de chegar ao maior n\u00famero poss\u00edvel de idosos e doentes que n\u00e3o podem mais frequentar a nossa Par\u00f3quia, a fim de poder visit\u00e1-los sistematicamente. Ajude-nos a chegar at\u00e9 eles: <strong>Leve e preencha a ficha<\/strong> de visita\u00e7\u00e3o e devolva-a na secretaria da Par\u00f3quia. Bem-haja.&nbsp;<\/p>\n\n\n\n<p>A partir do m\u00eas de <strong>outubro<\/strong> as <strong>missas da tarde de s\u00e1bado e de domingo<\/strong> v\u00e3o ser celebradas no novo hor\u00e1rio, isto \u00e9, \u00e0s <strong>18h30<\/strong>.&nbsp;&nbsp;<\/p>\n\n\n\n<p>Entre os dias<strong> 14 a 17 de setembro <\/strong>vai acontecer no Largo da Igreja a<strong> VIII Feira do Fumeiro<\/strong>. A Par\u00f3quia ter\u00e1 tamb\u00e9m uma barraca. Lembramos, que o <strong>Largo da Igreja<\/strong>, assim como o estacionamento na Pra\u00e7a Conde de Lou\u00e7a <strong>estar\u00e3o encerradas<\/strong>. O <strong>acesso <\/strong>para a Igreja e para as Capelas Mortu\u00e1rias ser\u00e1 feito <strong>atrav\u00e9s da Rua Mouzinho de Albuquerque<\/strong>.<\/p>\n\n\n\n<p>Entre os dias <strong>18 a 24 de setembro<\/strong> teremos a alegria de acolher entre n\u00f3s o <strong>D. Geraldo de Paula Sousa<\/strong>, nosso p\u00e1roco anterior, e atual bispo auxiliar da Arquidiocese de Niter\u00f3i, Brasil.<\/p>\n\n\n\n<p>A partir deste m\u00eas daremos continuidade \u00e0s <strong>Jornadas de Estudos B\u00edblicos<\/strong>. O primeiro estudo coordenado por <strong>D. Geraldo<\/strong> ser\u00e1 realizado no dia 22 de setembro \u00e0s 21h. Convidamos a participar.<\/p>\n\n\n\n<p><strong>Reuni\u00f5es e encontros desta semana<\/strong>: <a><strong>Concerto cabo-verdiano<\/strong>, este domingo (10\/09), \u00e0s 15h; <\/a>Reuni\u00e3o do <strong>Conselho Econ\u00f4mico Paroquial<\/strong>, esta 2\u00aa-feira, (11\/09), \u00e0s 19h; Reuni\u00e3o da <strong>Comiss\u00e3o Permanente<\/strong>, esta 4\u00aa-feira, (13\/09), \u00e0s 21h; Reuni\u00e3o da <strong>Catequese<\/strong>, na 5\u00aa-feira, (14\/09), \u00e0s 21h; Reuni\u00e3o de forma\u00e7\u00e3o do <strong>Grupo Mission\u00e1rio Paroquial Redentorista<\/strong>, no pr\u00f3ximo s\u00e1bado, (16\/09), \u00e0s 11h; Encontros <strong>Pr\u00e9-Matrimoniais \u2013 EPM<\/strong>, no pr\u00f3ximo domingo (17\/09), \u00e0s 16h. &nbsp;&nbsp;<\/p>\n\n\n\n<p>\u00a0Pe. Crist\u00f3v\u00e3o Dworak, CSsR &#8211; P\u00e1roco\u00a0\u00a0\u00a0\u00a0\u00a0\u00a0\u00a0\u00a0\u00a0\u00a0\u00a0\u00a0\u00a0\u00a0\u00a0\u00a0\u00a0\u00a0\u00a0\u00a0\u00a0\u00a0\u00a0\u00a0\u00a0\u00a0\u00a0\u00a0\u00a0\u00a0\u00a0\u00a0\u00a0\u00a0\u00a0\u00a0 <\/p>\n\n\n\n<p>Damaia, 10 de Setembro de 2023<\/p>\n","protected":false},"excerpt":{"rendered":"<p>Domingo XXIII do Tempo Comum \u201cOnde est\u00e3o dois ou tr\u00eas reunidos em meu nome, Eu estou no meio deles\u201d. (Mt 18,20) 3\u00aa Feira | 12\/09 &#8211; Ter\u00e7o das Apari\u00e7\u00f5es (21h). Vista a sua camisola da JMJ. 4\u00aa Feira | 13\/09 \u2013 Mem\u00f3ria de S. Jo\u00e3o Cris\u00f3stomo. Missas com a Novena Perp\u00e9tua; B\u00ean\u00e7\u00e3o da \u00e1gua e<a class=\"more-link\" href=\"https:\/\/www.paroquia-damaia.pt\/old\/comunicacoes-paroquiais-10-09-2023\/\">Continuar lendo <span class=\"screen-reader-text\">&#8220;Comunica\u00e7\u00f5es Paroquiais &#8211; 10\/09\/2023&#8221;<\/span><\/a><\/p>\n","protected":false},"author":5,"featured_media":0,"comment_status":"closed","ping_status":"open","sticky":false,"template":"","format":"standard","meta":{"footnotes":""},"categories":[4],"tags":[],"class_list":["post-39964","post","type-post","status-publish","format-standard","hentry","category-avisos-paroquiais","entry"],"_links":{"self":[{"href":"https:\/\/www.paroquia-damaia.pt\/old\/wp-json\/wp\/v2\/posts\/39964","targetHints":{"allow":["GET"]}}],"collection":[{"href":"https:\/\/www.paroquia-damaia.pt\/old\/wp-json\/wp\/v2\/posts"}],"about":[{"href":"https:\/\/www.paroquia-damaia.pt\/old\/wp-json\/wp\/v2\/types\/post"}],"author":[{"embeddable":true,"href":"https:\/\/www.paroquia-damaia.pt\/old\/wp-json\/wp\/v2\/users\/5"}],"replies":[{"embeddable":true,"href":"https:\/\/www.paroquia-damaia.pt\/old\/wp-json\/wp\/v2\/comments?post=39964"}],"version-history":[{"count":1,"href":"https:\/\/www.paroquia-damaia.pt\/old\/wp-json\/wp\/v2\/posts\/39964\/revisions"}],"predecessor-version":[{"id":39965,"href":"https:\/\/www.paroquia-damaia.pt\/old\/wp-json\/wp\/v2\/posts\/39964\/revisions\/39965"}],"wp:attachment":[{"href":"https:\/\/www.paroquia-damaia.pt\/old\/wp-json\/wp\/v2\/media?parent=39964"}],"wp:term":[{"taxonomy":"category","embeddable":true,"href":"https:\/\/www.paroquia-damaia.pt\/old\/wp-json\/wp\/v2\/categories?post=39964"},{"taxonomy":"post_tag","embeddable":true,"href":"https:\/\/www.paroquia-damaia.pt\/old\/wp-json\/wp\/v2\/tags?post=39964"}],"curies":[{"name":"wp","href":"https:\/\/api.w.org\/{rel}","templated":true}]}}